{"id":638894,"date":"2025-09-19T03:29:09","date_gmt":"2025-09-19T07:29:09","guid":{"rendered":"https:\/\/diariodominicano.com\/?p=638894"},"modified":"2025-09-19T03:29:57","modified_gmt":"2025-09-19T07:29:57","slug":"miembros-de-la-comision-ejecutiva-del-coi-visitan-la-villa-olimpica-y-paralimpica-de-milan-cortina-2026-en-italia","status":"publish","type":"post","link":"https:\/\/diariodominicano.com\/?p=638894","title":{"rendered":"Miembros de la Comisi\u00f3n Ejecutiva del COI visitan la Villa Ol\u00edmpica y Paral\u00edmpica de Mil\u00e1n Cortina 2026 en Italia"},"content":{"rendered":"\n<p><em>spanish.news.cn<\/em>|<em>&nbsp;2025-09-19 08:38:10<\/em>|<\/p>\n\n\n\n<p>MILAN, 18, 2025 (Xinhua) &#8212; La presidenta del COI, Kirsty Coventry (2-i), reacciona durante su visita a la Villa Ol\u00edmpica y Paral\u00edmpica de Mil\u00e1n Cortina 2026, en Mil\u00e1n, Italia, el 18 de septiembre de 2025. (Xinhua\/Li Jing)<\/p>\n\n\n\n<figure class=\"wp-block-image\"><img decoding=\"async\" src=\"https:\/\/spanish.xinhuanet.com\/20250919\/a69f7c5c8ee14dd49fa1303c98087b86\/20250919a69f7c5c8ee14dd49fa1303c98087b86_20250919ef7a5d0977374832bd6bf45fca816a9a.jpg\" alt=\"\"\/><\/figure>\n\n\n\n<p>MILAN, 18, 2025 (Xinhua) &#8212; Giovanni Malago (c), presidente del Comit\u00e9 Organizador de Mil\u00e1n Cortina 2026, visita la Villa Ol\u00edmpica y Paral\u00edmpica de Mil\u00e1n Cortina 2026, en Mil\u00e1n, Italia, el 18 de septiembre de 2025. (Xinhua\/Li Jing)<\/p>\n\n\n\n<figure class=\"wp-block-image\"><img decoding=\"async\" src=\"https:\/\/spanish.xinhuanet.com\/20250919\/a69f7c5c8ee14dd49fa1303c98087b86\/20250919a69f7c5c8ee14dd49fa1303c98087b86_20250919c1a68c6453474cabbbc087cb20108b1a.jpg\" alt=\"\"\/><\/figure>\n\n\n\n<p>MILAN, 18, 2025 (Xinhua) &#8212; La presidenta del COI, Kirsty Coventry (c), y Giovanni Malago (2-i), presidente del Comit\u00e9 Organizador de Mil\u00e1n Cortina 2026, visitan la Villa Ol\u00edmpica y Paral\u00edmpica de Mil\u00e1n Cortina 2026, en Mil\u00e1n, Italia, el 18 de septiembre de 2025. (Xinhua\/Li Jing)<\/p>\n\n\n\n<figure class=\"wp-block-image\"><img decoding=\"async\" src=\"https:\/\/spanish.xinhuanet.com\/20250919\/a69f7c5c8ee14dd49fa1303c98087b86\/20250919a69f7c5c8ee14dd49fa1303c98087b86_20250919c4b6de3dfe944eed9fc39c9fb2efa5f7.jpg\" alt=\"\"\/><\/figure>\n\n\n\n<p>MILAN, 18, 2025 (Xinhua) &#8212; Miembros de la Comisi\u00f3n Ejecutiva del COI posan para una fotograf\u00eda durante su visita a la Villa Ol\u00edmpica y Paral\u00edmpica de Mil\u00e1n Cortina 2026, en Mil\u00e1n, Italia, el 18 de septiembre de 2025. (Xinhua\/Li Jing)<\/p>\n\n\n\n<figure class=\"wp-block-image\"><img decoding=\"async\" src=\"https:\/\/spanish.xinhuanet.com\/20250919\/a69f7c5c8ee14dd49fa1303c98087b86\/20250919a69f7c5c8ee14dd49fa1303c98087b86_2025091971e2320c1fe84648bb708161e8a6b86b.jpg\" alt=\"\"\/><\/figure>\n\n\n\n<p>MILAN, 18, 2025 (Xinhua) &#8212; Imagen del 18 de septiembre de 2025 de una escena de la Villa Ol\u00edmpica y Paral\u00edmpica de Mil\u00e1n Cortina 2026, en Mil\u00e1n, Italia. (Xinhua\/Li Jing)<\/p>\n\n\n\n<p><a href=\"https:\/\/www.facebook.com\/sharer\/sharer.php?u=https:\/\/spanish.xinhuanet.com\/20250919\/a69f7c5c8ee14dd49fa1303c98087b86\/c.html\" target=\"_blank\" rel=\"noreferrer noopener\"><\/a>&nbsp;<a href=\"https:\/\/twitter.com\/intent\/tweet?text=Miembros%20de%20la%20Comisi%C3%B3n%20Ejecutiva%20del%20COI%20visitan%20la%20Villa%20Ol%C3%ADmpica%20y%20Paral%C3%ADmpica%20de%20Mil%C3%A1n%20Cortina%202026%20en%20Italia&amp;url=https:\/\/spanish.xinhuanet.com\/20250919\/a69f7c5c8ee14dd49fa1303c98087b86\/c.html\" target=\"_blank\" rel=\"noreferrer noopener\"><\/a>&nbsp;<a target=\"_blank\" href=\"https:\/\/service.weibo.com\/share\/share.php?title=Miembros%20de%20la%20Comisi%C3%B3n%20Ejecutiva%20del%20COI%20visitan%20la%20Villa%20Ol%C3%ADmpica%20y%20Paral%C3%ADmpica%20de%20Mil%C3%A1n%20Cortina%202026%20en%20Italia&amp;url=https:\/\/spanish.xinhuanet.com\/20250919\/a69f7c5c8ee14dd49fa1303c98087b86\/c.html\" rel=\"noreferrer noopener\"><\/a>&nbsp;<a><\/a><\/p>\n\n\n\n<figure class=\"wp-block-table\"><table><tbody><tr><td><\/td><\/tr><\/tbody><\/table><\/figure>\n\n\n\n<figure class=\"wp-block-table\"><table><tbody><tr><td><\/td><\/tr><\/tbody><\/table><\/figure>\n","protected":false},"excerpt":{"rendered":"<p>spanish.news.cn|&nbsp;2025-09-19 08:38:10| MILAN, 18, 2025 (Xinhua) &#8212; La presidenta del COI, Kirsty Coventry (2-i), reacciona durante su visita a la Villa Ol\u00edmpica y Paral\u00edmpica de Mil\u00e1n Cortina 2026, en Mil\u00e1n, Italia, el 18 de septiembre de 2025. (Xinhua\/Li Jing) MILAN, 18, 2025 (Xinhua) &#8212; Giovanni Malago (c), presidente del Comit\u00e9 Organizador de Mil\u00e1n Cortina 2026, [&hellip;]<\/p>\n","protected":false},"author":2,"featured_media":638895,"comment_status":"closed","ping_status":"closed","sticky":false,"template":"","format":"standard","meta":{"footnotes":""},"categories":[17],"tags":[],"class_list":["post-638894","post","type-post","status-publish","format-standard","has-post-thumbnail","hentry","category-deportes"],"_links":{"self":[{"href":"https:\/\/diariodominicano.com\/index.php?rest_route=\/wp\/v2\/posts\/638894","targetHints":{"allow":["GET"]}}],"collection":[{"href":"https:\/\/diariodominicano.com\/index.php?rest_route=\/wp\/v2\/posts"}],"about":[{"href":"https:\/\/diariodominicano.com\/index.php?rest_route=\/wp\/v2\/types\/post"}],"author":[{"embeddable":true,"href":"https:\/\/diariodominicano.com\/index.php?rest_route=\/wp\/v2\/users\/2"}],"replies":[{"embeddable":true,"href":"https:\/\/diariodominicano.com\/index.php?rest_route=%2Fwp%2Fv2%2Fcomments&post=638894"}],"version-history":[{"count":2,"href":"https:\/\/diariodominicano.com\/index.php?rest_route=\/wp\/v2\/posts\/638894\/revisions"}],"predecessor-version":[{"id":638897,"href":"https:\/\/diariodominicano.com\/index.php?rest_route=\/wp\/v2\/posts\/638894\/revisions\/638897"}],"wp:featuredmedia":[{"embeddable":true,"href":"https:\/\/diariodominicano.com\/index.php?rest_route=\/wp\/v2\/media\/638895"}],"wp:attachment":[{"href":"https:\/\/diariodominicano.com\/index.php?rest_route=%2Fwp%2Fv2%2Fmedia&parent=638894"}],"wp:term":[{"taxonomy":"category","embeddable":true,"href":"https:\/\/diariodominicano.com\/index.php?rest_route=%2Fwp%2Fv2%2Fcategories&post=638894"},{"taxonomy":"post_tag","embeddable":true,"href":"https:\/\/diariodominicano.com\/index.php?rest_route=%2Fwp%2Fv2%2Ftags&post=638894"}],"curies":[{"name":"wp","href":"https:\/\/api.w.org\/{rel}","templated":true}]}}