{"id":638741,"date":"2025-09-18T13:01:40","date_gmt":"2025-09-18T17:01:40","guid":{"rendered":"https:\/\/diariodominicano.com\/?p=638741"},"modified":"2025-09-18T13:02:22","modified_gmt":"2025-09-18T17:02:22","slug":"senen-caba-denuncia-deterioro-de-hospitales-y-privatizacion-del-sistema-de-salud","status":"publish","type":"post","link":"https:\/\/diariodominicano.com\/?p=638741","title":{"rendered":"Sen\u00e9n Caba denuncia deterioro de hospitales y privatizaci\u00f3n del sistema de salud"},"content":{"rendered":"\n<p>Sen\u00e9n Caba<\/p>\n\n\n\n<p>El expresidente del Colegio M\u00e9dico Dominicano (CMD),&nbsp;<strong>doctor Sen\u00e9n Caba<\/strong>, advirti\u00f3 sobre el creciente deterioro de los hospitales p\u00fablicos y acus\u00f3 al Gobierno de impulsar un proceso de privatizaci\u00f3n de los servicios de salud, en detrimento de la poblaci\u00f3n m\u00e1s vulnerable.<\/p>\n\n\n\n<p>Caba asegur\u00f3 que el&nbsp;<strong>Seguro Nacional de Salud (Senasa)<\/strong>&nbsp;ha perdido su objetivo original de garantizar cobertura p\u00fablica, debido a lo que calific\u00f3 como \u201cuna componenda\u201d que favorece la compra de servicios privados y limita los pagos a los hospitales estatales.<\/p>\n\n\n\n<p>\u201cLo poco que hacen los hospitales se lo glosan. Cualquier error m\u00ednimo en los r\u00e9cords m\u00e9dicos es utilizado como excusa para objetarles las facturas y no pagarles. Eso ha llevado a que la facturaci\u00f3n de algunos centros, que rondaba los 30 millones de pesos, hoy no llegue ni a una tercera parte\u201d, denunci\u00f3 al ser entrevistado por los periodistas Edith Febles y Germ\u00e1n Martes, para el programa televisivo El D\u00eda.<\/p>\n\n\n\n<h4 class=\"wp-block-heading\"><strong>Deterioro hospitalario<\/strong><\/h4>\n\n\n\n<p>El exdirigente gremial sostuvo que los hospitales p\u00fablicos enfrentan una crisis sin precedentes. Como ejemplo cit\u00f3 el&nbsp;<strong>Hospital Moscoso Puello<\/strong>, donde labora desde hace m\u00e1s de tres d\u00e9cadas, se\u00f1alando que el ascensor para trasladar pacientes lleva m\u00e1s de un a\u00f1o da\u00f1ado.<\/p>\n\n\n\n<p>Asimismo, afirm\u00f3 que los&nbsp;<strong>servicios de laboratorio e im\u00e1genes<\/strong>&nbsp;est\u00e1n cada vez m\u00e1s limitados y que en muchos casos los estudios resultan \u201ccar\u00edsimos\u201d para los pacientes.<\/p>\n\n\n\n<p>\u201cHe recorrido este a\u00f1o hospitales de Montecristi, Santiago Rodr\u00edguez, Mao, Esperanza, Puerto Plata, entre otros, y en todos se observa el mismo panorama: deterioro total y falta de especialistas\u201d, subray\u00f3.<\/p>\n\n\n\n<h4 class=\"wp-block-heading\"><strong>Privatizaci\u00f3n de la salud<\/strong><\/h4>\n\n\n\n<p>Caba calific\u00f3 las pol\u00edticas gubernamentales de \u201cneoliberales\u201d y sostuvo que desde hace varios a\u00f1os la salud se maneja como un negocio y no como un derecho.<\/p>\n\n\n\n<p>\u201cEl gobierno actual es m\u00e1s privatizador que nunca. Los gobiernos ven la salud como un gasto, no como una inversi\u00f3n. No le importa la salud ni a Danilo, ni a este, ni a ninguno\u201d, expres\u00f3.<\/p>\n\n\n\n<p>Record\u00f3 que, a su juicio, el \u00fanico mandatario que mostr\u00f3 inter\u00e9s por ampliar el acceso a la salud fue&nbsp;<strong>Antonio Guzm\u00e1n<\/strong>, al crear cl\u00ednicas rurales en las d\u00e9cadas pasadas.<\/p>\n\n\n\n<h4 class=\"wp-block-heading\"><strong>Un llamado de atenci\u00f3n<\/strong><\/h4>\n\n\n\n<p>El galeno asegur\u00f3 que el deterioro del sistema p\u00fablico empuja a los pacientes hacia el sector privado, donde los costos son m\u00e1s elevados, profundizando as\u00ed la brecha de acceso a los servicios m\u00e9dicos.<\/p>\n\n\n\n<p>\u201cEl pueblo dominicano est\u00e1 pagando el precio de una pol\u00edtica que convierte la salud en un bot\u00edn de negocios\u201d, concluy\u00f3 Caba.<\/p>\n\n\n\n<p>Rc Noticias <\/p>\n\n\n\n<p><a href=\"https:\/\/robertocavada.com\/2025\/09\/18\/\"><time datetime=\"2025-09-18T11:18:54-04:00\">septiembre 18, 2025 a las 11:18 a<\/time><\/a><\/p>\n","protected":false},"excerpt":{"rendered":"<p>Sen\u00e9n Caba El expresidente del Colegio M\u00e9dico Dominicano (CMD),&nbsp;doctor Sen\u00e9n Caba, advirti\u00f3 sobre el creciente deterioro de los hospitales p\u00fablicos y acus\u00f3 al Gobierno de impulsar un proceso de privatizaci\u00f3n de los servicios de salud, en detrimento de la poblaci\u00f3n m\u00e1s vulnerable. Caba asegur\u00f3 que el&nbsp;Seguro Nacional de Salud (Senasa)&nbsp;ha perdido su objetivo original de [&hellip;]<\/p>\n","protected":false},"author":2,"featured_media":638742,"comment_status":"closed","ping_status":"closed","sticky":false,"template":"","format":"standard","meta":{"footnotes":""},"categories":[20],"tags":[],"class_list":["post-638741","post","type-post","status-publish","format-standard","has-post-thumbnail","hentry","category-dominicana-hoy"],"_links":{"self":[{"href":"https:\/\/diariodominicano.com\/index.php?rest_route=\/wp\/v2\/posts\/638741","targetHints":{"allow":["GET"]}}],"collection":[{"href":"https:\/\/diariodominicano.com\/index.php?rest_route=\/wp\/v2\/posts"}],"about":[{"href":"https:\/\/diariodominicano.com\/index.php?rest_route=\/wp\/v2\/types\/post"}],"author":[{"embeddable":true,"href":"https:\/\/diariodominicano.com\/index.php?rest_route=\/wp\/v2\/users\/2"}],"replies":[{"embeddable":true,"href":"https:\/\/diariodominicano.com\/index.php?rest_route=%2Fwp%2Fv2%2Fcomments&post=638741"}],"version-history":[{"count":2,"href":"https:\/\/diariodominicano.com\/index.php?rest_route=\/wp\/v2\/posts\/638741\/revisions"}],"predecessor-version":[{"id":638744,"href":"https:\/\/diariodominicano.com\/index.php?rest_route=\/wp\/v2\/posts\/638741\/revisions\/638744"}],"wp:featuredmedia":[{"embeddable":true,"href":"https:\/\/diariodominicano.com\/index.php?rest_route=\/wp\/v2\/media\/638742"}],"wp:attachment":[{"href":"https:\/\/diariodominicano.com\/index.php?rest_route=%2Fwp%2Fv2%2Fmedia&parent=638741"}],"wp:term":[{"taxonomy":"category","embeddable":true,"href":"https:\/\/diariodominicano.com\/index.php?rest_route=%2Fwp%2Fv2%2Fcategories&post=638741"},{"taxonomy":"post_tag","embeddable":true,"href":"https:\/\/diariodominicano.com\/index.php?rest_route=%2Fwp%2Fv2%2Ftags&post=638741"}],"curies":[{"name":"wp","href":"https:\/\/api.w.org\/{rel}","templated":true}]}}