{"id":638722,"date":"2025-09-18T03:57:50","date_gmt":"2025-09-18T07:57:50","guid":{"rendered":"https:\/\/diariodominicano.com\/?p=638722"},"modified":"2025-09-18T03:58:00","modified_gmt":"2025-09-18T07:58:00","slug":"empresarios-y-sectores-productivos-confiados-y-optimistas-con-el-crecimiento-de-la-republica-dominicana","status":"publish","type":"post","link":"https:\/\/diariodominicano.com\/?p=638722","title":{"rendered":"Empresarios y sectores productivos  confiados y optimistas con el crecimiento de la Rep\u00fablica Dominicana"},"content":{"rendered":"\n<h3 class=\"wp-block-heading\">El Presidente Luis Abinader pasa balance con sectores productivos sobre la econom\u00eda y el desarrollo de RD.<\/h3>\n\n\n\n<p>17 de Septiembre 2025 | 20:2<\/p>\n\n\n\n<p>Santo Domingo, RD.-\u00a0<strong>El presidente Luis Abinader<\/strong>\u00a0encabez\u00f3 el   mi\u00e9rcoles una\u00a0<strong>reuni\u00f3n<\/strong>\u00a0en el Palacio Nacional con\u00a0<strong>empresarios y sectores productivos<\/strong>\u00a0de la naci\u00f3n, quienes afirmaron estar\u00a0<strong>confiados y optimistas<\/strong>\u00a0con el crecimiento de Rep\u00fablica Dominicana\u00a0<\/p>\n\n\n\n<p>La reuni\u00f3n tuvo lugar en el Sal\u00f3n Verde durante un encuentro con las&nbsp;<strong>Mesas de Precio y de Abastecimiento,<\/strong>&nbsp;en donde el mandatario convers\u00f3 con los diferentes sectores y con el encadenamiento del sector productivo a nivel nacional. Aqu\u00ed estaban presentes&nbsp;<strong>importadores, almacenistas, comerciantes e industriales<\/strong>&nbsp;de la Rep\u00fablica Dominicana.<\/p>\n\n\n\n<p><strong>Ministro Ito Bison\u00f3<\/strong><\/p>\n\n\n\n<p>El ministro de Industria, Comercio y Mipymes,&nbsp;<strong>V\u00edctor \u201cIto\u201d Bison\u00f3<\/strong>, asegur\u00f3 que el sector productivo nacional mantiene plena&nbsp;<strong>confianza en las autoridades y en el rumbo econ\u00f3mico del pa\u00eds<\/strong>, luego de un encuentro encabezado por el presidente Luis Abinader.<\/p>\n\n\n\n<p><em>\u201cEstamos revisando de manera conjunta c\u00f3mo inciden las variaciones internacionales en nuestra econom\u00eda, desde los insumos que importamos para la industria hasta las discusiones sobre aranceles con Estados Unidos. Las noticias que compartimos hoy han sido positivas\u201d,<\/em>&nbsp;expres\u00f3 el ministro.<\/p>\n\n\n\n<p>De acuerdo con Bison\u00f3, los participantes resaltaron tanto la&nbsp;<strong>apertura al di\u00e1logo<\/strong>&nbsp;como los&nbsp;<strong>resultados alcanzados<\/strong>&nbsp;en los \u00faltimos a\u00f1os, citando los&nbsp;<strong>indicadores divulgados por el Banco Central&nbsp;<\/strong>y la m\u00e1s reciente&nbsp;<strong>evaluaci\u00f3n del Fondo Monetario Internacional<\/strong>, que posiciona a la Rep\u00fablica Dominicana como referencia en estabilidad econ\u00f3mica y social en la regi\u00f3n.<\/p>\n\n\n\n<p>El ministro destac\u00f3 adem\u00e1s que sectores como el Consejo Nacional de la Empresa Privada&nbsp;<strong>(Conep)<\/strong>&nbsp;y la&nbsp;<strong>agroindustria<\/strong>subrayaron el&nbsp;<strong>dinamismo<\/strong>&nbsp;del pa\u00eds en materia de&nbsp;<strong>diversificaci\u00f3n productiva y exportaciones.<\/strong><\/p>\n\n\n\n<p><em>\u201cNo negamos que siempre hay puntos de mejora: ajustes para competir mejor, elevar la calidad y fortalecer la producci\u00f3n. Pero lo importante es que todos coincidimos en el crecimiento y en la confianza en el futuro de la econom\u00eda dominicana\u201d<\/em>, concluy\u00f3 Bison\u00f3.<\/p>\n\n\n\n<p><strong>Celso Juan Marranzini resalta confianza del sector productivo<\/strong><\/p>\n\n\n\n<figure class=\"wp-block-image\"><img decoding=\"async\" src=\"https:\/\/presidencia.gob.do\/sites\/default\/files\/inline-images\/WhatsApp%20Image%202025-09-17%20at%2020.14.52.jpeg\" alt=\"\"\/><\/figure>\n\n\n\n<p>De su lado, el presidente del Consejo Nacional de la Empresa Privada (Conep), Celso Juan Marranzini, valor\u00f3 como&nbsp;<strong>positivas las conclusiones&nbsp;<\/strong>de la reuni\u00f3n sostenida este martes entre el<strong>&nbsp;presidente Luis Abinader<\/strong>&nbsp;y representantes de los principales sectores productivos del pa\u00eds en el marco de las mesas de precios y abastecimiento.&nbsp;<\/p>\n\n\n\n<p>En el encuentro participaron importadores, almacenistas, comerciantes e industriales, con el objetivo de revisar el&nbsp;<strong>impacto de la econom\u00eda global y su incidencia en el comercio interno.<\/strong><\/p>\n\n\n\n<p>Marranzini explic\u00f3 que se analizaron los efectos de las&nbsp;<strong>variaciones internacionales<\/strong>, las discusiones de&nbsp;<strong>aranceles<\/strong>&nbsp;con Estados Unidos y la evoluci\u00f3n de la&nbsp;<strong>industria local<\/strong>. Destac\u00f3 que el \u00cdndice Mensual de Actividad Econ\u00f3mica&nbsp;<strong>(IMAE)<\/strong>&nbsp;ha registrado&nbsp;<strong>dos meses consecutivos en alza<\/strong>, lo que refleja un repunte en la econom\u00eda nacional.&nbsp;<\/p>\n\n\n\n<p>Asimismo, resalt\u00f3 el&nbsp;<strong>dinamismo de las exportaciones<\/strong>&nbsp;y el efecto positivo que podr\u00eda tener en el mediano plazo la reciente reducci\u00f3n de 0.25 puntos en la tasa de inter\u00e9s de la Reserva Federal de Estados Unidos.<\/p>\n\n\n\n<p>El empresario se\u00f1al\u00f3 que de cara a fin de a\u00f1o se prev\u00e9 un panorama favorable para el&nbsp;<strong>abastecimiento, el crecimiento econ\u00f3mico y el empleo<\/strong>. Subray\u00f3 que, seg\u00fan los datos del Banco Central, la&nbsp;<strong>informalidad<\/strong>&nbsp;se ha ido reduciendo y los&nbsp;<strong>niveles de ocupaci\u00f3n<\/strong>&nbsp;han aumentado, lo que constituye \u201cmuy buenas noticias\u201d para la Rep\u00fablica Dominicana.<\/p>\n\n\n\n<figure class=\"wp-block-image\"><img decoding=\"async\" src=\"https:\/\/presidencia.gob.do\/sites\/default\/files\/inline-images\/WhatsApp%20Image%202025-09-17%20at%2020.14.53%20%282%29.jpeg\" alt=\"\"\/><\/figure>\n\n\n\n<p>Finalmente, Marranzini destac\u00f3 que todos los sectores presentes coincidieron en su confianza hacia las autoridades y en la estabilidad econ\u00f3mica y social del pa\u00eds, avalada por los informes del Banco Central y del Fondo Monetario Internacional. Reconoci\u00f3 que a\u00fan existen ajustes pendientes para mejorar la competitividad, la calidad y la producci\u00f3n, pero afirm\u00f3 que<strong>&nbsp;la articulaci\u00f3n p\u00fablico-privada seguir\u00e1 fortaleciendo el desarrollo de la econom\u00eda nacional.<\/strong><\/p>\n\n\n\n<p>Acompa\u00f1aron al jefe de Estado el ministro de Agricultura,&nbsp;<strong>Limber Cruz<\/strong>; el administrador del Banco Agricola,&nbsp;<strong>Fernando Dur\u00e1n<\/strong>; el director de Aduanas,&nbsp;<strong>Eduardo Sanz Lovat\u00f3n<\/strong>; de Proconsumidor,&nbsp;<strong>Eddy Alc\u00e1ntara,<\/strong>&nbsp;y del Inespre,&nbsp;<strong>David Herrera D\u00edaz<\/strong>.<\/p>\n\n\n\n<p>Asimismo, los empresarios,\u00a0<strong>C\u00e9sar Dargam, Pedro Brache, Mario Pujols, Manuel Corripio, Enrique Bordas, Luis \u00c1lvarez, Jos\u00e9 Antonio \u00c1lvarez, Circe Alm\u00e1nzar, Cristian Reynoso y Alberto Nogueira<\/strong>, entre otros.\u00a0\u00a0<\/p>\n\n\n\n<p>Con informaci\u00f3n de la Presidencia de la Rep\u00fablica Dominicana.<\/p>\n","protected":false},"excerpt":{"rendered":"<p>El Presidente Luis Abinader pasa balance con sectores productivos sobre la econom\u00eda y el desarrollo de RD. 17 de Septiembre 2025 | 20:2 Santo Domingo, RD.-\u00a0El presidente Luis Abinader\u00a0encabez\u00f3 el mi\u00e9rcoles una\u00a0reuni\u00f3n\u00a0en el Palacio Nacional con\u00a0empresarios y sectores productivos\u00a0de la naci\u00f3n, quienes afirmaron estar\u00a0confiados y optimistas\u00a0con el crecimiento de Rep\u00fablica Dominicana\u00a0 La reuni\u00f3n tuvo lugar [&hellip;]<\/p>\n","protected":false},"author":2,"featured_media":638723,"comment_status":"closed","ping_status":"closed","sticky":false,"template":"","format":"standard","meta":{"footnotes":""},"categories":[20,18,27],"tags":[],"class_list":["post-638722","post","type-post","status-publish","format-standard","has-post-thumbnail","hentry","category-dominicana-hoy","category-economia","category-portada"],"_links":{"self":[{"href":"https:\/\/diariodominicano.com\/index.php?rest_route=\/wp\/v2\/posts\/638722","targetHints":{"allow":["GET"]}}],"collection":[{"href":"https:\/\/diariodominicano.com\/index.php?rest_route=\/wp\/v2\/posts"}],"about":[{"href":"https:\/\/diariodominicano.com\/index.php?rest_route=\/wp\/v2\/types\/post"}],"author":[{"embeddable":true,"href":"https:\/\/diariodominicano.com\/index.php?rest_route=\/wp\/v2\/users\/2"}],"replies":[{"embeddable":true,"href":"https:\/\/diariodominicano.com\/index.php?rest_route=%2Fwp%2Fv2%2Fcomments&post=638722"}],"version-history":[{"count":1,"href":"https:\/\/diariodominicano.com\/index.php?rest_route=\/wp\/v2\/posts\/638722\/revisions"}],"predecessor-version":[{"id":638724,"href":"https:\/\/diariodominicano.com\/index.php?rest_route=\/wp\/v2\/posts\/638722\/revisions\/638724"}],"wp:featuredmedia":[{"embeddable":true,"href":"https:\/\/diariodominicano.com\/index.php?rest_route=\/wp\/v2\/media\/638723"}],"wp:attachment":[{"href":"https:\/\/diariodominicano.com\/index.php?rest_route=%2Fwp%2Fv2%2Fmedia&parent=638722"}],"wp:term":[{"taxonomy":"category","embeddable":true,"href":"https:\/\/diariodominicano.com\/index.php?rest_route=%2Fwp%2Fv2%2Fcategories&post=638722"},{"taxonomy":"post_tag","embeddable":true,"href":"https:\/\/diariodominicano.com\/index.php?rest_route=%2Fwp%2Fv2%2Ftags&post=638722"}],"curies":[{"name":"wp","href":"https:\/\/api.w.org\/{rel}","templated":true}]}}