{"id":638583,"date":"2025-09-17T11:31:43","date_gmt":"2025-09-17T15:31:43","guid":{"rendered":"https:\/\/diariodominicano.com\/?p=638583"},"modified":"2025-09-17T11:33:08","modified_gmt":"2025-09-17T15:33:08","slug":"gobernadora-recibe-a-diputado-prd-y-comunitarios-sdn-para-abordar-inseguridad-vial-en-avenida-parque-mirador-norte","status":"publish","type":"post","link":"https:\/\/diariodominicano.com\/?p=638583","title":{"rendered":"Gobernadora recibe a diputado PRD y comunitarios SDN para abordar inseguridad vial en avenida Parque Mirador Norte"},"content":{"rendered":"\n<p>Santo Domingo, RD.- El diputado nacional Ram\u00f3n Raposo y 7  presidentes de juntas de vecinos del sector de Guaricano del municipio Santo Domingo Norte, sostuvieron una reuni\u00f3n con la gobernadora de la provincia Santo Domingo Lucrecia Santana Leyba, con el objetivo de abordar el tema de la inseguridad vial y la alta tasa de accidentes de tr\u00e1nsito que ocurren en la avenida Ecol\u00f3gica Profesor Juan Bosch del Parque Mirador Norte.<\/p>\n\n\n\n<figure class=\"wp-block-image size-large\"><img loading=\"lazy\" decoding=\"async\" width=\"1024\" height=\"740\" src=\"https:\/\/diariodominicano.com\/wp-content\/uploads\/2025\/09\/1000618950-1024x740.jpg\" alt=\"\" class=\"wp-image-638586\" srcset=\"https:\/\/diariodominicano.com\/wp-content\/uploads\/2025\/09\/1000618950-1024x740.jpg 1024w, https:\/\/diariodominicano.com\/wp-content\/uploads\/2025\/09\/1000618950-300x217.jpg 300w, https:\/\/diariodominicano.com\/wp-content\/uploads\/2025\/09\/1000618950-768x555.jpg 768w, https:\/\/diariodominicano.com\/wp-content\/uploads\/2025\/09\/1000618950-816x590.jpg 816w, https:\/\/diariodominicano.com\/wp-content\/uploads\/2025\/09\/1000618950.jpg 1475w\" sizes=\"auto, (max-width: 1024px) 100vw, 1024px\" \/><\/figure>\n\n\n\n<p>En el encuentro, los presidentes de juntas de vecinos de las distintas comunidades que bordean la avenida del Parque Mirador Norte, mostraron su preocupaci\u00f3n ante la alta incidencia de accidentes de tr\u00e1nsito ocurrido en esta v\u00eda debido a la falta de se\u00f1alizaci\u00f3n e iluminaci\u00f3n.&nbsp;<\/p>\n\n\n\n<p>Durante la reuni\u00f3n participaron los presidentes de juntas de vecinos Gregoria Tarmares, Isabelito Reyes, Daniela Ferreira, Alberto de Jes\u00fas, Santos Mej\u00eda, Carla Campusano.<\/p>\n\n\n\n<p>La gobernadora Lucrecia Santana Leyba se comprometi\u00f3 a aunar esfuerzos junto al diputado Ram\u00f3n Raposo y los comunitarios para a trav\u00e9s de las autoridades competentes buscar soluciones viables y efectivas para la semaforizaci\u00f3n de la avenida.&nbsp;<\/p>\n\n\n\n<p>El encuentro se produjo luego de que el legislador deposit\u00f3 un proyecto de resoluci\u00f3n en la C\u00e1mara de Diputados que busca enfrentar la inseguridad vial y reducir la alta incidencia de accidentes de tr\u00e1nsito en la avenida Ecol\u00f3gica Profesor Juan Bosch, ubicada en el Parque Mirador Norte del municipio Santo Domingo Norte.<\/p>\n\n\n\n<p>\u00a0 Geury Fa\u00f1a<\/p>\n","protected":false},"excerpt":{"rendered":"<p>Santo Domingo, RD.- El diputado nacional Ram\u00f3n Raposo y 7 presidentes de juntas de vecinos del sector de Guaricano del municipio Santo Domingo Norte, sostuvieron una reuni\u00f3n con la gobernadora de la provincia Santo Domingo Lucrecia Santana Leyba, con el objetivo de abordar el tema de la inseguridad vial y la alta tasa de accidentes [&hellip;]<\/p>\n","protected":false},"author":2,"featured_media":638584,"comment_status":"closed","ping_status":"closed","sticky":false,"template":"","format":"standard","meta":{"footnotes":""},"categories":[20],"tags":[],"class_list":["post-638583","post","type-post","status-publish","format-standard","has-post-thumbnail","hentry","category-dominicana-hoy"],"_links":{"self":[{"href":"https:\/\/diariodominicano.com\/index.php?rest_route=\/wp\/v2\/posts\/638583","targetHints":{"allow":["GET"]}}],"collection":[{"href":"https:\/\/diariodominicano.com\/index.php?rest_route=\/wp\/v2\/posts"}],"about":[{"href":"https:\/\/diariodominicano.com\/index.php?rest_route=\/wp\/v2\/types\/post"}],"author":[{"embeddable":true,"href":"https:\/\/diariodominicano.com\/index.php?rest_route=\/wp\/v2\/users\/2"}],"replies":[{"embeddable":true,"href":"https:\/\/diariodominicano.com\/index.php?rest_route=%2Fwp%2Fv2%2Fcomments&post=638583"}],"version-history":[{"count":2,"href":"https:\/\/diariodominicano.com\/index.php?rest_route=\/wp\/v2\/posts\/638583\/revisions"}],"predecessor-version":[{"id":638588,"href":"https:\/\/diariodominicano.com\/index.php?rest_route=\/wp\/v2\/posts\/638583\/revisions\/638588"}],"wp:featuredmedia":[{"embeddable":true,"href":"https:\/\/diariodominicano.com\/index.php?rest_route=\/wp\/v2\/media\/638584"}],"wp:attachment":[{"href":"https:\/\/diariodominicano.com\/index.php?rest_route=%2Fwp%2Fv2%2Fmedia&parent=638583"}],"wp:term":[{"taxonomy":"category","embeddable":true,"href":"https:\/\/diariodominicano.com\/index.php?rest_route=%2Fwp%2Fv2%2Fcategories&post=638583"},{"taxonomy":"post_tag","embeddable":true,"href":"https:\/\/diariodominicano.com\/index.php?rest_route=%2Fwp%2Fv2%2Ftags&post=638583"}],"curies":[{"name":"wp","href":"https:\/\/api.w.org\/{rel}","templated":true}]}}