{"id":638572,"date":"2025-09-17T11:06:08","date_gmt":"2025-09-17T15:06:08","guid":{"rendered":"https:\/\/diariodominicano.com\/?p=638572"},"modified":"2025-09-17T11:06:10","modified_gmt":"2025-09-17T15:06:10","slug":"campeonato-mundial-de-atletismo-de-2025-en-tokio","status":"publish","type":"post","link":"https:\/\/diariodominicano.com\/?p=638572","title":{"rendered":"Campeonato Mundial de Atletismo de 2025 en Tokio"},"content":{"rendered":"\n<p><em>spanish.news.cn<\/em>|<em>&nbsp;2025-09-17 13:18:38<\/em>|<\/p>\n\n\n\n<p>&nbsp;TOKIO, 16 septiembre, 2025 (Xinhua) &#8212; Imagen del 15 de septiembre de 2025 de Alison Dos Santos (3-i), de Brasil, compitiendo durante las eliminatorias de 400m con vallas masculinos, en el Campeonato Mundial de Atletismo de 2025 en Tokio, Jap\u00f3n. (Xinhua\/Jia Haocheng)&nbsp;<\/p>\n\n\n\n<figure class=\"wp-block-image\"><img decoding=\"async\" src=\"https:\/\/spanish.xinhuanet.com\/20250917\/0537e52fa76d4bdd85d3ed4a59d3707e\/202509170537e52fa76d4bdd85d3ed4a59d3707e_202509173284569e8ab9488b98e77ac46ca584f3.jpg\" alt=\"\"\/><\/figure>\n\n\n\n<p>TOKIO, 16 septiembre, 2025 (Xinhua) &#8212; Eduardo Ribeiro, de Brasil, compite durante las eliminatorias de 800m masculinos, en el Campeonato Mundial de Atletismo de 2025 en Tokio, Jap\u00f3n, el 16 de septiembre de 2025. (Xinhua\/Jia Haocheng)&nbsp;<\/p>\n\n\n\n<figure class=\"wp-block-image\"><img decoding=\"async\" src=\"https:\/\/spanish.xinhuanet.com\/20250917\/0537e52fa76d4bdd85d3ed4a59d3707e\/202509170537e52fa76d4bdd85d3ed4a59d3707e_20250917e98d8b6bce794682b32780e0fe6c3c8c.jpg\" alt=\"\"\/><\/figure>\n\n\n\n<p>&nbsp;TOKIO, 16 septiembre, 2025 (Xinhua) &#8212; Cordell Tinch (i), de Estados Unidos, Orlando Bennett (c), de Jamaica, y Tyler Mason, de Jamaica, reaccionan al t\u00e9rmino de la final de 110m vallas masculinos, en el Campeonato Mundial de Atletismo 2025, en Tokio, Jap\u00f3n, el 15 de septiembre de 2025. (Xinhua\/Li Gang)<\/p>\n\n\n\n<figure class=\"wp-block-image\"><img decoding=\"async\" src=\"https:\/\/spanish.xinhuanet.com\/20250917\/0537e52fa76d4bdd85d3ed4a59d3707e\/202509170537e52fa76d4bdd85d3ed4a59d3707e_202509171d162fb9787f42738513254a1f6655f8.jpg\" alt=\"\"\/><\/figure>\n\n\n\n<p>TOKIO, 16 septiembre, 2025 (Xinhua) &#8212; Shanieka Ricketts, de Jamaica, compite durante la clasificaci\u00f3n de triple salto femenino en el Campeonato Mundial de Atletismo de 2025, en Tokio, Jap\u00f3n, el 16 de septiembre de 2025. (Xinhua\/Song Yanhua)<\/p>\n\n\n\n<figure class=\"wp-block-image\"><img decoding=\"async\" src=\"https:\/\/spanish.xinhuanet.com\/20250917\/0537e52fa76d4bdd85d3ed4a59d3707e\/202509170537e52fa76d4bdd85d3ed4a59d3707e_20250917e995c57993184f37bbe3b608c4de418f.jpg\" alt=\"\"\/><\/figure>\n\n\n\n<p>TOKIO, 16 septiembre, 2025 (Xinhua) &#8212; Tyler Mason, de Jamaica, reacciona al t\u00e9rmino de la semifinal de 110m vallas masculinos, en el Campeonato Mundial de Atletismo 2025, en Tokio, Jap\u00f3n, el 15 de septiembre de 2025. (Xinhua\/Jia Haocheng)<\/p>\n\n\n\n<figure class=\"wp-block-image\"><img decoding=\"async\" src=\"https:\/\/spanish.xinhuanet.com\/20250917\/0537e52fa76d4bdd85d3ed4a59d3707e\/202509170537e52fa76d4bdd85d3ed4a59d3707e_20250917586d99a4b23b4a2db69260627460f2cc.jpg\" alt=\"\"\/><\/figure>\n\n\n\n<p>TOKIO, 16 septiembre, 2025 (Xinhua) &#8212; Shanieka Ricketts, de Jamaica, compite durante la clasificaci\u00f3n de triple salto femenino en el Campeonato Mundial de Atletismo de 2025, en Tokio, Jap\u00f3n, el 16 de septiembre de 2025. (Xinhua\/Lui Siu Wai)<\/p>\n\n\n\n<figure class=\"wp-block-image\"><img decoding=\"async\" src=\"https:\/\/spanish.xinhuanet.com\/20250917\/0537e52fa76d4bdd85d3ed4a59d3707e\/202509170537e52fa76d4bdd85d3ed4a59d3707e_20250917c29870dd9da34bb580cb31187eda1941.jpg\" alt=\"\"\/><\/figure>\n\n\n\n<p>&nbsp;TOKIO, 16 septiembre, 2025 (Xinhua) &#8212; Thea Lafond, de Dominica, compite durante la clasificaci\u00f3n de triple salto femenino en el Campeonato Mundial de Atletismo de 2025, en Tokio, Jap\u00f3n, el 16 de septiembre de 2025. (Xinhua\/Song Yanhua)&nbsp;<\/p>\n\n\n\n<figure class=\"wp-block-image\"><img decoding=\"async\" src=\"https:\/\/spanish.xinhuanet.com\/20250917\/0537e52fa76d4bdd85d3ed4a59d3707e\/202509170537e52fa76d4bdd85d3ed4a59d3707e_20250917c622d0131391414d947b422637ef1188.jpg\" alt=\"\"\/><\/figure>\n\n\n\n<p>TOKIO, 16 septiembre, 2025 (Xinhua) &#8212; Yulimar Rojas (i), de Venezuela, compite durante la clasificaci\u00f3n de triple salto de triple salto femenino en el Campeonato Mundial de Atletismo de 2025, en Tokio, Jap\u00f3n, el 16 de septiembre de 2025. (Xinhua\/Song Yanhua)<\/p>\n\n\n\n<figure class=\"wp-block-image\"><img decoding=\"async\" src=\"https:\/\/spanish.xinhuanet.com\/20250917\/0537e52fa76d4bdd85d3ed4a59d3707e\/202509170537e52fa76d4bdd85d3ed4a59d3707e_20250917fb9190458a584c3aa31664d1c5764151.jpg\" alt=\"\"\/><\/figure>\n\n\n\n<p>TOKIO, 16 septiembre, 2025 (Xinhua) &#8212; Leyanis P\u00e9rez Hern\u00e1ndez, de Cuba, compite durante la clasificaci\u00f3n de triple salto femenino en el Campeonato Mundial de Atletismo de 2025, en Tokio, Jap\u00f3n, el 16 de septiembre de 2025. (Xinhua\/Song Yanhua)<\/p>\n\n\n\n<p><a href=\"https:\/\/www.facebook.com\/sharer\/sharer.php?u=https:\/\/spanish.xinhuanet.com\/20250917\/0537e52fa76d4bdd85d3ed4a59d3707e\/c.html\" target=\"_blank\" rel=\"noreferrer noopener\"><\/a>&nbsp;<a href=\"https:\/\/twitter.com\/intent\/tweet?text=Campeonato%20Mundial%20de%20Atletismo%20de%202025%20en%20Tokio&amp;url=https:\/\/spanish.xinhuanet.com\/20250917\/0537e52fa76d4bdd85d3ed4a59d3707e\/c.html\" target=\"_blank\" rel=\"noreferrer noopener\"><\/a>&nbsp;<a target=\"_blank\" href=\"https:\/\/service.weibo.com\/share\/share.php?title=Campeonato%20Mundial%20de%20Atletismo%20de%202025%20en%20Tokio&amp;url=https:\/\/spanish.xinhuanet.com\/20250917\/0537e52fa76d4bdd85d3ed4a59d3707e\/c.html\" rel=\"noreferrer noopener\"><\/a>&nbsp;<a><\/a><\/p>\n\n\n\n<figure class=\"wp-block-image\"><img decoding=\"async\" src=\"https:\/\/imgs.news.cn\/res\/xhwimg\/spanish\/20170522\/img\/jc-xfa.png\" alt=\"\"\/><\/figure>\n","protected":false},"excerpt":{"rendered":"<p>spanish.news.cn|&nbsp;2025-09-17 13:18:38| &nbsp;TOKIO, 16 septiembre, 2025 (Xinhua) &#8212; Imagen del 15 de septiembre de 2025 de Alison Dos Santos (3-i), de Brasil, compitiendo durante las eliminatorias de 400m con vallas masculinos, en el Campeonato Mundial de Atletismo de 2025 en Tokio, Jap\u00f3n. (Xinhua\/Jia Haocheng)&nbsp; TOKIO, 16 septiembre, 2025 (Xinhua) &#8212; Eduardo Ribeiro, de Brasil, compite [&hellip;]<\/p>\n","protected":false},"author":2,"featured_media":638573,"comment_status":"closed","ping_status":"closed","sticky":false,"template":"","format":"standard","meta":{"footnotes":""},"categories":[17],"tags":[],"class_list":["post-638572","post","type-post","status-publish","format-standard","has-post-thumbnail","hentry","category-deportes"],"_links":{"self":[{"href":"https:\/\/diariodominicano.com\/index.php?rest_route=\/wp\/v2\/posts\/638572","targetHints":{"allow":["GET"]}}],"collection":[{"href":"https:\/\/diariodominicano.com\/index.php?rest_route=\/wp\/v2\/posts"}],"about":[{"href":"https:\/\/diariodominicano.com\/index.php?rest_route=\/wp\/v2\/types\/post"}],"author":[{"embeddable":true,"href":"https:\/\/diariodominicano.com\/index.php?rest_route=\/wp\/v2\/users\/2"}],"replies":[{"embeddable":true,"href":"https:\/\/diariodominicano.com\/index.php?rest_route=%2Fwp%2Fv2%2Fcomments&post=638572"}],"version-history":[{"count":1,"href":"https:\/\/diariodominicano.com\/index.php?rest_route=\/wp\/v2\/posts\/638572\/revisions"}],"predecessor-version":[{"id":638574,"href":"https:\/\/diariodominicano.com\/index.php?rest_route=\/wp\/v2\/posts\/638572\/revisions\/638574"}],"wp:featuredmedia":[{"embeddable":true,"href":"https:\/\/diariodominicano.com\/index.php?rest_route=\/wp\/v2\/media\/638573"}],"wp:attachment":[{"href":"https:\/\/diariodominicano.com\/index.php?rest_route=%2Fwp%2Fv2%2Fmedia&parent=638572"}],"wp:term":[{"taxonomy":"category","embeddable":true,"href":"https:\/\/diariodominicano.com\/index.php?rest_route=%2Fwp%2Fv2%2Fcategories&post=638572"},{"taxonomy":"post_tag","embeddable":true,"href":"https:\/\/diariodominicano.com\/index.php?rest_route=%2Fwp%2Fv2%2Ftags&post=638572"}],"curies":[{"name":"wp","href":"https:\/\/api.w.org\/{rel}","templated":true}]}}