{"id":638523,"date":"2025-09-17T02:28:12","date_gmt":"2025-09-17T06:28:12","guid":{"rendered":"https:\/\/diariodominicano.com\/?p=638523"},"modified":"2025-09-17T02:28:17","modified_gmt":"2025-09-17T06:28:17","slug":"salud-y-primera-dama-impulsan-iniciativas-para-mejorar-la-atencion-del-cancer-infantil","status":"publish","type":"post","link":"https:\/\/diariodominicano.com\/?p=638523","title":{"rendered":"Salud y primera dama impulsan iniciativas para mejorar la atenci\u00f3n del c\u00e1ncer infantil"},"content":{"rendered":"\n<h3 class=\"wp-block-heading\">Durante un acto realizado en el Ministerio de Salud, se present\u00f3 la propuesta para la puesta en marcha del Registro Nacional de C\u00e1ncer.<\/h3>\n\n\n\n<p>16 de Septiembre 2025 <\/p>\n\n\n\n<p>Santo Domingo.- En el marco del&nbsp;<strong>Mes de la Concienciaci\u00f3n del C\u00e1ncer Infantil<\/strong>, el&nbsp;<strong>Ministerio de Salud<\/strong>, junto con la primera dama&nbsp;<strong>Raquel Arbaje<\/strong>, present\u00f3 los&nbsp;<strong>avances<\/strong>&nbsp;alcanzados en el&nbsp;<strong>abordaje<\/strong>&nbsp;de esta enfermedad en el pa\u00eds.<\/p>\n\n\n\n<p>Durante un acto realizado en las instalaciones del Ministerio de Salud, se present\u00f3 la propuesta para la puesta en marcha del&nbsp;<strong>Registro Nacional de C\u00e1ncer<\/strong>, una plataforma para fortalecer&nbsp;<strong>la vigilancia, el tratamiento y la toma de decisiones<\/strong>&nbsp;sobre esta enfermedad en el sistema de salud dominicano.<\/p>\n\n\n\n<p>En la actividad, representantes del sistema de salud resaltaron la importancia de<strong>&nbsp;la detecci\u00f3n temprana, la atenci\u00f3n integral y el trabajo en conjunto<\/strong>&nbsp;para mejorar la calidad de vida de los ni\u00f1os, ni\u00f1as y adolescentes que enfrentan esta condici\u00f3n.<\/p>\n\n\n\n<p><strong>V\u00edctor Atallah<\/strong>, ministro de Salud, resalt\u00f3 que el lema de este a\u00f1o<strong>&nbsp;\u201cInspirando la acci\u00f3n\u201d,<\/strong>&nbsp;no se trata de una frase simb\u00f3lica, sino de un principio que se traduce en&nbsp;<strong>pasos firmes y constantes para garantizar la cobertura, el tratamiento y el soporte<\/strong>&nbsp;frente al c\u00e1ncer infantil en Rep\u00fablica Dominicana.<\/p>\n\n\n\n<p><em>\u201cEstamos dando pasos concretos, firmes, para que el c\u00e1ncer, en este caso hablando de c\u00e1ncer infantil, tenga soluciones\u201d.<\/em><\/p>\n\n\n\n<p><em>\u201cTrabajamos en la prevenci\u00f3n, en el diagn\u00f3stico temprano y en el acceso oportuno a medicamentos de cobertura y procedimientos importantes que permiten que nuestros ni\u00f1os y ni\u00f1as tengan soporte\u201d<\/em>, expres\u00f3 el ministro.<\/p>\n\n\n\n<figure class=\"wp-block-image\"><img decoding=\"async\" src=\"https:\/\/www.presidencia.gob.do\/sites\/default\/files\/inline-images\/WhatsApp%20Image%202025-09-16%20at%2015.53.35.jpeg\" alt=\"\"\/><\/figure>\n\n\n\n<p>Raquel Arbaje, primera dama de la Rep\u00fablica y presidenta del Gabinete de Ni\u00f1ez y Adolescencia manifest\u00f3:&nbsp;<em>\u00abSabemos que encontrar la cura del c\u00e1ncer sigue siendo uno de los grandes desaf\u00edos de la ciencia, pero hoy nuestra prioridad es lograr su detecci\u00f3n temprana. La prevenci\u00f3n salva vidas y, cuando unimos voluntades, los resultados son m\u00e1s s\u00f3lidos y significativos. En ese sentido, a trav\u00e9s de la Fundaci\u00f3n Amigos Contra el C\u00e1ncer Infantil (FACCI), pusimos en marcha el Pabell\u00f3n Oncopedi\u00e1trico Uniendo Voluntades, que en su primer a\u00f1o de funcionamiento ha logrado 79 diagn\u00f3sticos oportunos de distintos tipos de c\u00e1ncer infantil\u00bb<\/em>, puntualiz\u00f3.<\/p>\n\n\n\n<p>Arbaje&nbsp;<strong>agradeci\u00f3<\/strong>&nbsp;la labor de los directivos, del personal m\u00e9dico y de los integrantes de la mesa t\u00e9cnica que trabajaron en la elaboraci\u00f3n del&nbsp;<strong>protocolo para la evaluaci\u00f3n e intervenci\u00f3n de ni\u00f1os y ni\u00f1as candidatos a trasplante de m\u00e9dula \u00f3sea<\/strong>, ya sea con c\u00e9lulas de un donante o aut\u00f3logas.<\/p>\n\n\n\n<p><em>\u00abQuiero agradecerles, porque lo que anunciamos hoy representa un sue\u00f1o hecho realidad, no solo para el presidente, sino para todos los que formamos parte de este esfuerzo. Es un paso sin precedentes que este procedimiento pueda realizarse dentro de la red p\u00fablica de salud\u00bb.<\/em><\/p>\n\n\n\n<p><strong>Avances en C\u00e1ncer Infantil<\/strong><\/p>\n\n\n\n<p><strong>Andelys de la Rosa<\/strong>, encargada del Departamento de Enfermedades no Transmisibles del Ministerio de Salud, present\u00f3 los&nbsp;<strong>avances en el abordaje de esta enfermedad,<\/strong>&nbsp;entre los cuales destacan la&nbsp;<strong>Implementaci\u00f3n de la Iniciativa Mundial de la OMS contra el C\u00e1ncer Infantil en Am\u00e9rica Latina y el Caribe<\/strong>, a trav\u00e9s de la cual se busca alcanzar una&nbsp;<strong>tasa de supervivencia de al menos 60 %<\/strong>&nbsp;en las ni\u00f1as, ni\u00f1os y los adolescentes con c\u00e1ncer para el&nbsp;<strong>2030<\/strong>&nbsp;y aumentar la capacidad de los pa\u00edses para brindar&nbsp;<strong>servicios de calidad.<\/strong><\/p>\n\n\n\n<p>Actualmente la&nbsp;<strong>Rep\u00fablica Dominicana se encuentra sobre el 55 % de esta meta<\/strong>, lo que muestra los avances que se ha logrado durante los \u00faltimos a\u00f1os.<\/p>\n\n\n\n<p>La encargada del Departamento de Enfermedades no Transmisibles present\u00f3 lo que ser\u00e1 la implementaci\u00f3n del&nbsp;<strong>Registro Nacional de C\u00e1ncer<\/strong>, que tendr\u00e1 un&nbsp;<strong>plan piloto<\/strong>&nbsp;dirigido al c\u00e1ncer infantil.<\/p>\n\n\n\n<p>En este registro se desarrollar\u00e1 una&nbsp;<strong>interconectividad de todos los hospitales oncol\u00f3gicos pedi\u00e1tricos<\/strong>.<\/p>\n\n\n\n<p>El objetivo de este registro es implementar una plataforma moderna, segura y sostenible para&nbsp;<strong>consolidar datos sobre registros de c\u00e1ncer en el pa\u00eds que sean confiables, oportunos y comparables&nbsp;<\/strong>para la toma de decisiones cl\u00ednicas, epidemiol\u00f3gicas y de pol\u00edtica p\u00fablica.<\/p>\n\n\n\n<figure class=\"wp-block-image\"><img decoding=\"async\" src=\"https:\/\/www.presidencia.gob.do\/sites\/default\/files\/inline-images\/WhatsApp%20Image%202025-09-16%20at%2015.53.35%20%281%29.jpeg\" alt=\"\"\/><\/figure>\n\n\n\n<p>Actualmente el proyecto se encuentra en la etapa 1 para la implementaci\u00f3n del m\u00f3dulo de c\u00e1ncer infantil del registro, el cual consiste en un&nbsp;<strong>plan piloto que luego se expandir\u00e1 a nivel nacional sobre c\u00e1ncer en general.<\/strong><\/p>\n\n\n\n<p>Para esto se realizaron visitas presenciales tanto del personal del&nbsp;<strong>Departamento de Enfermedades no Transmisibles&nbsp;<\/strong>como de la&nbsp;<strong>Direcci\u00f3n de An\u00e1lisis y Situaci\u00f3n de Salud<\/strong>. Lo que se busca es hacer una&nbsp;<strong>recolecci\u00f3n estructurada<\/strong>&nbsp;y oportuna de datos de c\u00e1ncer infantil en&nbsp;<strong>seis hospitales de referencia<\/strong>.<\/p>\n\n\n\n<p>Los principales beneficios que se esperan es tener una&nbsp;<strong>base consolidada<\/strong>&nbsp;sobre los datos de c\u00e1ncer infantil, reducir el subregistro y la duplicidad de casos y tener&nbsp;<strong>mejores datos para an\u00e1lisis cl\u00ednicos y epidemiol\u00f3gicos<\/strong>.<\/p>\n\n\n\n<p><em>\u201cTodos los a\u00f1os, mes tras mes con celebraciones en febrero y septiembre tenemos algo importante que destacar, tenemos trabajos donde hemos avanzado oportunamente desde el Plan Estrat\u00e9gico Nacional y su lanzamiento en septiembre del 2023 hasta art\u00edculos cient\u00edficos que nos permiten tomar acciones basadas en evidencias\u201d,<\/em>&nbsp;expres\u00f3 de la Rosa.<\/p>\n\n\n\n<p>Entre los hitos del pa\u00eds sobre c\u00e1ncer infantil se encuentran la creaci\u00f3n del&nbsp;<strong>Comit\u00e9 T\u00e9cnico Nacional de C\u00e1ncer Infantil,&nbsp;<\/strong>inicio de la elaboraci\u00f3n del&nbsp;<strong>Plan Estrat\u00e9gico Nacional de C\u00e1ncer Infantil en la Rep\u00fablica Dominicana (Penci-RD),<\/strong>&nbsp;lanzamiento de la campa\u00f1a&nbsp;<strong>Detenci\u00f3n Oportuna<\/strong>, creaci\u00f3n del&nbsp;<strong>Cap\u00edtulo de Oncolog\u00eda Pedi\u00e1trica<\/strong>, lanzamiento del&nbsp;<strong>primer manual Detecci\u00f3n Oportuna C\u00e1ncer Infantil<\/strong>&nbsp;y primera publicaci\u00f3n de&nbsp;<strong>Pol\u00edtica P\u00fablica sobre C\u00e1ncer Infantil,&nbsp;<\/strong>entre otros.<\/p>\n\n\n\n<p>De su lado,&nbsp;<strong>Jos\u00e9 Juan Castillos Almonte,<\/strong>&nbsp;director del Instituto Nacional de Coordinaci\u00f3n de Trasplante (Incort), present\u00f3 el &nbsp; documento del&nbsp;<strong>Procedimiento de Trasplante Alog\u00e9nico y Aut\u00f3logo de C\u00e9lulas Progenitoras Hematopoy\u00e9ticas en Ni\u00f1os, Ni\u00f1as y Adolescentes<\/strong>, conocido como trasplante de m\u00e9dula \u00f3sea.<\/p>\n\n\n\n<p>Explic\u00f3 que este procedimiento forma parte de las&nbsp;<strong>terapias celulares<\/strong>&nbsp;y consiste en la&nbsp;<strong>infusi\u00f3n de c\u00e9lulas precursoras<\/strong>&nbsp;para restaurar aquellas que estaban parcial o completamente afectadas a causa de leucemia o linfomas.<\/p>\n\n\n\n<p>Castillos Almonte precis\u00f3 que el c\u00e1ncer es\u00a0<strong>uno de los principales retos para la atenci\u00f3n en salud de ni\u00f1os, ni\u00f1as y adolescentes a nivel mundial,<\/strong>\u00a0con miles de casos diagnosticados anualmente. La terapia celular, en algunos casos, es la\u00a0<strong>\u00fanica alternativa terap\u00e9utica<\/strong>\u00a0de esos pacientes ante el fallo de tratamientos como la radioterapia y quimioterapia.<\/p>\n\n\n\n<p>Con informaci\u00f3n de la Presidencia de la Rep\u00fablica Dominicana.<\/p>\n","protected":false},"excerpt":{"rendered":"<p>Durante un acto realizado en el Ministerio de Salud, se present\u00f3 la propuesta para la puesta en marcha del Registro Nacional de C\u00e1ncer. 16 de Septiembre 2025 Santo Domingo.- En el marco del&nbsp;Mes de la Concienciaci\u00f3n del C\u00e1ncer Infantil, el&nbsp;Ministerio de Salud, junto con la primera dama&nbsp;Raquel Arbaje, present\u00f3 los&nbsp;avances&nbsp;alcanzados en el&nbsp;abordaje&nbsp;de esta enfermedad en [&hellip;]<\/p>\n","protected":false},"author":2,"featured_media":638524,"comment_status":"closed","ping_status":"closed","sticky":false,"template":"","format":"standard","meta":{"footnotes":""},"categories":[36,20],"tags":[],"class_list":["post-638523","post","type-post","status-publish","format-standard","has-post-thumbnail","hentry","category-hombresmujeresycosas","category-dominicana-hoy"],"_links":{"self":[{"href":"https:\/\/diariodominicano.com\/index.php?rest_route=\/wp\/v2\/posts\/638523","targetHints":{"allow":["GET"]}}],"collection":[{"href":"https:\/\/diariodominicano.com\/index.php?rest_route=\/wp\/v2\/posts"}],"about":[{"href":"https:\/\/diariodominicano.com\/index.php?rest_route=\/wp\/v2\/types\/post"}],"author":[{"embeddable":true,"href":"https:\/\/diariodominicano.com\/index.php?rest_route=\/wp\/v2\/users\/2"}],"replies":[{"embeddable":true,"href":"https:\/\/diariodominicano.com\/index.php?rest_route=%2Fwp%2Fv2%2Fcomments&post=638523"}],"version-history":[{"count":1,"href":"https:\/\/diariodominicano.com\/index.php?rest_route=\/wp\/v2\/posts\/638523\/revisions"}],"predecessor-version":[{"id":638525,"href":"https:\/\/diariodominicano.com\/index.php?rest_route=\/wp\/v2\/posts\/638523\/revisions\/638525"}],"wp:featuredmedia":[{"embeddable":true,"href":"https:\/\/diariodominicano.com\/index.php?rest_route=\/wp\/v2\/media\/638524"}],"wp:attachment":[{"href":"https:\/\/diariodominicano.com\/index.php?rest_route=%2Fwp%2Fv2%2Fmedia&parent=638523"}],"wp:term":[{"taxonomy":"category","embeddable":true,"href":"https:\/\/diariodominicano.com\/index.php?rest_route=%2Fwp%2Fv2%2Fcategories&post=638523"},{"taxonomy":"post_tag","embeddable":true,"href":"https:\/\/diariodominicano.com\/index.php?rest_route=%2Fwp%2Fv2%2Ftags&post=638523"}],"curies":[{"name":"wp","href":"https:\/\/api.w.org\/{rel}","templated":true}]}}