{"id":638514,"date":"2025-09-17T02:17:08","date_gmt":"2025-09-17T06:17:08","guid":{"rendered":"https:\/\/diariodominicano.com\/?p=638514"},"modified":"2025-09-17T02:17:13","modified_gmt":"2025-09-17T06:17:13","slug":"proindustria-y-la-jad-firman-acuerdo-para-impulsar-la-competitividad-de-la-agroindustria-nacional","status":"publish","type":"post","link":"https:\/\/diariodominicano.com\/?p=638514","title":{"rendered":"Proindustria y la JAD firman acuerdo para impulsar la competitividad de la agroindustria nacional"},"content":{"rendered":"\n<h3 class=\"wp-block-heading\">Proindustria se comprometi\u00f3 a ofrecer asistencia t\u00e9cnica preferencial y acciones formativas sobre la Ley 392-07 de Competitividad e Innovaci\u00f3n Industrial.<\/h3>\n\n\n\n<p>16 de Septiembre 2025 <\/p>\n\n\n\n<figure class=\"wp-block-image\"><img decoding=\"async\" src=\"https:\/\/platform-cdn.sharethis.com\/img\/facebook.svg\" alt=\"facebook sharing button\"\/><\/figure>\n\n\n\n<figure class=\"wp-block-image\"><img decoding=\"async\" src=\"https:\/\/platform-cdn.sharethis.com\/img\/sharethis.svg\" alt=\"sharethis sharing button\"\/><\/figure>\n\n\n\n<p>Santo Domingo.- El Centro de Desarrollo y Competitividad Industrial&nbsp;<strong>(Proindustria)<\/strong>&nbsp;y la Junta Agroempresarial Dominicana&nbsp;<strong>(JAD)<\/strong>&nbsp;suscribieron un&nbsp;<strong>acuerdo interinstitucional,<\/strong>&nbsp;con el objetivo de fortalecer la&nbsp;<strong>competitividad, innovaci\u00f3n y sostenibilidad de la agroindustria<\/strong>&nbsp;dominicana, considerada un sector estrat\u00e9gico para la econom\u00eda y la seguridad alimentaria del pa\u00eds.<\/p>\n\n\n\n<p>El convenio fue rubricado por el director general de Proindustria,&nbsp;<strong>Rafael Cruz Rodr\u00edguez<\/strong>; el presidente del Consejo de Directores de la JAD,&nbsp;<strong>Roberto Serrano<\/strong>, y el presidente ejecutivo de la entidad,&nbsp;<strong>Osmar C. Ben\u00edtez<\/strong>, en un acto celebrado en la sede de la JAD.<\/p>\n\n\n\n<p>El acuerdo establece la creaci\u00f3n de&nbsp;<strong>programas conjuntos<\/strong>&nbsp;orientados a mejorar el esquema integral de&nbsp;<strong>competitividad<\/strong>&nbsp;de las agroindustrias, impulsar la&nbsp;<strong>digitalizaci\u00f3n<\/strong>&nbsp;de procesos, fomentar la&nbsp;<strong>investigaci\u00f3n y la transferencia tecnol\u00f3gica<\/strong>, as\u00ed como promover la&nbsp;<strong>capacitaci\u00f3n t\u00e9cnica de productores y empresarios<\/strong>.<\/p>\n\n\n\n<p>Las partes tambi\u00e9n coordinar\u00e1n acciones para articular&nbsp;<strong>cadenas de valor<\/strong>, facilitar la&nbsp;<strong>inversi\u00f3n nacional e internacional<\/strong>&nbsp;en proyectos de transformaci\u00f3n agroindustrial y participar de manera conjunta en&nbsp;<strong>ferias, misiones y ruedas de negocios&nbsp;<\/strong>que potencien la apertura de nuevos mercados.<\/p>\n\n\n\n<p>Al tomar la palabra, el director general de Proindustria destac\u00f3 la relevancia de la alianza y subray\u00f3 que<em>&nbsp;\u201cla agroindustria manufacturera es un pilar estrat\u00e9gico de nuestro desarrollo. No solo contribuye al Producto Interno Bruto y a la generaci\u00f3n de empleo, sino que fortalece la conexi\u00f3n entre el campo y la ciudad, entre la tradici\u00f3n y la innovaci\u00f3n, y entre el esfuerzo de hoy y el bienestar de ma\u00f1ana\u201d.<\/em><\/p>\n\n\n\n<p>Asimismo, expres\u00f3 que&nbsp;<em>\u201ceste acuerdo que firmamos hoy establece un camino claro para trabajar juntos: fomentar la inversi\u00f3n, impulsar la competitividad, fortalecer capacidades y promover un desarrollo sostenible que genere impacto real en nuestras comunidades\u201d.<\/em><\/p>\n\n\n\n<p>Proindustria se comprometi\u00f3 a ofrecer asistencia t\u00e9cnica preferencial y acciones formativas sobre la&nbsp;<strong>Ley 392-07 de Competitividad e Innovaci\u00f3n Industrial<\/strong>, as\u00ed como a integrar a la JAD en sus programas y actividades. Por su parte, la JAD facilitar\u00e1 capacitaciones especializadas, tarifas preferenciales en servicios de laboratorio y apoyo log\u00edstico para actividades conjuntas.<\/p>\n\n\n\n<p>Ambas instituciones acordaron adem\u00e1s intercambiar informaci\u00f3n&nbsp;<strong>t\u00e9cnica y de inteligencia productiva,<\/strong>&nbsp;desarrollar programas de&nbsp;<strong>innovaci\u00f3n<\/strong>&nbsp;con universidades y centros tecnol\u00f3gicos, y promover&nbsp;<strong>encadenamientos productivos<\/strong>&nbsp;que conecten a peque\u00f1os, medianos y grandes empresarios con el sector industrial.<\/p>\n\n\n\n<p>En tanto, Osmar C. Ben\u00edtez, presidente ejecutivo de la JAD, expres\u00f3 que con la firma de este acuerdo la instituci\u00f3n se compromete a ofrecer&nbsp;<strong>capacitaciones en la materia a las agroindustrias registradas con Proindustria,<\/strong>&nbsp;as\u00ed como a otorgar una tarifa preferencial de los servicios y el uso de su&nbsp;<strong>laboratorio agropecuario y agroindustrial<\/strong>&nbsp;y brindar facilidades log\u00edsticas a las agroindustrias en sus procesos de desarrollo.<\/p>\n\n\n\n<p>Ben\u00edtez destac\u00f3 que en el pa\u00eds&nbsp;<strong>existen casi 2,000 agroindustrias, grandes y peque\u00f1as,&nbsp;<\/strong>pero muchas de ellas a\u00fan requieren apoyo especializado.&nbsp;<em>\u201cLa JAD, junto a Proindustria, asume el compromiso de acompa\u00f1ar a estas agroindustrias en su crecimiento, brind\u00e1ndoles las herramientas necesarias para elevar su competitividad, mejorar la calidad de sus procesos y abrir mayores oportunidades de mercado\u201d,<\/em>&nbsp;puntualiz\u00f3.<\/p>\n\n\n\n<p>El convenio tendr\u00e1 una vigencia de tres a\u00f1os y ser\u00e1 coordinado por una comisi\u00f3n mixta encabezada por&nbsp;<strong>Ilonka Acosta Coiscou<\/strong>, directora de Servicios de Apoyo a la Industria de Proindustria, y&nbsp;<strong>Ana Mar\u00eda Peralta,<\/strong>&nbsp;directora de Mercados de la JAD.<\/p>\n\n\n\n<p>Con esta alianza, Proindustria y la JAD buscan contribuir al desarrollo econ\u00f3mico y social del pa\u00eds, impulsando\u00a0<strong>la agroindustria como motor de generaci\u00f3n de empleos, divisas, valor agregado y sostenibilidad en las comunidades rurales.<\/strong><\/p>\n\n\n\n<p>Con informaci\u00f3n de la Presidencia de la Rep\u00fablica Dominicana.<\/p>\n","protected":false},"excerpt":{"rendered":"<p>Proindustria se comprometi\u00f3 a ofrecer asistencia t\u00e9cnica preferencial y acciones formativas sobre la Ley 392-07 de Competitividad e Innovaci\u00f3n Industrial. 16 de Septiembre 2025 Santo Domingo.- El Centro de Desarrollo y Competitividad Industrial&nbsp;(Proindustria)&nbsp;y la Junta Agroempresarial Dominicana&nbsp;(JAD)&nbsp;suscribieron un&nbsp;acuerdo interinstitucional,&nbsp;con el objetivo de fortalecer la&nbsp;competitividad, innovaci\u00f3n y sostenibilidad de la agroindustria&nbsp;dominicana, considerada un sector estrat\u00e9gico para [&hellip;]<\/p>\n","protected":false},"author":2,"featured_media":638515,"comment_status":"closed","ping_status":"closed","sticky":false,"template":"","format":"standard","meta":{"footnotes":""},"categories":[20,18],"tags":[],"class_list":["post-638514","post","type-post","status-publish","format-standard","has-post-thumbnail","hentry","category-dominicana-hoy","category-economia"],"_links":{"self":[{"href":"https:\/\/diariodominicano.com\/index.php?rest_route=\/wp\/v2\/posts\/638514","targetHints":{"allow":["GET"]}}],"collection":[{"href":"https:\/\/diariodominicano.com\/index.php?rest_route=\/wp\/v2\/posts"}],"about":[{"href":"https:\/\/diariodominicano.com\/index.php?rest_route=\/wp\/v2\/types\/post"}],"author":[{"embeddable":true,"href":"https:\/\/diariodominicano.com\/index.php?rest_route=\/wp\/v2\/users\/2"}],"replies":[{"embeddable":true,"href":"https:\/\/diariodominicano.com\/index.php?rest_route=%2Fwp%2Fv2%2Fcomments&post=638514"}],"version-history":[{"count":1,"href":"https:\/\/diariodominicano.com\/index.php?rest_route=\/wp\/v2\/posts\/638514\/revisions"}],"predecessor-version":[{"id":638516,"href":"https:\/\/diariodominicano.com\/index.php?rest_route=\/wp\/v2\/posts\/638514\/revisions\/638516"}],"wp:featuredmedia":[{"embeddable":true,"href":"https:\/\/diariodominicano.com\/index.php?rest_route=\/wp\/v2\/media\/638515"}],"wp:attachment":[{"href":"https:\/\/diariodominicano.com\/index.php?rest_route=%2Fwp%2Fv2%2Fmedia&parent=638514"}],"wp:term":[{"taxonomy":"category","embeddable":true,"href":"https:\/\/diariodominicano.com\/index.php?rest_route=%2Fwp%2Fv2%2Fcategories&post=638514"},{"taxonomy":"post_tag","embeddable":true,"href":"https:\/\/diariodominicano.com\/index.php?rest_route=%2Fwp%2Fv2%2Ftags&post=638514"}],"curies":[{"name":"wp","href":"https:\/\/api.w.org\/{rel}","templated":true}]}}