{"id":638508,"date":"2025-09-17T02:09:47","date_gmt":"2025-09-17T06:09:47","guid":{"rendered":"https:\/\/diariodominicano.com\/?p=638508"},"modified":"2025-09-17T02:09:53","modified_gmt":"2025-09-17T06:09:53","slug":"republica-dominicana-entre-los-paises-con-menor-carga-burocratica-en-el-indice-de-burocracia-2025","status":"publish","type":"post","link":"https:\/\/diariodominicano.com\/?p=638508","title":{"rendered":"Rep\u00fablica Dominicana entre los pa\u00edses con menor carga burocr\u00e1tica en el \u00cdndice de Burocracia 2025"},"content":{"rendered":"\n<h3 class=\"wp-block-heading\">El Adam Smith Center presenta informe sobre los obst\u00e1culos regulatorios para abrir y operar empresas en 21 pa\u00edses.<\/h3>\n\n\n\n<p>16 de Septiembre 2025 |<\/p>\n\n\n\n<p>Miami \/ Santo Domingo.- El&nbsp;<strong>Adam Smith Center for Economic Freedom&nbsp;<\/strong>de Florida International University<strong>&nbsp;(FIU)&nbsp;<\/strong>present\u00f3 la quinta edici\u00f3n del&nbsp;<strong>\u00cdndice de Burocracia 2025,<\/strong>&nbsp;un an\u00e1lisis pionero donde se mide la&nbsp;<strong>carga burocr\u00e1tica<\/strong>&nbsp;que enfrentan las&nbsp;<strong>empresas medianas<\/strong>&nbsp;<strong>en 21 pa\u00edses de Europa, Am\u00e9rica Latina y el Caribe,<\/strong>&nbsp;incluyendo a la Rep\u00fablica Dominicana.<\/p>\n\n\n\n<p>El estudio eval\u00faa&nbsp;<strong>las horas<\/strong>&nbsp;que las compa\u00f1\u00edas deben dedicar a&nbsp;<strong>tr\u00e1mites regulatorios<\/strong>, tanto para abrir como para operar formalmente, revelando c\u00f3mo&nbsp;<strong>la burocracia frena la productividad, la inversi\u00f3n y la innovaci\u00f3n.<\/strong><\/p>\n\n\n\n<p><em>\u201cLo que distingue a esta edici\u00f3n 2025 es su \u00e9nfasis en las empresas medianas, que suelen estar subestimadas en las estad\u00edsticas, pero que son esenciales para la arquitectura productiva por su capacidad de generar empleo de calidad, impulsar la innovaci\u00f3n y atraer inversi\u00f3n\u201d<\/em>, destac\u00f3&nbsp;<strong>Carlos D\u00edaz-Rosillo<\/strong>, director fundador del Adam Smith Center.<\/p>\n\n\n\n<p><strong>Resultados generales<\/strong><\/p>\n\n\n\n<p>\u2022&nbsp;<strong>Apertura de empresas<\/strong>: formalizar y registrar una compa\u00f1\u00eda mediana exige en promedio 1,850 horas, el equivalente a 231 jornadas laborales o casi ocho meses dedicados exclusivamente a tr\u00e1mites.<\/p>\n\n\n\n<p>\u2022&nbsp;<strong>Operaci\u00f3n de empresas<\/strong>: cumplir con las obligaciones anuales demanda alrededor de 1,577 horas al a\u00f1o, unas 190 jornadas laborales, lo que representa el 76 % del tiempo de un empleado dedicado \u00fanicamente a tr\u00e1mites.<\/p>\n\n\n\n<p><strong>Rep\u00fablica Dominicana: un caso positivo<\/strong><\/p>\n\n\n\n<p>La Rep\u00fablica Dominicana se posiciona&nbsp;<strong>entre los pa\u00edses con mejores resultados del \u00edndice<\/strong>, junto con Brasil, Costa Rica, Ecuador, El Salvador, Espa\u00f1a, M\u00e9xico, Paraguay, Portugal y Uruguay.<\/p>\n\n\n\n<p>\u2022&nbsp;<strong>Apertura de empresas<\/strong>: el pa\u00eds figura en el grupo con&nbsp;<strong>menor carga burocr\u00e1tica relativa<\/strong>, aunque los tr\u00e1mites vinculados a&nbsp;<strong>servicios b\u00e1sicos<\/strong>&nbsp;(electricidad, agua y telecomunicaciones) siguen siendo los&nbsp;<strong>principales retos.<\/strong><\/p>\n\n\n\n<p>\u2022&nbsp;<strong>Funcionamiento de empresas<\/strong>: mantiene una de las cargas administrativas m\u00e1s reducidas de la regi\u00f3n, favoreciendo&nbsp;<strong>la formalidad y la competitividad<\/strong>.<\/p>\n\n\n\n<p>\u2022&nbsp;<strong>Balance general<\/strong>: al combinar ambos indicadores, la Rep\u00fablica Dominicana se ubica como un&nbsp;<strong>referente regional en agilidad administrativa y clima de negocios.<\/strong><\/p>\n\n\n\n<p><em>\u201cEstos resultados reafirman los avances de la Rep\u00fablica Dominicana en la simplificaci\u00f3n administrativa y representan una oportunidad para seguir fortaleciendo su competitividad como destino de inversi\u00f3n y emprendimiento\u201d,<\/em>&nbsp;se\u00f1alaron desde el Instituto OMG, responsable de la investigaci\u00f3n en el pa\u00eds.<\/p>\n\n\n\n<p><strong>Impacto y perspectivas<\/strong><\/p>\n\n\n\n<p>Seg\u00fan&nbsp;<strong>Sary Levy-Carciente<\/strong>, coordinadora general del estudio,<em>&nbsp;\u201ccontar con evidencia emp\u00edrica actualizada es clave para orientar decisiones p\u00fablicas efectivas, especialmente aquellas que impactan directamente en el clima de negocios, la inversi\u00f3n y el desarrollo sostenible\u201d.<\/em><\/p>\n\n\n\n<p>El evento de lanzamiento cont\u00f3 con la&nbsp;<strong>participaci\u00f3n de l\u00edderes internacionales<\/strong>, como el expresidente de M\u00e9xico,&nbsp;<strong>Felipe Calder\u00f3n<\/strong>, adem\u00e1s de acad\u00e9micos, empresarios y representantes de la sociedad civil de distintos pa\u00edses.<\/p>\n\n\n\n<p>El reporte completo con la informaci\u00f3n de cada pa\u00eds est\u00e1 disponible en: freedom.fiu.edu\/index<\/p>\n\n\n\n<p><strong>Sobre el \u00cdndice de Burocracia 2025<\/strong><\/p>\n\n\n\n<p>Elaborado por el Adam Smith Center for Economic Freedom (FIU), el \u00edndice\u00a0<strong>mide las horas que las empresas medianas dedican a tr\u00e1mites burocr\u00e1ticos en 21 pa\u00edses<\/strong>. En la Rep\u00fablica Dominicana, la recolecci\u00f3n de datos estuvo a cargo del\u00a0<strong>Instituto OMG<\/strong>\u00a0(M\u00f3nika Melo y \u00c1ngela Santana).<\/p>\n\n\n\n<p>Con informaci\u00f3n de la Presidencia de la Rep\u00fablica Dominicana.<\/p>\n\n\n\n<p><\/p>\n","protected":false},"excerpt":{"rendered":"<p>El Adam Smith Center presenta informe sobre los obst\u00e1culos regulatorios para abrir y operar empresas en 21 pa\u00edses. 16 de Septiembre 2025 | Miami \/ Santo Domingo.- El&nbsp;Adam Smith Center for Economic Freedom&nbsp;de Florida International University&nbsp;(FIU)&nbsp;present\u00f3 la quinta edici\u00f3n del&nbsp;\u00cdndice de Burocracia 2025,&nbsp;un an\u00e1lisis pionero donde se mide la&nbsp;carga burocr\u00e1tica&nbsp;que enfrentan las&nbsp;empresas medianas&nbsp;en 21 pa\u00edses [&hellip;]<\/p>\n","protected":false},"author":2,"featured_media":638509,"comment_status":"closed","ping_status":"closed","sticky":false,"template":"","format":"standard","meta":{"footnotes":""},"categories":[20,22],"tags":[],"class_list":["post-638508","post","type-post","status-publish","format-standard","has-post-thumbnail","hentry","category-dominicana-hoy","category-politica"],"_links":{"self":[{"href":"https:\/\/diariodominicano.com\/index.php?rest_route=\/wp\/v2\/posts\/638508","targetHints":{"allow":["GET"]}}],"collection":[{"href":"https:\/\/diariodominicano.com\/index.php?rest_route=\/wp\/v2\/posts"}],"about":[{"href":"https:\/\/diariodominicano.com\/index.php?rest_route=\/wp\/v2\/types\/post"}],"author":[{"embeddable":true,"href":"https:\/\/diariodominicano.com\/index.php?rest_route=\/wp\/v2\/users\/2"}],"replies":[{"embeddable":true,"href":"https:\/\/diariodominicano.com\/index.php?rest_route=%2Fwp%2Fv2%2Fcomments&post=638508"}],"version-history":[{"count":1,"href":"https:\/\/diariodominicano.com\/index.php?rest_route=\/wp\/v2\/posts\/638508\/revisions"}],"predecessor-version":[{"id":638510,"href":"https:\/\/diariodominicano.com\/index.php?rest_route=\/wp\/v2\/posts\/638508\/revisions\/638510"}],"wp:featuredmedia":[{"embeddable":true,"href":"https:\/\/diariodominicano.com\/index.php?rest_route=\/wp\/v2\/media\/638509"}],"wp:attachment":[{"href":"https:\/\/diariodominicano.com\/index.php?rest_route=%2Fwp%2Fv2%2Fmedia&parent=638508"}],"wp:term":[{"taxonomy":"category","embeddable":true,"href":"https:\/\/diariodominicano.com\/index.php?rest_route=%2Fwp%2Fv2%2Fcategories&post=638508"},{"taxonomy":"post_tag","embeddable":true,"href":"https:\/\/diariodominicano.com\/index.php?rest_route=%2Fwp%2Fv2%2Ftags&post=638508"}],"curies":[{"name":"wp","href":"https:\/\/api.w.org\/{rel}","templated":true}]}}