{"id":638475,"date":"2025-09-17T01:45:25","date_gmt":"2025-09-17T05:45:25","guid":{"rendered":"https:\/\/diariodominicano.com\/?p=638475"},"modified":"2025-09-17T01:45:27","modified_gmt":"2025-09-17T05:45:27","slug":"bid-nombra-a-nathalie-alvarado-como-nueva-representante-en-republica-dominicana","status":"publish","type":"post","link":"https:\/\/diariodominicano.com\/?p=638475","title":{"rendered":"BID nombra a Nathalie Alvarado como nueva representante en Rep\u00fablica Dominicana\u00a0"},"content":{"rendered":"\n<ul class=\"wp-block-list\">\n<li><em>Estar\u00e1 a cargo de la implementaci\u00f3n de la nueva estrategia del Grupo BID con el pa\u00eds para el periodo 2025-2028.<\/em><\/li>\n\n\n\n<li><em>Esta estrategia prioriza <\/em>sectores de impacto como agua y saneamiento, energ\u00eda y transporte.\u00a0<\/li>\n<\/ul>\n\n\n\n<p>Santo Domingo. \u2013 El Banco Interamericano de Desarrollo (BID) anunci\u00f3 la designaci\u00f3n de Nathalie Alvarado Vega como su nueva representante en Rep\u00fablica Dominicana. Alvarado asumi\u00f3 el cargo el 1 de septiembre.<\/p>\n\n\n\n<p>Alvarado, de nacionalidad colombiana, cuenta con m\u00e1s de 25 a\u00f1os de experiencia en Am\u00e9rica Latina y el Caribe en el fortalecimiento institucional, especialmente en seguridad ciudadana y justicia. Abogada por la Universidad de Lausana y con una maestr\u00eda en Derecho de la Integraci\u00f3n Econ\u00f3mica por la Universidad Libre de Bruselas, ha liderado estrategias innovadoras, programas y proyectos de desarrollo en la regi\u00f3n, destac\u00e1ndose por su capacidad para movilizar recursos y articular alianzas.&nbsp;<\/p>\n\n\n\n<p>En su nueva funci\u00f3n, Alvarado ser\u00e1 responsable de la implementaci\u00f3n de la <a href=\"https:\/\/www.iadb.org\/es\/quienes-somos\/representaciones-por-pais\/republica-dominicana\">estrategia del Grupo BID en Rep\u00fablica Dominicana para el periodo 2025-2028.<\/a> Esta estrategia busca apoyar las prioridades de desarrollo del pa\u00eds a trav\u00e9s de acciones que fortalezcan el capital humano, impulsen el crecimiento del sector privado y mejoren la eficiencia y resiliencia del sector p\u00fablico.&nbsp;<\/p>\n\n\n\n<p>Alvarado reemplaz\u00f3 a Katharina Falkner-Olmedo, que luego de ser representante del BID en Rep\u00fablica Dominicana por casi 4 a\u00f1os, desempe\u00f1ar\u00e1 un nuevo rol como representante del BID en Chile.&nbsp;<\/p>\n\n\n\n<p><strong>Perfil profesional de Nathalie Alvarado&nbsp;<\/strong><\/p>\n\n\n\n<p>Actual representante del Banco Interamericano de Desarrollo (BID) en Rep\u00fablica Dominicana. Tiene a su cargo la implementaci\u00f3n de la estrategia del Grupo Banco Interamericano de Desarrollo (Grupo BID) en el pa\u00eds para el periodo 2025 \u2013 2028.&nbsp;<\/p>\n\n\n\n<p>Desde este rol, gestiona el relacionamiento y di\u00e1logo con las autoridades de Gobierno y tambi\u00e9n vela por la atenci\u00f3n y el desarrollo del sector privado a trav\u00e9s del BID Invest y del laboratorio de innovaci\u00f3n del BID, el BID Lab.&nbsp;<\/p>\n\n\n\n<p>De nacionalidad colombiana, Nathalie Alvarado es licenciada en Derecho por la Universidad de Lausana, Suiza, y posee una maestr\u00eda en Derecho de la Integraci\u00f3n Econ\u00f3mica de la Universidad Libre de Bruselas, B\u00e9lgica.<\/p>\n\n\n\n<p>Cuenta con m\u00e1s de 25 a\u00f1os de experiencia de experiencia en el fortalecimiento institucional, especialmente en el \u00e1mbito de la seguridad ciudadana y la justicia.&nbsp;<\/p>\n\n\n\n<p>A lo largo de su carrera ha liderado la puesta en marcha de estrategias innovadoras, programas y proyectos de desarrollo en Am\u00e9rica Latina y el Caribe.&nbsp; Destaca por su capacidad para movilizar recursos, articular alianzas estrat\u00e9gicas y coordinar esfuerzos entre gobiernos, sector privado, academia y sociedad civil, as\u00ed como por su experiencia en el di\u00e1logo de alto nivel con autoridades gubernamentales.&nbsp;<\/p>\n\n\n\n<p><strong>Acerca del Grupo BID<\/strong><\/p>\n\n\n\n<p>El Grupo Banco Interamericano de Desarrollo (Grupo BID) es la principal fuente de financiamiento y conocimiento para mejorar vidas en Am\u00e9rica Latina y el Caribe. Est\u00e1 compuesto por el <a href=\"https:\/\/www.iadb.org\/es\"><strong>BID<\/strong><\/a>, que trabaja con el sector p\u00fablico de la regi\u00f3n y tambi\u00e9n impulsa al sector privado; <a href=\"https:\/\/www.idbinvest.org\/es\"><strong>BID Invest<\/strong><\/a>, que apoya directamente a empresas y proyectos privados; y <a href=\"https:\/\/bidlab.org\/es\"><strong>BID Lab<\/strong><\/a>, que promueve la innovaci\u00f3n emprendedora.<\/p>\n\n\n\n<p><strong>Contacto de prensa:&nbsp;<\/strong><\/p>\n\n\n\n<p><strong>Patricia Reinoso&nbsp;<\/strong><\/p>\n\n\n\n<p>Correo: <a href=\"mailto:patriciarei@iadb.org\">patriciarei@iadb.org<\/a>&nbsp;<\/p>\n","protected":false},"excerpt":{"rendered":"<p>Santo Domingo. \u2013 El Banco Interamericano de Desarrollo (BID) anunci\u00f3 la designaci\u00f3n de Nathalie Alvarado Vega como su nueva representante en Rep\u00fablica Dominicana. Alvarado asumi\u00f3 el cargo el 1 de septiembre. Alvarado, de nacionalidad colombiana, cuenta con m\u00e1s de 25 a\u00f1os de experiencia en Am\u00e9rica Latina y el Caribe en el fortalecimiento institucional, especialmente en [&hellip;]<\/p>\n","protected":false},"author":7,"featured_media":638494,"comment_status":"closed","ping_status":"closed","sticky":false,"template":"","format":"standard","meta":{"footnotes":""},"categories":[18],"tags":[682],"class_list":["post-638475","post","type-post","status-publish","format-standard","has-post-thumbnail","hentry","category-economia","tag-bid"],"_links":{"self":[{"href":"https:\/\/diariodominicano.com\/index.php?rest_route=\/wp\/v2\/posts\/638475","targetHints":{"allow":["GET"]}}],"collection":[{"href":"https:\/\/diariodominicano.com\/index.php?rest_route=\/wp\/v2\/posts"}],"about":[{"href":"https:\/\/diariodominicano.com\/index.php?rest_route=\/wp\/v2\/types\/post"}],"author":[{"embeddable":true,"href":"https:\/\/diariodominicano.com\/index.php?rest_route=\/wp\/v2\/users\/7"}],"replies":[{"embeddable":true,"href":"https:\/\/diariodominicano.com\/index.php?rest_route=%2Fwp%2Fv2%2Fcomments&post=638475"}],"version-history":[{"count":1,"href":"https:\/\/diariodominicano.com\/index.php?rest_route=\/wp\/v2\/posts\/638475\/revisions"}],"predecessor-version":[{"id":638495,"href":"https:\/\/diariodominicano.com\/index.php?rest_route=\/wp\/v2\/posts\/638475\/revisions\/638495"}],"wp:featuredmedia":[{"embeddable":true,"href":"https:\/\/diariodominicano.com\/index.php?rest_route=\/wp\/v2\/media\/638494"}],"wp:attachment":[{"href":"https:\/\/diariodominicano.com\/index.php?rest_route=%2Fwp%2Fv2%2Fmedia&parent=638475"}],"wp:term":[{"taxonomy":"category","embeddable":true,"href":"https:\/\/diariodominicano.com\/index.php?rest_route=%2Fwp%2Fv2%2Fcategories&post=638475"},{"taxonomy":"post_tag","embeddable":true,"href":"https:\/\/diariodominicano.com\/index.php?rest_route=%2Fwp%2Fv2%2Ftags&post=638475"}],"curies":[{"name":"wp","href":"https:\/\/api.w.org\/{rel}","templated":true}]}}