{"id":638453,"date":"2025-09-16T16:38:25","date_gmt":"2025-09-16T20:38:25","guid":{"rendered":"https:\/\/diariodominicano.com\/?p=638453"},"modified":"2025-09-16T16:38:27","modified_gmt":"2025-09-16T20:38:27","slug":"reformas-que-no-solucionan","status":"publish","type":"post","link":"https:\/\/diariodominicano.com\/?p=638453","title":{"rendered":"Reformas que no solucionan"},"content":{"rendered":"\n<p>Por: Ram\u00f3n Antonio Veras.<\/p>\n\n\n\n<p>1.- Las personas de sanos sentimientos que forman parte de una sociedad que no sirve para nada, con facilidad se ilusionan fijando en su conciencia cosas atractivas pero infundadas.<\/p>\n\n\n\n<p>2.- Al dominicano honesto le calientan la cabeza, le hacen crear en la mente castillos en el aire, cu\u00e1ntas veces le dicen que el ambiente donde estamos es salvable.<\/p>\n\n\n\n<p>3.- La ciudadana o el ciudadano esperanzado en lo mejor para su pa\u00eds se mantiene optimista, llevando una existencia de ensue\u00f1o, de gratos anhelos.<\/p>\n\n\n\n<p>4.- El connacional nuestro, lleno de bondad, se pone euf\u00f3rico, muy contento, cuando escucha que en la Rep\u00fablica Dominicana se van a efectuar reformas en algunas instituciones u organismos del Estado.<\/p>\n\n\n\n<p>5.- Pero ocurre que el nivel de deterioro presente en el ordenamiento vigente dominicano no est\u00e1 para la aplicaci\u00f3n de t\u00edmidas reformas. Requiere de profundas medidas estructurales, de fondo, no de forma.<\/p>\n\n\n\n<p>6.- En el orden social dominicano, una reforma es una innovaci\u00f3n parcial que mantiene lo esencial de la situaci\u00f3n existente sin afectar los fundamentos del r\u00e9gimen econ\u00f3mico.<\/p>\n\n\n\n<p>7.- Reformas simples no es lo mismo que reformas democr\u00e1ticas que entra\u00f1an cambios de contenido progresista que interesan a amplios sectores sociales afectados por las clases dominantes.<\/p>\n\n\n\n<p>8.- En nuestro pa\u00eds, hacer referencia a reformar la Polic\u00eda Nacional no es m\u00e1s que pura ilusi\u00f3n, un hermoso deseo, pero frustrado desde sus inicios.<\/p>\n\n\n\n<p>9.- Los miembros de la Polic\u00eda Nacional son integrantes de la sociedad dominicana que desde hace mucho tiempo est\u00e1 da\u00f1ada por entero y no se salva con reformas hijas de las circunstancias.<\/p>\n\n\n\n<p>10.- Los males que afectan a la Polic\u00eda Nacional son propios de la sociedad a la que ella le sirve y desde donde provienen sus miembros. Los vicios sociales que arrastra el agente de la polic\u00eda tambi\u00e9n contaminan al cura abusador, al abogado, al m\u00e9dico y al politiquero que roba los dineros del erario.<\/p>\n\n\n\n<p>11.- Ese santurr\u00f3n que aplaude hasta con los pies las reformas en las instituciones de un Estado infuncional contribuye a prolongar el desastre nacional.<\/p>\n\n\n\n<p>12.- Comprobar que la Polic\u00eda Nacional ha matado a 170 civiles en lo que va del 2025, sin contar a los cinco j\u00f3venes asesinados el mi\u00e9rcoles 10 de septiembre del a\u00f1o en curso, en la Barraquita, Santiago de los Caballeros, tambi\u00e9n hay que ligarlo con el esc\u00e1ndalo en SENASA.<\/p>\n\n\n\n<p>13.- Los grupos dominantes del pa\u00eds pretenden hacer creer que las lacras en la Polic\u00eda Nacional son de su exclusividad, todo con el fin de que el pueblo no sepa que esas feas manchas est\u00e1n pegadas, son inherentes al cuerpo social dominicano.<\/p>\n\n\n\n<p>14.- El conjunto de medidas necesarias a tomar para higienizar el medio donde vivimos no debe estar dirigido solamente a la Polic\u00eda Nacional, sino al Estado por entero.<\/p>\n\n\n\n<p>15.- El asunto que nos da\u00f1a como comunidad humana no est\u00e1 solo en la Polic\u00eda Nacional, sino en el Estado y la sociedad sobre la cual se levanta. Con una simple desinfecci\u00f3n no se hace labor de purificaci\u00f3n.<\/p>\n\n\n\n<p>16.- No basta con lanzar resabios contra la Polic\u00eda Nacional; lo que procede es hacer desaparecer la base podrida que le sirve de sustentaci\u00f3n a ella y a otros \u00f3rganos que nos lesionan como pa\u00eds.<\/p>\n\n\n\n<p>Santiago de los Caballeros,<\/p>\n","protected":false},"excerpt":{"rendered":"<p>Por: Ram\u00f3n Antonio Veras. 1.- Las personas de sanos sentimientos que forman parte de una sociedad que no sirve para nada, con facilidad se ilusionan fijando en su conciencia cosas atractivas pero infundadas. 2.- Al dominicano honesto le calientan la cabeza, le hacen crear en la mente castillos en el aire, cu\u00e1ntas veces le dicen [&hellip;]<\/p>\n","protected":false},"author":7,"featured_media":404710,"comment_status":"closed","ping_status":"closed","sticky":false,"template":"","format":"standard","meta":{"footnotes":""},"categories":[16],"tags":[426],"class_list":["post-638453","post","type-post","status-publish","format-standard","has-post-thumbnail","hentry","category-opiniones","tag-ramon-antonio-veras"],"_links":{"self":[{"href":"https:\/\/diariodominicano.com\/index.php?rest_route=\/wp\/v2\/posts\/638453","targetHints":{"allow":["GET"]}}],"collection":[{"href":"https:\/\/diariodominicano.com\/index.php?rest_route=\/wp\/v2\/posts"}],"about":[{"href":"https:\/\/diariodominicano.com\/index.php?rest_route=\/wp\/v2\/types\/post"}],"author":[{"embeddable":true,"href":"https:\/\/diariodominicano.com\/index.php?rest_route=\/wp\/v2\/users\/7"}],"replies":[{"embeddable":true,"href":"https:\/\/diariodominicano.com\/index.php?rest_route=%2Fwp%2Fv2%2Fcomments&post=638453"}],"version-history":[{"count":1,"href":"https:\/\/diariodominicano.com\/index.php?rest_route=\/wp\/v2\/posts\/638453\/revisions"}],"predecessor-version":[{"id":638457,"href":"https:\/\/diariodominicano.com\/index.php?rest_route=\/wp\/v2\/posts\/638453\/revisions\/638457"}],"wp:featuredmedia":[{"embeddable":true,"href":"https:\/\/diariodominicano.com\/index.php?rest_route=\/wp\/v2\/media\/404710"}],"wp:attachment":[{"href":"https:\/\/diariodominicano.com\/index.php?rest_route=%2Fwp%2Fv2%2Fmedia&parent=638453"}],"wp:term":[{"taxonomy":"category","embeddable":true,"href":"https:\/\/diariodominicano.com\/index.php?rest_route=%2Fwp%2Fv2%2Fcategories&post=638453"},{"taxonomy":"post_tag","embeddable":true,"href":"https:\/\/diariodominicano.com\/index.php?rest_route=%2Fwp%2Fv2%2Ftags&post=638453"}],"curies":[{"name":"wp","href":"https:\/\/api.w.org\/{rel}","templated":true}]}}