{"id":638408,"date":"2025-09-16T10:26:35","date_gmt":"2025-09-16T14:26:35","guid":{"rendered":"https:\/\/diariodominicano.com\/?p=638408"},"modified":"2025-09-16T10:26:41","modified_gmt":"2025-09-16T14:26:41","slug":"alcaldia-nyc-ha-beneficiado-mas-de-250-mil-personas-con-los-centros-workforce1","status":"publish","type":"post","link":"https:\/\/diariodominicano.com\/?p=638408","title":{"rendered":"Alcald\u00eda NYC ha beneficiado m\u00e1s de 250 mil personas con los Centros Workforce1"},"content":{"rendered":"\n<p><strong>Por Ram\u00f3n Mercedes<\/strong><\/p>\n\n\n\n<p><strong>NUEVA YORK.-<\/strong>&nbsp;M\u00e1s de 250.000 personas se han beneficiado de los 18 Centros Profesionales Workforce1 en los cinco condados desde el inicio de la administraci\u00f3n del alcalde Eric Adams en 2021, y m\u00e1s de 80.000 se han conectado con nuevos empleos bien remunerados a trav\u00e9s de los centros.<\/p>\n\n\n\n<p>El comisionado del Departamento de Servicios para Peque\u00f1as Empresas de la ciudad (SBS), Dynishal Gross, se\u00f1al\u00f3 que los Centros Profesionales, las Salas de Contrataci\u00f3n y las Ferias de Empleo de Workforce1 hab\u00edan conectado a miles de neoyorquinos que viven en \u00e1reas con el mayor desempleo con oportunidades econ\u00f3micas.<\/p>\n\n\n\n<p>Los Centros brindan una gran variedad de servicios, como colocaci\u00f3n laboral, orientaci\u00f3n, capacitaci\u00f3n y talleres de curr\u00edculum vitae, y se asocian con varias agencias de la ciudad y socios del sector privado, as\u00ed como con la Oficina de Desarrollo del Talento y la Fuerza Laboral de NYC.<\/p>\n\n\n\n<p>Gross tambi\u00e9n anunci\u00f3 la expansi\u00f3n de la Iniciativa Jobs NYC, con socios comunitarios como Bronx Tech Hub, que est\u00e1 lanzando un programa de capacitaci\u00f3n de seis semanas en ingenier\u00eda de inteligencia artificial; el Proyecto Comunitario Inspirado, que financiar\u00e1 el Programa de Aprendizaje de Salud Conductual para apoyar a los aprendices actuales con capacitaci\u00f3n cl\u00ednica paga, instrucci\u00f3n semanal, tutor\u00eda y certificaci\u00f3n.<\/p>\n\n\n\n<p>Asimismo, Oportunidades para un Ma\u00f1ana Mejor, que lanzar\u00e1 un programa de HVAC, Energ\u00eda Renovable y Construcci\u00f3n Sostenible para 35 aprendices.<\/p>\n\n\n\n<p>\u00abEntre el compromiso de SBS de brindar programas de capacitaci\u00f3n gratuitos y transformadores, servicios especializados para conectar a los neoyorquinos con oportunidades profesionales en industrias de alto crecimiento y alta demanda, y ayudar a las peque\u00f1as empresas a contratar localmente, seguimos trabajando para reducir el desempleo e impulsar una participaci\u00f3n laboral r\u00e9cord\u00bb, dijo Gross.<\/p>\n\n\n\n<p>Adem\u00e1s, la Oficina de Desarrollo del Talento y la Fuerza Laboral de NYC est\u00e1 en v\u00edas de cumplir la meta del alcalde Adams de brindar oportunidades de aprendizaje a 30,000 neoyorquinos para 2030 a trav\u00e9s de su programa \u00abAcelerador de Aprendizaje\u201d.<\/p>\n\n\n\n<p>Hasta la fecha, seg\u00fan informaron las autoridades, NYC Talent ha conectado a 15,000 neoyorquinos con modelos de aprendizaje, creando una trayectoria profesional para estudiantes y j\u00f3venes.<\/p>\n","protected":false},"excerpt":{"rendered":"<p>Por Ram\u00f3n Mercedes NUEVA YORK.-&nbsp;M\u00e1s de 250.000 personas se han beneficiado de los 18 Centros Profesionales Workforce1 en los cinco condados desde el inicio de la administraci\u00f3n del alcalde Eric Adams en 2021, y m\u00e1s de 80.000 se han conectado con nuevos empleos bien remunerados a trav\u00e9s de los centros. El comisionado del Departamento de [&hellip;]<\/p>\n","protected":false},"author":2,"featured_media":638409,"comment_status":"closed","ping_status":"closed","sticky":false,"template":"","format":"standard","meta":{"footnotes":""},"categories":[20,22],"tags":[],"class_list":["post-638408","post","type-post","status-publish","format-standard","has-post-thumbnail","hentry","category-dominicana-hoy","category-politica"],"_links":{"self":[{"href":"https:\/\/diariodominicano.com\/index.php?rest_route=\/wp\/v2\/posts\/638408","targetHints":{"allow":["GET"]}}],"collection":[{"href":"https:\/\/diariodominicano.com\/index.php?rest_route=\/wp\/v2\/posts"}],"about":[{"href":"https:\/\/diariodominicano.com\/index.php?rest_route=\/wp\/v2\/types\/post"}],"author":[{"embeddable":true,"href":"https:\/\/diariodominicano.com\/index.php?rest_route=\/wp\/v2\/users\/2"}],"replies":[{"embeddable":true,"href":"https:\/\/diariodominicano.com\/index.php?rest_route=%2Fwp%2Fv2%2Fcomments&post=638408"}],"version-history":[{"count":1,"href":"https:\/\/diariodominicano.com\/index.php?rest_route=\/wp\/v2\/posts\/638408\/revisions"}],"predecessor-version":[{"id":638410,"href":"https:\/\/diariodominicano.com\/index.php?rest_route=\/wp\/v2\/posts\/638408\/revisions\/638410"}],"wp:featuredmedia":[{"embeddable":true,"href":"https:\/\/diariodominicano.com\/index.php?rest_route=\/wp\/v2\/media\/638409"}],"wp:attachment":[{"href":"https:\/\/diariodominicano.com\/index.php?rest_route=%2Fwp%2Fv2%2Fmedia&parent=638408"}],"wp:term":[{"taxonomy":"category","embeddable":true,"href":"https:\/\/diariodominicano.com\/index.php?rest_route=%2Fwp%2Fv2%2Fcategories&post=638408"},{"taxonomy":"post_tag","embeddable":true,"href":"https:\/\/diariodominicano.com\/index.php?rest_route=%2Fwp%2Fv2%2Ftags&post=638408"}],"curies":[{"name":"wp","href":"https:\/\/api.w.org\/{rel}","templated":true}]}}