{"id":638343,"date":"2025-09-15T19:28:33","date_gmt":"2025-09-15T23:28:33","guid":{"rendered":"https:\/\/diariodominicano.com\/?p=638343"},"modified":"2025-09-15T19:28:42","modified_gmt":"2025-09-15T23:28:42","slug":"instituto-duartiano-advierte-sobre-acuerdos-del-dialogo-de-la-crisis-haitiana","status":"publish","type":"post","link":"https:\/\/diariodominicano.com\/?p=638343","title":{"rendered":"Instituto Duartiano advierte sobre acuerdos del di\u00e1logo de la crisis haitiana"},"content":{"rendered":"\n<p>Santo Domingo, R.D.-&nbsp;El Instituto Duartiano mostr\u00f3 hoy su identificaci\u00f3n con los acuerdos que resulten del \u201cDi\u00e1logo sobre la Crisis Haitiana y sus Implicaciones en la Rep\u00fablica Dominicana\u201d, siempre que estos no entra\u00f1an ninguna \u201cmedida regulatoria\u201d de inmigrantes ilegales o indocumentados, ni el otorgamiento de permisos transitorios de trabajo.<\/p>\n\n\n\n<p>\u201cTampoco que impliquen la dotaci\u00f3n de documentos de identidad personal librados por la autoridad dominicana al margen del ordenamiento legal y constitucional, con respecto a s\u00fabditos de cualquier otro pa\u00eds\u201d, precis\u00f3 el presidente del Instituto Duartiano, Wilson G\u00f3mez Ram\u00edrez, en un encuentro en su sede de la Ciudad Colonial, con la presencia de directivos.<\/p>\n\n\n\n<figure class=\"wp-block-gallery has-nested-images columns-default is-cropped wp-block-gallery-1 is-layout-flex wp-block-gallery-is-layout-flex\">\n<figure class=\"wp-block-image size-large\"><img loading=\"lazy\" decoding=\"async\" width=\"1024\" height=\"683\" data-id=\"638357\" src=\"https:\/\/diariodominicano.com\/wp-content\/uploads\/2025\/09\/Jacinto-Pichardo-Wilson-Gomez-y-Pilia-Moreno-1024x683.jpg\" alt=\"\" class=\"wp-image-638357\" srcset=\"https:\/\/diariodominicano.com\/wp-content\/uploads\/2025\/09\/Jacinto-Pichardo-Wilson-Gomez-y-Pilia-Moreno-1024x683.jpg 1024w, https:\/\/diariodominicano.com\/wp-content\/uploads\/2025\/09\/Jacinto-Pichardo-Wilson-Gomez-y-Pilia-Moreno-300x200.jpg 300w, https:\/\/diariodominicano.com\/wp-content\/uploads\/2025\/09\/Jacinto-Pichardo-Wilson-Gomez-y-Pilia-Moreno-768x512.jpg 768w, https:\/\/diariodominicano.com\/wp-content\/uploads\/2025\/09\/Jacinto-Pichardo-Wilson-Gomez-y-Pilia-Moreno-1536x1024.jpg 1536w, https:\/\/diariodominicano.com\/wp-content\/uploads\/2025\/09\/Jacinto-Pichardo-Wilson-Gomez-y-Pilia-Moreno-2048x1366.jpg 2048w, https:\/\/diariodominicano.com\/wp-content\/uploads\/2025\/09\/Jacinto-Pichardo-Wilson-Gomez-y-Pilia-Moreno-816x544.jpg 816w\" sizes=\"auto, (max-width: 1024px) 100vw, 1024px\" \/><figcaption class=\"wp-element-caption\">Jacinto Pichardo, Wilson G\u00f3mez y Pilia Moreno <\/figcaption><\/figure>\n<\/figure>\n\n\n\n<p>G\u00f3mez Ram\u00edrez sostuvo que la entidad patri\u00f3tica cre\u00eda firmemente en la necesidad de que las autoridades cumplieran con el m\u00e1s alto sentido de responsabilidad en la aplicaci\u00f3n de las leyes migratorias y laborales, como v\u00eda para garantizar el fortalecimiento institucional del pa\u00eds.<\/p>\n\n\n\n<p>En ese orden, advirti\u00f3 que deb\u00eda respetarse de manera absoluta el ordenamiento constitucional, en especial lo establecido en el art\u00edculo 3 de la Carta Magna, que consagra el principio de la no intervenci\u00f3n como una norma invariable de la pol\u00edtica internacional dominicana.<\/p>\n\n\n\n<figure class=\"wp-block-gallery has-nested-images columns-default is-cropped wp-block-gallery-2 is-layout-flex wp-block-gallery-is-layout-flex\">\n<figure class=\"wp-block-image size-large\"><img loading=\"lazy\" decoding=\"async\" width=\"1024\" height=\"683\" data-id=\"638356\" src=\"https:\/\/diariodominicano.com\/wp-content\/uploads\/2025\/09\/Directivos-del-Instituto-Duartiano-1024x683.jpg\" alt=\"\" class=\"wp-image-638356\" srcset=\"https:\/\/diariodominicano.com\/wp-content\/uploads\/2025\/09\/Directivos-del-Instituto-Duartiano-1024x683.jpg 1024w, https:\/\/diariodominicano.com\/wp-content\/uploads\/2025\/09\/Directivos-del-Instituto-Duartiano-300x200.jpg 300w, https:\/\/diariodominicano.com\/wp-content\/uploads\/2025\/09\/Directivos-del-Instituto-Duartiano-768x512.jpg 768w, https:\/\/diariodominicano.com\/wp-content\/uploads\/2025\/09\/Directivos-del-Instituto-Duartiano-1536x1024.jpg 1536w, https:\/\/diariodominicano.com\/wp-content\/uploads\/2025\/09\/Directivos-del-Instituto-Duartiano-2048x1366.jpg 2048w, https:\/\/diariodominicano.com\/wp-content\/uploads\/2025\/09\/Directivos-del-Instituto-Duartiano-816x544.jpg 816w\" sizes=\"auto, (max-width: 1024px) 100vw, 1024px\" \/><figcaption class=\"wp-element-caption\">Directivos del Instituto Duartiano <\/figcaption><\/figure>\n<\/figure>\n\n\n\n<p>El presidente del Instituto Duartiano consider\u00f3 de importancia que el Consejo Econ\u00f3mico y Social (CES) propusiera la creaci\u00f3n de un Observatorio Nacional de Migraci\u00f3n Laboral, aunque puntualiz\u00f3 que su composici\u00f3n no deb\u00eda limitarse a \u00f3rganos estatales como el Ministerio de Trabajo, Migraci\u00f3n y Relaciones Exteriores, sino incluir a instituciones de la vida civil, en especial aquellas de reconocida vocaci\u00f3n patri\u00f3tica.<\/p>\n\n\n\n<p>Manifest\u00f3 que resultaba una necesidad impostergable que el presidente Luis Abinader, en su rol de responsable de la seguridad del Estado y de la pol\u00edtica internacional, enfrentara con determinaci\u00f3n la corrupci\u00f3n fronteriza y encabezar\u00e1 una ofensiva diplom\u00e1tica en\u00e9rgica para dar a conocer en el \u00e1mbito internacional los aportes extraordinarios que ha realizado el pa\u00eds en favor de Hait\u00ed, as\u00ed como la inexistencia en la sociedad dominicana de pr\u00e1cticas racistas, discriminatorias y xenof\u00f3bicas.<\/p>\n\n\n\n<p>El dirigente duartiano record\u00f3 que el art\u00edculo 10 de la Constituci\u00f3n establece como de \u201csupremo y permanente inter\u00e9s nacional\u201d la seguridad, el desarrollo econ\u00f3mico, social y tur\u00edstico de la zona fronteriza, as\u00ed como su integraci\u00f3n vial, comunicacional y productiva, junto a la difusi\u00f3n de los valores patrios y culturales del pueblo dominicano.<\/p>\n\n\n\n<p>A la vez, reclam\u00f3 legislar para garantizar el cumplimiento de la reserva de ley que establece el numeral 2 del mismo art\u00edculo 10, sobre el r\u00e9gimen de adquisici\u00f3n y transferencia de propiedades en la zona fronteriza, privilegiando el inter\u00e9s nacional y la titularidad dominicana. Extendi\u00f3 este reclamo a la preservaci\u00f3n del patrimonio hist\u00f3rico e inmobiliario colonial y republicano que se erige en la Ciudad Colonial.<\/p>\n\n\n\n<p>G\u00f3mez Ram\u00edrez exhort\u00f3 a los jueces dominicanos a asumir con entereza y compromiso patri\u00f3tico los expedientes relativos al tr\u00e1fico de ilegales e indocumentados que llegan a sus despachos, aplicando con rigor las leyes de la naci\u00f3n, poniendo en evidencia su sentido de responsabilidad y su elevado compromiso con la patria.<\/p>\n\n\n\n<p>Finalmente, inst\u00f3 a los jueces a cesar las devoluciones de veh\u00edculos y propiedades que retiene el Ministerio P\u00fablico y otros organismos, en ocasi\u00f3n de sus operativos contra el tr\u00e1fico de indocumentados e ilegales, toda vez que estos constituyen cuerpos de delito en cada caso.<\/p>\n\n\n\n<figure class=\"wp-block-embed is-type-video is-provider-youtube wp-block-embed-youtube wp-embed-aspect-16-9 wp-has-aspect-ratio\"><div class=\"wp-block-embed__wrapper\">\n<iframe loading=\"lazy\" title=\"Instituto Duartiano advierte sobre acuerdos del di\u00e1logo de la crisis haitiana\" width=\"616\" height=\"347\" src=\"https:\/\/www.youtube.com\/embed\/VNQ1eMdaQSE?feature=oembed\" frameborder=\"0\" allow=\"accelerometer; autoplay; clipboard-write; encrypted-media; gyroscope; picture-in-picture; web-share\" referrerpolicy=\"strict-origin-when-cross-origin\" allowfullscreen><\/iframe>\n<\/div><\/figure>\n\n\n\n<p>Enver L\u00f3pez Milander <a href=\"mailto:enverolm2@gmail.com\">enverolm2@gmail.com<\/a> <\/p>\n","protected":false},"excerpt":{"rendered":"<p>Santo Domingo, R.D.-&nbsp;El Instituto Duartiano mostr\u00f3 hoy su identificaci\u00f3n con los acuerdos que resulten del \u201cDi\u00e1logo sobre la Crisis Haitiana y sus Implicaciones en la Rep\u00fablica Dominicana\u201d, siempre que estos no entra\u00f1an ninguna \u201cmedida regulatoria\u201d de inmigrantes ilegales o indocumentados, ni el otorgamiento de permisos transitorios de trabajo. \u201cTampoco que impliquen la dotaci\u00f3n de documentos [&hellip;]<\/p>\n","protected":false},"author":7,"featured_media":638355,"comment_status":"closed","ping_status":"closed","sticky":true,"template":"","format":"standard","meta":{"footnotes":""},"categories":[20,27],"tags":[264],"class_list":["post-638343","post","type-post","status-publish","format-standard","has-post-thumbnail","hentry","category-dominicana-hoy","category-portada","tag-instituto-duartiano"],"_links":{"self":[{"href":"https:\/\/diariodominicano.com\/index.php?rest_route=\/wp\/v2\/posts\/638343","targetHints":{"allow":["GET"]}}],"collection":[{"href":"https:\/\/diariodominicano.com\/index.php?rest_route=\/wp\/v2\/posts"}],"about":[{"href":"https:\/\/diariodominicano.com\/index.php?rest_route=\/wp\/v2\/types\/post"}],"author":[{"embeddable":true,"href":"https:\/\/diariodominicano.com\/index.php?rest_route=\/wp\/v2\/users\/7"}],"replies":[{"embeddable":true,"href":"https:\/\/diariodominicano.com\/index.php?rest_route=%2Fwp%2Fv2%2Fcomments&post=638343"}],"version-history":[{"count":1,"href":"https:\/\/diariodominicano.com\/index.php?rest_route=\/wp\/v2\/posts\/638343\/revisions"}],"predecessor-version":[{"id":638358,"href":"https:\/\/diariodominicano.com\/index.php?rest_route=\/wp\/v2\/posts\/638343\/revisions\/638358"}],"wp:featuredmedia":[{"embeddable":true,"href":"https:\/\/diariodominicano.com\/index.php?rest_route=\/wp\/v2\/media\/638355"}],"wp:attachment":[{"href":"https:\/\/diariodominicano.com\/index.php?rest_route=%2Fwp%2Fv2%2Fmedia&parent=638343"}],"wp:term":[{"taxonomy":"category","embeddable":true,"href":"https:\/\/diariodominicano.com\/index.php?rest_route=%2Fwp%2Fv2%2Fcategories&post=638343"},{"taxonomy":"post_tag","embeddable":true,"href":"https:\/\/diariodominicano.com\/index.php?rest_route=%2Fwp%2Fv2%2Ftags&post=638343"}],"curies":[{"name":"wp","href":"https:\/\/api.w.org\/{rel}","templated":true}]}}