{"id":638298,"date":"2025-09-15T11:07:40","date_gmt":"2025-09-15T15:07:40","guid":{"rendered":"https:\/\/diariodominicano.com\/?p=638298"},"modified":"2025-09-15T11:07:48","modified_gmt":"2025-09-15T15:07:48","slug":"participacion-ciudadana-reclama-a-la-procuradora-general-y-a-la-ministra-de-interior-y-policia-se-investigue-cada-persona-fallecida-en-intercambios-de-disparos-con-la-policia-nacional","status":"publish","type":"post","link":"https:\/\/diariodominicano.com\/?p=638298","title":{"rendered":"Participaci\u00f3n Ciudadana reclama a la Procuradora General y a la Ministra de Interior y Polic\u00eda  se investigue cada persona fallecida en intercambios de disparos con la Polic\u00eda Nacional"},"content":{"rendered":"\n<p>El movimiento c\u00edvico no partidista, Participaci\u00f3n Ciudadana, reclama a la Procuradora General de la Rep\u00fablica y a la Ministra de Interior y Polic\u00eda dictar las pol\u00edticas p\u00fablicas que sean necesarias para garantizar que cada caso de fallecimiento de una persona en alegados intercambios de disparos, sean minuciosamente investigados, como se anuncia ocurrir\u00e1 con la muerte de cinco j\u00f3venes en Santiago.<\/p>\n\n\n\n<p>La entidad de la sociedad civil se\u00f1al\u00f3 que las investigaciones deben siempre ser efectuadas por fiscales con la colaboraci\u00f3n del Ministerio&nbsp;de Interior y la Polic\u00eda Nacional, y los resultados de tales investigaciones deben ser dados a conocer en un tiempo razonable y de existir responsabilidad penal, los responsables deben ser sometidos a la acci\u00f3n de la justicia.<\/p>\n\n\n\n<p>Para nadie es un secreto que la eliminaci\u00f3n de personas bajo un alegado intercambio de disparos no es otra cosa, en muchos de los casos, que la implementaci\u00f3n de una pol\u00edtica p\u00fablica que ha prevalecido en todos los gobiernos, sin consecuencias para los responsables.<\/p>\n\n\n\n<p>Esta pol\u00edtica es inconstitucional e ilegal, y convierte a los agentes del orden en juez y ejecutor, aplicando una pena de muerte que no existe en nuestro pa\u00eds, bajo el falso argumento de control de la criminalidad, que transforma a esos agentes en criminales.<\/p>\n\n\n\n<p>Las estad\u00edsticas son verdaderamente alarmantes, pues seg\u00fan informa Diario Libre, al 5 de septiembre del a\u00f1o en curso van 170 personas muertas en esos intercambios, superando en 18 los ocurridos para el mismo per\u00edodo del a\u00f1o pasado.<\/p>\n\n\n\n<p>El Informe de Latinobar\u00f3metro 2024 sit\u00faa a la Rep\u00fablica Dominicana en primer lugar, junto a Bolivia, en violencia desde el Estado con un 21% y Chile con el mejor promedio con 4%, siendo el promedio latinoamericano de 14%.<\/p>\n\n\n\n<p>Las investigaciones de estos casos estuvieron por muchos a\u00f1os en manos de la propia polic\u00eda y el&nbsp;esp\u00edritu de cuerpo imped\u00eda una investigaci\u00f3n independiente y nunca se divulgaba la suerte de tales investigaciones.<\/p>\n\n\n\n<p>El presente hecho ocurrido en Santiago debe servir para cambiar la impunidad que prevalece en este tipo de casos y no solo en este asunto puntual, sino en cualquier ocasi\u00f3n en que una persona pierda la vida de manos de miembros de la Polic\u00eda Nacional.<\/p>\n\n\n\n<p>Corresponde a la Procuradora General de la Rep\u00fablica, la magistrada Yeni Berenice Reynoso, con la colaboraci\u00f3n de la\u00a0Ministra\u00a0de Interior y Polic\u00eda, Faride Raful, dise\u00f1ar y aprobar las pol\u00edticas p\u00fablicas necesarias para garantizar que estas investigaciones se realicen puntualmente en todos los casos y sus resultados sean dados a conocer,\u00a0y si alguien ha comprometido su responsabilidad penal, sea sometido a la acci\u00f3n de la justicia y se aplique el r\u00e9gimen de consecuencias correspondiente.<\/p>\n\n\n\n<p>Alaiska Cuevas<\/p>\n\n\n\n<p><a target=\"_blank\" href=\"mailto:a.cuevas@pciudadana.org\" rel=\"noreferrer noopener\">a.cuevas@pciudadana.org<\/a><\/p>\n\n\n\n<p>CONSEJO NACIONAL<\/p>\n\n\n\n<p>15 de septiembre de 2025<\/p>\n\n\n\n<p><strong>Alaiska Cuevas |<\/strong>&nbsp;Encargada de Comunicaciones<\/p>\n","protected":false},"excerpt":{"rendered":"<p>El movimiento c\u00edvico no partidista, Participaci\u00f3n Ciudadana, reclama a la Procuradora General de la Rep\u00fablica y a la Ministra de Interior y Polic\u00eda dictar las pol\u00edticas p\u00fablicas que sean necesarias para garantizar que cada caso de fallecimiento de una persona en alegados intercambios de disparos, sean minuciosamente investigados, como se anuncia ocurrir\u00e1 con la muerte [&hellip;]<\/p>\n","protected":false},"author":2,"featured_media":638299,"comment_status":"closed","ping_status":"closed","sticky":false,"template":"","format":"standard","meta":{"footnotes":""},"categories":[36,29,27],"tags":[],"class_list":["post-638298","post","type-post","status-publish","format-standard","has-post-thumbnail","hentry","category-hombresmujeresycosas","category-policiasucesos","category-portada"],"_links":{"self":[{"href":"https:\/\/diariodominicano.com\/index.php?rest_route=\/wp\/v2\/posts\/638298","targetHints":{"allow":["GET"]}}],"collection":[{"href":"https:\/\/diariodominicano.com\/index.php?rest_route=\/wp\/v2\/posts"}],"about":[{"href":"https:\/\/diariodominicano.com\/index.php?rest_route=\/wp\/v2\/types\/post"}],"author":[{"embeddable":true,"href":"https:\/\/diariodominicano.com\/index.php?rest_route=\/wp\/v2\/users\/2"}],"replies":[{"embeddable":true,"href":"https:\/\/diariodominicano.com\/index.php?rest_route=%2Fwp%2Fv2%2Fcomments&post=638298"}],"version-history":[{"count":1,"href":"https:\/\/diariodominicano.com\/index.php?rest_route=\/wp\/v2\/posts\/638298\/revisions"}],"predecessor-version":[{"id":638300,"href":"https:\/\/diariodominicano.com\/index.php?rest_route=\/wp\/v2\/posts\/638298\/revisions\/638300"}],"wp:featuredmedia":[{"embeddable":true,"href":"https:\/\/diariodominicano.com\/index.php?rest_route=\/wp\/v2\/media\/638299"}],"wp:attachment":[{"href":"https:\/\/diariodominicano.com\/index.php?rest_route=%2Fwp%2Fv2%2Fmedia&parent=638298"}],"wp:term":[{"taxonomy":"category","embeddable":true,"href":"https:\/\/diariodominicano.com\/index.php?rest_route=%2Fwp%2Fv2%2Fcategories&post=638298"},{"taxonomy":"post_tag","embeddable":true,"href":"https:\/\/diariodominicano.com\/index.php?rest_route=%2Fwp%2Fv2%2Ftags&post=638298"}],"curies":[{"name":"wp","href":"https:\/\/api.w.org\/{rel}","templated":true}]}}