{"id":638291,"date":"2025-09-15T10:56:39","date_gmt":"2025-09-15T14:56:39","guid":{"rendered":"https:\/\/diariodominicano.com\/?p=638291"},"modified":"2025-09-15T10:56:49","modified_gmt":"2025-09-15T14:56:49","slug":"codue-alerta-sobre-deterioro-de-valores-sociales-y-la-salud-integral-en-su-quinta-cumbre-ministerial","status":"publish","type":"post","link":"https:\/\/diariodominicano.com\/?p=638291","title":{"rendered":"CODUE alerta sobre deterioro de valores sociales y la salud integral en su \u00abQuinta Cumbre Ministerial\u00bb"},"content":{"rendered":"\n<p><strong>SANTO DOMINGO, RD.<\/strong>\u00a0El Consejo Dominicano de Unidad Evang\u00e9lica (CODUE) celebr\u00f3 con gran \u00e9xito su\u00a0<strong>Quinta Cumbre Ministerial<\/strong>, bajo el lema\u00a0<em>\u00abMoldeado por el Evangelio\u00bb<\/em>, en el cual se hizo un enfoque sobre la problem\u00e1tica de los valores sociales en contexto dominicano, incluyendo el tema de la salud integral.<\/p>\n\n\n\n<p>El evento reuni\u00f3 a m\u00e1s de&nbsp;<strong>250 pastores, l\u00edderes ministeriales, directores ejecutivos y representantes de fundaciones y ONGs cristianas<\/strong>&nbsp;de distintas provincias del pa\u00eds, quienes compartieron ense\u00f1anzas, reflexiones y estrategias para fortalecer el liderazgo cristiano en medio de los desaf\u00edos sociales y espirituales actuales.<\/p>\n\n\n\n<p>Durante su intervenci\u00f3n, el&nbsp;<strong>pastor Feliciano Lacen Custodio<\/strong>, presidente de CODUE, destac\u00f3 que el prop\u00f3sito central de la cumbre fue generar una profunda reflexi\u00f3n sobre el rumbo de la sociedad dominicana, alertando sobre el deterioro de los valores morales y espirituales que amenazan a la familia y a la fe cristiana.<\/p>\n\n\n\n<p><em>\u201cLa cumbre no solo fue un espacio de an\u00e1lisis, sino tambi\u00e9n de formaci\u00f3n. Equipamos a nuestros l\u00edderes con herramientas pr\u00e1cticas para enfrentar los retos actuales desde una perspectiva b\u00edblica y transformadora\u201d<\/em>, afirm\u00f3 Lacen Custodio.<\/p>\n\n\n\n<p>Entre los expositores y participantes destacados se encontraron el&nbsp;<strong>pastor Ezequiel Molina<\/strong>, presidente del Ministerio La Batalla de la Fe; el&nbsp;<strong>pastor Jos\u00e9 Ag\u00fcero<\/strong>, l\u00edder de la Iglesia Bautista Fundamental; el&nbsp;<strong>pastor Rafael Cruz Lora<\/strong>, de la Iglesia Cristiana Shekinah; as\u00ed como el&nbsp;<strong>pastor Ezequiel Molina S\u00e1nchez<\/strong>, vicepresidente del Ministerio La Batalla de la Fe; la&nbsp;<strong>doctora Lidia P\u00e9rez<\/strong>, diputada por Puerto Plata; el&nbsp;<strong>pastor William Pe\u00f1a<\/strong>&nbsp;y el&nbsp;<strong>pastor H\u00e9ctor Santana<\/strong>, de la Iglesia Nuevo Pacto. Todos aportaron valiosas perspectivas en torno a un liderazgo transformador, centrado en los principios del Evangelio.<\/p>\n\n\n\n<p>El encuentro realizado en las instalaciones del Hotel Crowne Plaza, de la avenida George Washington, reafirm\u00f3 el compromiso de CODUE de\u00a0<strong>promover la unidad, la capacitaci\u00f3n y la renovaci\u00f3n espiritual del liderazgo cristiano<\/strong>\u00a0en la Rep\u00fablica Dominicana, convencidos de que la transformaci\u00f3n social comienza con l\u00edderes moldeados por la Palabra de Dios.&#8211;<\/p>\n\n\n\n<p>Consejo Dominicano Unidad Evangelica<\/p>\n\n\n\n<p><a target=\"_blank\" href=\"mailto:asistentecodue@gmail.com\" rel=\"noreferrer noopener\">asistentecodue@gmail.com<\/a><\/p>\n\n\n\n<p>Consejo Dominicano de Unidad Evang\u00e9lica<\/p>\n","protected":false},"excerpt":{"rendered":"<p>SANTO DOMINGO, RD.\u00a0El Consejo Dominicano de Unidad Evang\u00e9lica (CODUE) celebr\u00f3 con gran \u00e9xito su\u00a0Quinta Cumbre Ministerial, bajo el lema\u00a0\u00abMoldeado por el Evangelio\u00bb, en el cual se hizo un enfoque sobre la problem\u00e1tica de los valores sociales en contexto dominicano, incluyendo el tema de la salud integral. El evento reuni\u00f3 a m\u00e1s de&nbsp;250 pastores, l\u00edderes ministeriales, [&hellip;]<\/p>\n","protected":false},"author":2,"featured_media":0,"comment_status":"closed","ping_status":"closed","sticky":false,"template":"","format":"standard","meta":{"footnotes":""},"categories":[20,19,27],"tags":[],"class_list":["post-638291","post","type-post","status-publish","format-standard","hentry","category-dominicana-hoy","category-mi-voz","category-portada"],"_links":{"self":[{"href":"https:\/\/diariodominicano.com\/index.php?rest_route=\/wp\/v2\/posts\/638291","targetHints":{"allow":["GET"]}}],"collection":[{"href":"https:\/\/diariodominicano.com\/index.php?rest_route=\/wp\/v2\/posts"}],"about":[{"href":"https:\/\/diariodominicano.com\/index.php?rest_route=\/wp\/v2\/types\/post"}],"author":[{"embeddable":true,"href":"https:\/\/diariodominicano.com\/index.php?rest_route=\/wp\/v2\/users\/2"}],"replies":[{"embeddable":true,"href":"https:\/\/diariodominicano.com\/index.php?rest_route=%2Fwp%2Fv2%2Fcomments&post=638291"}],"version-history":[{"count":1,"href":"https:\/\/diariodominicano.com\/index.php?rest_route=\/wp\/v2\/posts\/638291\/revisions"}],"predecessor-version":[{"id":638292,"href":"https:\/\/diariodominicano.com\/index.php?rest_route=\/wp\/v2\/posts\/638291\/revisions\/638292"}],"wp:attachment":[{"href":"https:\/\/diariodominicano.com\/index.php?rest_route=%2Fwp%2Fv2%2Fmedia&parent=638291"}],"wp:term":[{"taxonomy":"category","embeddable":true,"href":"https:\/\/diariodominicano.com\/index.php?rest_route=%2Fwp%2Fv2%2Fcategories&post=638291"},{"taxonomy":"post_tag","embeddable":true,"href":"https:\/\/diariodominicano.com\/index.php?rest_route=%2Fwp%2Fv2%2Ftags&post=638291"}],"curies":[{"name":"wp","href":"https:\/\/api.w.org\/{rel}","templated":true}]}}