{"id":638269,"date":"2025-09-15T09:51:28","date_gmt":"2025-09-15T13:51:28","guid":{"rendered":"https:\/\/diariodominicano.com\/?p=638269"},"modified":"2025-09-15T09:53:51","modified_gmt":"2025-09-15T13:53:51","slug":"enterate-ny-132","status":"publish","type":"post","link":"https:\/\/diariodominicano.com\/?p=638269","title":{"rendered":"Ent\u00e9rate NY"},"content":{"rendered":"\n<p><strong>PERIODISMO INFORMATIVO Y CR\u00cdTICO AL SERVICIO DE LA COMUNIDAD<\/strong><\/p>\n\n\n\n<p><strong>Por Ram\u00f3n Mercedes<\/strong><\/p>\n\n\n\n<p><strong>\u25baDudas despejadas:<\/strong><strong>\u00a0<\/strong><\/p>\n\n\n\n<figure class=\"wp-block-image size-full\"><img loading=\"lazy\" decoding=\"async\" width=\"625\" height=\"417\" src=\"https:\/\/diariodominicano.com\/wp-content\/uploads\/2025\/09\/Parrafo-1.-Dudas-despejadas.jpg\" alt=\"\" class=\"wp-image-638270\" srcset=\"https:\/\/diariodominicano.com\/wp-content\/uploads\/2025\/09\/Parrafo-1.-Dudas-despejadas.jpg 625w, https:\/\/diariodominicano.com\/wp-content\/uploads\/2025\/09\/Parrafo-1.-Dudas-despejadas-300x200.jpg 300w\" sizes=\"auto, (max-width: 625px) 100vw, 625px\" \/><\/figure>\n\n\n\n<p>Ante las irregularidades millonarias cometida en SENASA, miles de dominicanos que pagaron sus seguros en las oficinas ubicadas en el exterior (NY; Nueva Jersey; Filadelfia y Allentown en Pensilvania; Boston y Lawrence en Massachusetts; en Orlando y Miami, adem\u00e1s, en Hato Rey-Puerto Rico) han despejado sus dudas, de si su seguro estaba bueno despu\u00e9s de haber pagado US$420.00 por un a\u00f1o, en personas con menos de 70 a\u00f1os. El alivio a los miles de quisqueyanos viene luego de la afirmaci\u00f3n, el pasado fin de semana, del vocero de la presidencia en RD, F\u00e9lix Reyna, que llam\u00f3 a la tranquilidad de todos los afiliados, ya que esta acci\u00f3n no afecta en modo alguno la continuidad ni la calidad de los servicios de salud garantizados por SENASA. Asegur\u00f3 que los servicios se seguir\u00e1n prestando de manera oportuna, humana y eficiente, como siempre. El alto funcionario del gobierno se expres\u00f3 en esos t\u00e9rminos \u00abde que SENASA marcha igual que antes\u00bb, luego que el Superintendente de Salud y Riesgos Laborales (SISALRIL), Miguel Ceara Hatton, y el nuevo director del SENASA, Edward Guzm\u00e1n, entregaron a la Procuradora General, Yeni Berenice Reynoso, un informe con \u00abgraves irregularidades\u00bb detectadas en esta \u00faltima entidad. Esta acci\u00f3n, dijo, reafirma el compromiso del mandatario con la transparencia, institucionalidad y lucha frontal contra la impunidad y la corrupci\u00f3n, \u00absin excepciones ni privilegios como lo ha indicado el presidente Abinader. SENASA\u00a0<strong>=<\/strong>\u00a0Ave. 27 de febrero 232, casi esq. Tiradentes, La Esperilla, DN. Tel\u00e9f.\u00a0<strong>=\u00a0<\/strong>809-333-3822.\u00a0<em>Mensaje del presidente: \u00abHoy quiero recordarles que puedo tener buenos amigos, pero jam\u00e1s c\u00f3mplices. En mi gobierno no permitir\u00e9 impunidad de ning\u00fan tipo\u00bb.<\/em><\/p>\n\n\n\n<p><strong>\u25baQue no cunda el p\u00e1nico:<\/strong><strong>\u00a0<\/strong><\/p>\n\n\n\n<p>Expresi\u00f3n coloquial que significa \u00abno te asustes\u00bb o \u00abmant\u00e9n la calma\u00bb. Frase popularizada por el personaje de televisi\u00f3n mexicano \u00abEl Chapul\u00edn Colorado\u00bb.\u00a0<strong>Veamos.<\/strong>\u00a0Ni quito ni pongo. Un \u00abdocto\u00bb\u00a0<strong>=<\/strong>\u00a0sabi\u00f3logo, tod\u00f3logo, opin\u00f3logo dominicano que dijo haber militado en el Partido Republicano en Queens, pero ya retirado del quehacer pol\u00edtico, pidiendo no ser identificado, se\u00f1al\u00f3 que, si Zohran Mamdani gana la alcald\u00eda de NY, a quien el presidente Donald Trump acusa de \u00abcomunista\u00bb; \u00abde poner en duda su estatus de ciudadan\u00eda\u00bb; y \u00abque el\u00a0gobierno federal podr\u00eda tomar NYC\u00bb siendo \u00e9l alcalde.\u00a0<strong>Ver<\/strong>\u00a0<strong>=<\/strong>\u00a0<a href=\"https:\/\/www.univision.com\/local\/nueva-york-wxtv\/politica-new-york\/trump-sugiere-intervencion-nueva-york-mamdani-alcaldia\" target=\"_blank\" rel=\"noreferrer noopener\">https:\/\/www.univision.com\/local\/nueva-york-wxtv\/politica-new-york\/trump-sugiere-intervencion-nueva-york-mamdani-alcaldia<\/a>.\u00a0\u00a0La Casa Blanca no proporciona detalles de c\u00f3mo se implementar\u00eda tal intervenci\u00f3n federal. El\u00a0analista del patio se\u00f1ala que\u00a0esa intervenci\u00f3n se traducir\u00eda en copar la Gran Manzana de agentes de Inmigraci\u00f3n, poner muchos de ellos en cabeceras de los puentes en los 5 condados, entre otras medidas. \u00a1Uff!<\/p>\n\n\n\n<figure class=\"wp-block-image size-full\"><img loading=\"lazy\" decoding=\"async\" width=\"399\" height=\"697\" src=\"https:\/\/diariodominicano.com\/wp-content\/uploads\/2025\/09\/Parrafo-3.-El-fua-a-Celines-Toribio.jpg\" alt=\"\" class=\"wp-image-638271\" srcset=\"https:\/\/diariodominicano.com\/wp-content\/uploads\/2025\/09\/Parrafo-3.-El-fua-a-Celines-Toribio.jpg 399w, https:\/\/diariodominicano.com\/wp-content\/uploads\/2025\/09\/Parrafo-3.-El-fua-a-Celines-Toribio-172x300.jpg 172w\" sizes=\"auto, (max-width: 399px) 100vw, 399px\" \/><\/figure>\n\n\n\n<p><strong>\u25baEl \u00abfua\u00bb a Celin\u00e9s Toribio en NY:<\/strong>\u00a0<\/p>\n\n\n\n<p>A la embajadora y directora ejecutiva del Index, Celin\u00e9s Toribio, dirigentes y militantes del PRM-NY le hicieron el \u00abfua\u00bb al oponerse a su presencia en el local del partido este lunes para ella hablarles, abrazarles y compartir con los \u00abcompa\u00f1eros\u00bb. Alegan que ella es \u00abparacaidista\u00bb, nunca mencion\u00f3 el partido, ni hizo la m\u00e1s m\u00ednima campa\u00f1a y la impusieron de \u00abchuflay\u00bb por influencia de un legislador en RD. \u00a1Huumm! El secretario general del PRM-NY, John S\u00e1nchez, es el director del Index-NY, con $ueldo, pre$upuesto, ga$tos de representaci\u00f3n, dieta, ga$olina e imprevi$tos; \u00a1Uff!; quiso introducir a Celin\u00e9s al partido, pero el 90% de los 125 miembros de la Comisi\u00f3n Ejecutiva (CE) le dijo no, no, no a John, porque como directivo del Index y secretario general del partido oficial tambi\u00e9n ha hecho un flaco servicio y maneja la instituci\u00f3n como si fuera una finca de su propiedad. La invitaci\u00f3n suspendida: \u00abBuenas tardes compa\u00f1eros(as). Por este medio estamos invitando a nuestra pr\u00f3xima reuni\u00f3n ordinaria para\u00a0este lunes 15 del presente mes de septiembre, a las 7:30 PM en nuestro local del 1880 Carter Ave. 2do. Piso. Dicha reuni\u00f3n contar\u00e1 con la presencia de nuestra embajadora y directora ejecutiva del Index, la se\u00f1ora Celin\u00e9s Toribio. Contamos con su presencia. Gracias. Yul\u00edn Mateo. Presidente. \u00abEsa fue la invitaci\u00f3n que circulo por varios d\u00edas, pero suspendida, volvi\u00f3 a circular entre los \u00abperremeeces\u00bb.\u00a0\u00a1Ay, ay, ay!<\/p>\n\n\n\n<figure class=\"wp-block-image size-full\"><img loading=\"lazy\" decoding=\"async\" width=\"577\" height=\"450\" src=\"https:\/\/diariodominicano.com\/wp-content\/uploads\/2025\/09\/Parrafo-4.-Presidente-Abinader-en-NY.jpg\" alt=\"\" class=\"wp-image-638272\" srcset=\"https:\/\/diariodominicano.com\/wp-content\/uploads\/2025\/09\/Parrafo-4.-Presidente-Abinader-en-NY.jpg 577w, https:\/\/diariodominicano.com\/wp-content\/uploads\/2025\/09\/Parrafo-4.-Presidente-Abinader-en-NY-300x234.jpg 300w\" sizes=\"auto, (max-width: 577px) 100vw, 577px\" \/><\/figure>\n\n\n\n<p><strong>\u25baPresidente Abinader en NY:<\/strong>\u00a0<\/p>\n\n\n\n<p>Una fuente del PRM-NY inform\u00f3 a\u00a0<strong>Ent\u00e9rate-NY<\/strong>\u00a0que la agenda del presidente con la comunidad y la dirigencia del PRM-NY fue movida del jueves 25, porque el mandatario tiene labores apretadas en la ONU ese d\u00eda. Ser\u00e1 el s\u00e1bado 27:\u00a0<strong>1-<\/strong>\u00a0Reconocimiento a 10 mujeres profesionales en Beverly Hills Manor, en la avenida Jerome con la calle 175, en El Bronx, a las 3:00 p.m. Por primera vez, una distinci\u00f3n del mandatario porque es el presidente de todos(as) y no debe centralizar sus actividades exclusivas entre \u00abperremeeces\u00bb. \u00a1Bien por el mandatario! Diiicen.\u00a0<strong>2-<\/strong>\u00a0Entrega de los reconocimientos del Index, a las 5:30 p.m. en Lehman College, en El Bronx.\u00a0<strong>3-<\/strong>\u00a0Encuentro con los presidentes y secretarios generales de la circunscripci\u00f3n 1-USA, en Los Maestro&#8217;s Caterers, ubicado en 1703 de la avenida Bronxdale, en El Bronx.\u00a0<strong>4-<\/strong>\u00a0Hay un encuentro con la juventud perreme\u00edstas al mediod\u00eda. No se ha determinado el lugar ni hora, diiicen. Se inform\u00f3 que el presidente del partido en NY, vicec\u00f3nsul Yulin Mateo, est\u00e1 gestionando un aparte con el mandatario para tratar su asunto con relaci\u00f3n a dirigir un consulado en USA. En territorio estadounidense existen 12 consulados de RD. (NY, NJ, PA, Washington DC, Maryland, Massachusetts, Illinois, California, Houston, Orlando, New Orleans y Miami). Todos los c\u00f3nsules enviados desde all\u00e1, y el pobre Yul\u00edn renunci\u00f3 a su residencia como lo exige la ley y el presidente lo tiene \u00aboliendo donde guisan\u00bb. Nombramiento van y vienen, pero desde dominicana. Yul\u00edn se lo merece, diiicen en el Alto Manhattan. \u00a1Ah! Abinader estar\u00e1 el viernes 26 en Nueva Jersey para un homenaje a Pe\u00f1a G\u00f3mez. Se desvelizar\u00e1 una estatua en su honor. Los perremeistas est\u00e1n al pecho con sus \u00abTrajes y Chacabanas planchaditas\u00bb para ver al mandatario y entregar decenas de sobres conteniendo solicitudes de nombramientos. \u00a1Vueltas al globo! y \u00a1buena suerte!<\/p>\n\n\n\n<p><strong>\u25baComisionado cultura NY modela:<\/strong>\u00a0<\/p>\n\n\n\n<p>Llam\u00f3 la atenci\u00f3n entre dominicanos que asistieron el pasado fin de semana a un \u00abdesfile de moda\u00bb en los jardines del hospital Lincoln, en El Bronx, que el comisionado de cultura en la Gran Manzana, Ray And\u00fajar, se modelara de manera insistente ante el p\u00fablico. Un ciudadano en el Alto Manhattan vocifer\u00f3: Se desconoc\u00eda esa faceta del co-mi-si-o-na-do. \u00a1Aleluya!<\/p>\n\n\n\n<p><strong>\u25baManifestaci\u00f3n de dolor:<\/strong><strong>\u00a0<\/strong><\/p>\n\n\n\n<p>La asistencia masiva, de diferentes sectores representativos de la comunidad dominicana en NYC, al velatorio de Rafael Joaqu\u00edn Rivera Hidalgo el pasado mi\u00e9rcoles d\u00eda 10, a la funeraria Ortiz, ubicada en el Alto Manhattan, fue una manifestaci\u00f3n de dolor y de acompa\u00f1amiento a sus familiares, principalmente a la colega periodista Niurka Rivera, su hermana. Este reportero no pudo acudir a darle el \u00faltimo adi\u00f3s por tener compromisos familiares en Connecticut. Condolencias a sus familiares y \u00a1Paz a su alma! de\u00a0<strong>Ent\u00e9rate NY.<\/strong><\/p>\n\n\n\n<p><strong>\u25baInicia en USA Mes Herencia Hispana:<\/strong>\u00a0<\/p>\n\n\n\n<figure class=\"wp-block-image size-full\"><img loading=\"lazy\" decoding=\"async\" width=\"586\" height=\"440\" src=\"https:\/\/diariodominicano.com\/wp-content\/uploads\/2025\/09\/Parrafo-7.-Inicia-en-USA-Mes-Herencia-Hispana.jpg\" alt=\"\" class=\"wp-image-638273\" srcset=\"https:\/\/diariodominicano.com\/wp-content\/uploads\/2025\/09\/Parrafo-7.-Inicia-en-USA-Mes-Herencia-Hispana.jpg 586w, https:\/\/diariodominicano.com\/wp-content\/uploads\/2025\/09\/Parrafo-7.-Inicia-en-USA-Mes-Herencia-Hispana-300x225.jpg 300w\" sizes=\"auto, (max-width: 586px) 100vw, 586px\" \/><\/figure>\n\n\n\n<p>Del 15 de septiembre al 15 de octubre en USA se celebra el \u00abMes de la Herencia Hispana\u00bb, establecido el 15 de septiembre de 1968, un mes para honrar la cultura y las contribuciones de la comunidad hispana en todos los sectores de la vida en territorio estadounidense. Seg\u00fan la Oficina del Censo de EE. UU., la poblaci\u00f3n hispana, con 68 millones de personas, constituye el 20% de la poblaci\u00f3n total de USA, que la convierte en la minor\u00eda racial o \u00e9tnica m\u00e1s grande de USA. A lo largo del mes, ciudades de todo el pa\u00eds organizan festivales, desfiles, muestras culturales, charlas y exposiciones de arte que honran las tradiciones hispanas y brindan oportunidades para conectarse y celebrar con la comunidad. En el mes de septiembre se celebra la independencia de Costa Rica, El Salvador, Guatemala, Honduras, Nicaragua, M\u00e9xico y Chile.<\/p>\n\n\n\n<p><strong>\u25baCrece entusiasmo por juego baloncesto en NJ:<\/strong>\u00a0<\/p>\n\n\n\n<figure class=\"wp-block-image size-full\"><img loading=\"lazy\" decoding=\"async\" width=\"842\" height=\"723\" src=\"https:\/\/diariodominicano.com\/wp-content\/uploads\/2025\/09\/Parrafo-8.-Crece-entusiasmo-por-juego-baloncesto-en-NJ.jpg\" alt=\"\" class=\"wp-image-638274\" srcset=\"https:\/\/diariodominicano.com\/wp-content\/uploads\/2025\/09\/Parrafo-8.-Crece-entusiasmo-por-juego-baloncesto-en-NJ.jpg 842w, https:\/\/diariodominicano.com\/wp-content\/uploads\/2025\/09\/Parrafo-8.-Crece-entusiasmo-por-juego-baloncesto-en-NJ-300x258.jpg 300w, https:\/\/diariodominicano.com\/wp-content\/uploads\/2025\/09\/Parrafo-8.-Crece-entusiasmo-por-juego-baloncesto-en-NJ-768x659.jpg 768w, https:\/\/diariodominicano.com\/wp-content\/uploads\/2025\/09\/Parrafo-8.-Crece-entusiasmo-por-juego-baloncesto-en-NJ-816x701.jpg 816w\" sizes=\"auto, (max-width: 842px) 100vw, 842px\" \/><\/figure>\n\n\n\n<p>El entusiasmo crece cada d\u00eda entre dominicanos residentes en NY, Nueva Jersey, Connecticut y Pensilvania por la celebraci\u00f3n del \u00fanico juego de baloncesto profesional a celebrarse este s\u00e1bado 20 entre los equipos iconos de la RD, Bameso y Mauricio B\u00e1ez, en la arena NBA del Prudential Center, Newark-Nueva Jersey, a partir de las 6:00 p.m. Este evento tiene como objetivo resaltar el potencial de los jugadores dominicanos y ofrecer a la di\u00e1spora la oportunidad de disfrutar de unos de sus principales deportes, tambi\u00e9n de la uni\u00f3n y el esfuerzo colectivo en pro del baloncesto dominicano. El partido es un juego oficial de la temporada regular del Torneo Superior del DN y busca proyectar el talento dominicano a nivel internacional, adem\u00e1s de reconectar a la di\u00e1spora con su cultura deportiva. Dicha organizaci\u00f3n est\u00e1 a cargo del empresario y dirigente deportivo Roberto Rojas, tanto en NYC como en la RD, as\u00ed como de Jalexiz Fern\u00e1ndez, quienes han asegurado ser\u00e1 un encuentro inolvidable. Es la primera vez que dos equipos de la RD se enfrentan en territorio estadounidense\u00bb, ha afirmado Jos\u00e9 -Grillo- Vargas, ex jugador profesional de baloncesto y considerado una gloria del mismo. El partido se ha convertido en una marca de referencia que une causas sociales con entretenimiento de calidad. \u00abTambi\u00e9n marcar\u00e1 un antes y un despu\u00e9s para la proyecci\u00f3n internacional del talento dominicano, y queremos que el mundo vea de qu\u00e9 est\u00e1 hecho el baloncesto quisqueyano\u00bb, ha precisado Rojas. Las entradas est\u00e1n disponibles en\u00a0<a href=\"https:\/\/www.ticketmaster.com\/\" target=\"_blank\" rel=\"noreferrer noopener\">https:\/\/www.ticketmaster.com\/<\/a>\u00a0<\/p>\n\n\n\n<p><strong>\u25baDe la Embajada EUA-RD:<\/strong><\/p>\n\n\n\n<p>\u00a0La embajada de EUA en RD informa: A partir del 2 de septiembre, todos los ni\u00f1os deber\u00e1n asistir de manera presencial a la entrevista para solicitudes de visa de paseo y otras categor\u00edas. La medida tambi\u00e9n aplicar\u00e1 a las personas que obtuvieron su visa siendo menores de edad, quienes al momento de renovarla deber\u00e1n presentarse en la embajada. Hasta ahora, los menores de 14 a\u00f1os estaban exentos de asistir y bastaba con la presencia de sus padres. La RD es uno de los pa\u00edses donde se tramitan m\u00e1s visas de no inmigrante, entre ellas paseo, trabajo y estudiante, y ocupa el segundo lugar mundial en emisi\u00f3n de residencias estadounidenses, solo detr\u00e1s de M\u00e9xico.<\/p>\n\n\n\n<figure class=\"wp-block-image size-full\"><img loading=\"lazy\" decoding=\"async\" width=\"505\" height=\"390\" src=\"https:\/\/diariodominicano.com\/wp-content\/uploads\/2025\/09\/Parrafo-10.-Un-valor-dominicano-en-NY-.jpg\" alt=\"\" class=\"wp-image-638276\" srcset=\"https:\/\/diariodominicano.com\/wp-content\/uploads\/2025\/09\/Parrafo-10.-Un-valor-dominicano-en-NY-.jpg 505w, https:\/\/diariodominicano.com\/wp-content\/uploads\/2025\/09\/Parrafo-10.-Un-valor-dominicano-en-NY--300x232.jpg 300w\" sizes=\"auto, (max-width: 505px) 100vw, 505px\" \/><\/figure>\n\n\n\n<p><strong>\u25baUn valor dominicano en NY:<\/strong><\/p>\n\n\n\n<p><strong>\u00a0<\/strong>La dominicana Mary King, de car\u00e1cter humilde, afable y educada lleg\u00f3 a los 15 a\u00f1os a NYC. Se enganch\u00f3 a la Polic\u00eda y tras 20 a\u00f1os en la uniformada ha logrado el grado de subjefa de la instituci\u00f3n (rango de general) convirti\u00e9ndose en la primera mujer dominicana de mayor rango en el NYPD. El 8 de agosto de 2025, fue nombrada en el cargo. Tras su nombramiento, record\u00f3 sus ra\u00edces y destac\u00f3 la comunidad extranjera en EE.UU. y de su pa\u00eds natal RD. \u201cTengo un uniforme puesto y estoy muy orgullosa de llevarlo, pero RD es lo que soy\u201d, ha dicho, demostrando su dominicanidad y poniendo en alto la bandera tricolor en playas extranjeras. Sostiene: \u00abParte de mi \u00e9xito ha sido por los valores que me inculcaron mi mam\u00e1 y mi pap\u00e1, sobre la importancia de lo que es el deseo de superarse\u00bb. Si usted la ve caminar o patrullar por ah\u00ed, d\u00edgale \u00abMary, usted es un valor dominicano en NY\u00bb<\/p>\n\n\n\n<p><strong>\u25ba<\/strong><strong>Cultura General:<\/strong>&nbsp;Ning\u00fan idioma es ya \u00abextranjero\u00bb gracias a este inteligente traductor japon\u00e9s potenciado por inteligencia artificial.&nbsp;<strong>Ver =<\/strong>&nbsp;<a href=\"https:\/\/translatorenence.com\/translator\/product-2\/?l=es&amp;c=eur&amp;vndr=evf&amp;evf=1&amp;utm_source=aff&amp;utm_medium=1450&amp;uid=183&amp;offid=4&amp;affiliate_id=1450&amp;subid=68c5fbb74b1870a9c608a102\" rel=\"noreferrer noopener\" target=\"_blank\">https:\/\/translatorenence.com\/translator\/product-2\/?l=es&amp;c=eur&amp;vndr=evf&amp;evf=1&amp;utm_source=aff&amp;utm_medium=1450&amp;uid=183&amp;offid=4&amp;affiliate_id=1450&amp;subid=68c5fbb74b1870a9c608a102<\/a><\/p>\n\n\n\n<p><strong>Ver =&nbsp;<\/strong><a href=\"https:\/\/dailygadgetreviews.com\/enence-es-s\/\" rel=\"noreferrer noopener\" target=\"_blank\">https:\/\/dailygadgetreviews.com\/enence-es-s\/<\/a><\/p>\n\n\n\n<p>\u25baSalud:<\/p>\n\n\n\n<p>\u00a0Los 5 grupos de alimentos con m\u00e1s fibra que promueven una buena salud intestinal.\u00a0<strong>1.<\/strong>\u00a0Frutas: Peras, bananas, guayabas, frutos rojos (como frambuesas y moras), kiwis y manzanas.\u00a0<strong>2.<\/strong>\u00a0Verduras: Br\u00f3coli, zanahorias, guisantes verdes, hojas verdes (como espinaca o acelga), coles de Bruselas y alcachofas.\u00a0<strong>3.<\/strong>\u00a0Legumbres: Lentejas, los porotos (rojos, negros y blancos), los garbanzos y los productos derivados de la soya (como el tofu).\u00a0<strong>4.<\/strong>\u00a0Frutos secos y semillas: Almendras, los pistachos, las nueces, las avellanas, las semillas de ch\u00eda, semillas de lino y semillas de girasol.\u00a0<strong>5.<\/strong>\u00a0Cereales integrales: la avena, la cebada, trigo integral, centeno, quinoa y el trigo sarraceno.<\/p>\n\n\n\n<p>\u25baServicio comunitario:\u00a0<\/p>\n\n\n\n<p>C\u00f3mo saber si tiene dinero sin reclamar a su nombre y d\u00f3nde solicitarlo. Use el buscador de la Corporaci\u00f3n para Garantizar los Beneficios de las Pensiones (PBGC), o llamar al 1-800-400-7242. M\u00e1s informaci\u00f3n\u00a0<strong>=<\/strong>\u00a0<a href=\"https:\/\/www.pbgc.gov\/es\" target=\"_blank\" rel=\"noreferrer noopener\">https:\/\/www.pbgc.gov\/es<\/a><\/p>\n\n\n\n<p><strong>\u25baSobre el espa\u00f1ol:<\/strong>\u00a0<\/p>\n\n\n\n<p>Vetusto\u00a0<strong>=<\/strong>\u00a0Extremadamente viejo, anticuado.<\/p>\n\n\n\n<p>\u25baFrase:&nbsp;\u00abA caballo regalado, no le mires el diente\u00bb&nbsp;<strong>=<\/strong>&nbsp;Aceptar los regalos de buen grado y sin poner reparo alguno.<\/p>\n\n\n\n<p><strong>\u25baD\u00f3lar y Euro hasta este domingo 14<\/strong>: <\/p>\n\n\n\n<p>Compra del d\u00f3lar 61.61 y venta 63.66; Compra euro 72.19 y venta 76.44<\/p>\n\n\n\n<p><strong>\u25baCombustibles:<\/strong><\/p>\n\n\n\n<p>\u00a0Del 13 al 19 de agosto: Gasolina Premium a $290.10. Regular a $272.50. Gasoil Optimo $242.10. Regular a $224.80. Gas Licuado a $137.20. Gas Natural $43.97<\/p>\n\n\n\n<p><strong>\u25baPara comunicarse con nosotros:<\/strong>&nbsp;Escribir a&nbsp;<a href=\"mailto:santodomingoaldia@yahoo.com\" rel=\"noreferrer noopener\" target=\"_blank\">santodomingoaldia@yahoo.com<\/a>&nbsp;&nbsp;<\/p>\n","protected":false},"excerpt":{"rendered":"<p>PERIODISMO INFORMATIVO Y CR\u00cdTICO AL SERVICIO DE LA COMUNIDAD Por Ram\u00f3n Mercedes \u25baDudas despejadas:\u00a0 Ante las irregularidades millonarias cometida en SENASA, miles de dominicanos que pagaron sus seguros en las oficinas ubicadas en el exterior (NY; Nueva Jersey; Filadelfia y Allentown en Pensilvania; Boston y Lawrence en Massachusetts; en Orlando y Miami, adem\u00e1s, en Hato [&hellip;]<\/p>\n","protected":false},"author":2,"featured_media":404115,"comment_status":"closed","ping_status":"closed","sticky":false,"template":"","format":"standard","meta":{"footnotes":""},"categories":[36,22,27],"tags":[],"class_list":["post-638269","post","type-post","status-publish","format-standard","has-post-thumbnail","hentry","category-hombresmujeresycosas","category-politica","category-portada"],"_links":{"self":[{"href":"https:\/\/diariodominicano.com\/index.php?rest_route=\/wp\/v2\/posts\/638269","targetHints":{"allow":["GET"]}}],"collection":[{"href":"https:\/\/diariodominicano.com\/index.php?rest_route=\/wp\/v2\/posts"}],"about":[{"href":"https:\/\/diariodominicano.com\/index.php?rest_route=\/wp\/v2\/types\/post"}],"author":[{"embeddable":true,"href":"https:\/\/diariodominicano.com\/index.php?rest_route=\/wp\/v2\/users\/2"}],"replies":[{"embeddable":true,"href":"https:\/\/diariodominicano.com\/index.php?rest_route=%2Fwp%2Fv2%2Fcomments&post=638269"}],"version-history":[{"count":3,"href":"https:\/\/diariodominicano.com\/index.php?rest_route=\/wp\/v2\/posts\/638269\/revisions"}],"predecessor-version":[{"id":638278,"href":"https:\/\/diariodominicano.com\/index.php?rest_route=\/wp\/v2\/posts\/638269\/revisions\/638278"}],"wp:featuredmedia":[{"embeddable":true,"href":"https:\/\/diariodominicano.com\/index.php?rest_route=\/wp\/v2\/media\/404115"}],"wp:attachment":[{"href":"https:\/\/diariodominicano.com\/index.php?rest_route=%2Fwp%2Fv2%2Fmedia&parent=638269"}],"wp:term":[{"taxonomy":"category","embeddable":true,"href":"https:\/\/diariodominicano.com\/index.php?rest_route=%2Fwp%2Fv2%2Fcategories&post=638269"},{"taxonomy":"post_tag","embeddable":true,"href":"https:\/\/diariodominicano.com\/index.php?rest_route=%2Fwp%2Fv2%2Ftags&post=638269"}],"curies":[{"name":"wp","href":"https:\/\/api.w.org\/{rel}","templated":true}]}}