{"id":638245,"date":"2025-09-15T03:11:01","date_gmt":"2025-09-15T07:11:01","guid":{"rendered":"https:\/\/diariodominicano.com\/?p=638245"},"modified":"2025-09-15T03:13:40","modified_gmt":"2025-09-15T07:13:40","slug":"el-presidente-abinader-reafirma-su-compromiso-con-la-transparencia-y-la-integridad-en-la-gestion-publica-yo-tengo-muchos-amigos-pero-no-complices","status":"publish","type":"post","link":"https:\/\/diariodominicano.com\/?p=638245","title":{"rendered":"El presidente Abinader reafirma su\u00a0compromiso\u00a0con la\u00a0transparencia y la integridad en la gesti\u00f3n p\u00fablica:\u00a0\u201cYo tengo muchos amigos, pero no c\u00f3mplices\u201d"},"content":{"rendered":"\n<p>ARCHIVO:\u2002El presidente Luis Abinader<\/p>\n\n\n\n<p><em>\u201cEn mi gobierno no permitir\u00e9 impunidad de ning\u00fan tipo. <em>Quienes pretendan servirse del Estado deber\u00e1n responder ante la ley\u201d.<\/em><\/em> Reitera lucha contra corrupci\u00f3n e impunidad.<\/p>\n\n\n\n<p>14 de Septiembre 2025 | 18:20<\/p>\n\n\n\n<figure class=\"wp-block-image\"><img decoding=\"async\" src=\"https:\/\/platform-cdn.sharethis.com\/img\/sharethis.svg\" alt=\"sharethis sharing button\"\/><\/figure>\n\n\n\n<p>Santo Domingo, RD.-\u00a0<strong>El presidente de la Rep\u00fablica Dominicana, Luis Abinader<\/strong>, reafirm\u00f3 el domingo con contundencia su\u00a0<strong>compromiso<\/strong>\u00a0con la\u00a0<strong>transparencia y la integridad en la gesti\u00f3n p\u00fablica<\/strong>\u00a0al declarar:<em>\u00a0\u201cYo tengo muchos amigos, pero no c\u00f3mplices\u201d.<\/em><\/p>\n\n\n\n<p>Al publicar un post en su cuenta de X,  expres\u00f3 que el env\u00edo de un\u00a0<strong>informe sobre irregularidades encontradas en SeNaSa<\/strong>\u00a0ante la Procuradur\u00eda General de la Rep\u00fablica, refleja su pol\u00edtica de\u00a0<strong>enfrentar desde el Gobierno la corrupci\u00f3n e impunidad.<\/strong>\u00a0<\/p>\n\n\n\n<p>El presidente Abinader asegur\u00f3  que\u00a0<strong>en su administraci\u00f3n no habr\u00e1 espacio para la complicidad ni la impunidad<\/strong>\u00a0de actos il\u00edcitos.\u2002Advirti\u00f3  que la transparencia es\u00a0<strong>innegociable<\/strong>\u00a0y que cualquier persona involucrada en irregularidades deber\u00e1 enfrentar las consecuencias,\u00a0<strong>independientemente de su cercan\u00eda personal o pol\u00edtica.<\/strong><\/p>\n\n\n\n<p>El presidente Abinader\u2002afirm\u00f3 en el final de su mensaje: <em>\u201cEn mi gobierno no permitir\u00e9 impunidad de ning\u00fan tipo. Quienes pretendan servirse del Estado deber\u00e1n responder ante la ley\u201d.<\/em><\/p>\n\n\n\n<p>Con informaci\u00f3n de la Presidencia de la Rep\u00fablica.<\/p>\n\n\n\n<p>#Abinader\u2003\u2003\u2003\u2003\u2003\u2003 #Corrupci\u00f3n\u2003\u2003\u2003\u2003\u2003\u2003#Impunidad\u2003<\/p>\n","protected":false},"excerpt":{"rendered":"<p>ARCHIVO:\u2002El presidente Luis Abinader \u201cEn mi gobierno no permitir\u00e9 impunidad de ning\u00fan tipo. Quienes pretendan servirse del Estado deber\u00e1n responder ante la ley\u201d. Reitera lucha contra corrupci\u00f3n e impunidad. 14 de Septiembre 2025 | 18:20 Santo Domingo, RD.-\u00a0El presidente de la Rep\u00fablica Dominicana, Luis Abinader, reafirm\u00f3 el domingo con contundencia su\u00a0compromiso\u00a0con la\u00a0transparencia y la integridad [&hellip;]<\/p>\n","protected":false},"author":2,"featured_media":637083,"comment_status":"closed","ping_status":"closed","sticky":false,"template":"","format":"standard","meta":{"footnotes":""},"categories":[36,20,27],"tags":[],"class_list":["post-638245","post","type-post","status-publish","format-standard","has-post-thumbnail","hentry","category-hombresmujeresycosas","category-dominicana-hoy","category-portada"],"_links":{"self":[{"href":"https:\/\/diariodominicano.com\/index.php?rest_route=\/wp\/v2\/posts\/638245","targetHints":{"allow":["GET"]}}],"collection":[{"href":"https:\/\/diariodominicano.com\/index.php?rest_route=\/wp\/v2\/posts"}],"about":[{"href":"https:\/\/diariodominicano.com\/index.php?rest_route=\/wp\/v2\/types\/post"}],"author":[{"embeddable":true,"href":"https:\/\/diariodominicano.com\/index.php?rest_route=\/wp\/v2\/users\/2"}],"replies":[{"embeddable":true,"href":"https:\/\/diariodominicano.com\/index.php?rest_route=%2Fwp%2Fv2%2Fcomments&post=638245"}],"version-history":[{"count":4,"href":"https:\/\/diariodominicano.com\/index.php?rest_route=\/wp\/v2\/posts\/638245\/revisions"}],"predecessor-version":[{"id":638250,"href":"https:\/\/diariodominicano.com\/index.php?rest_route=\/wp\/v2\/posts\/638245\/revisions\/638250"}],"wp:featuredmedia":[{"embeddable":true,"href":"https:\/\/diariodominicano.com\/index.php?rest_route=\/wp\/v2\/media\/637083"}],"wp:attachment":[{"href":"https:\/\/diariodominicano.com\/index.php?rest_route=%2Fwp%2Fv2%2Fmedia&parent=638245"}],"wp:term":[{"taxonomy":"category","embeddable":true,"href":"https:\/\/diariodominicano.com\/index.php?rest_route=%2Fwp%2Fv2%2Fcategories&post=638245"},{"taxonomy":"post_tag","embeddable":true,"href":"https:\/\/diariodominicano.com\/index.php?rest_route=%2Fwp%2Fv2%2Ftags&post=638245"}],"curies":[{"name":"wp","href":"https:\/\/api.w.org\/{rel}","templated":true}]}}