{"id":638236,"date":"2025-09-15T02:52:37","date_gmt":"2025-09-15T06:52:37","guid":{"rendered":"https:\/\/diariodominicano.com\/?p=638236"},"modified":"2025-09-15T02:53:03","modified_gmt":"2025-09-15T06:53:03","slug":"ministro-de-defensa-encabeza-recorrido-por-la-frontera-junto-con-asesores-del-poder-ejecutivo-en-materia-policial","status":"publish","type":"post","link":"https:\/\/diariodominicano.com\/?p=638236","title":{"rendered":"Ministro de Defensa encabez\u00f3 recorrido por la frontera junto con asesores del Poder Ejecutivo en materia policial"},"content":{"rendered":"\n<h3 class=\"wp-block-heading\">Con esta inspecci\u00f3n, el Ministerio de Defensa reafirma su compromiso con la defensa de los intereses nacionales&nbsp;<\/h3>\n\n\n\n<p>13 de Septiembre 2025 | 16:20<\/p>\n\n\n\n<figure class=\"wp-block-image\"><img decoding=\"async\" src=\"https:\/\/platform-cdn.sharethis.com\/img\/facebook.svg\" alt=\"facebook sharing button\"\/><\/figure>\n\n\n\n<figure class=\"wp-block-image\"><img decoding=\"async\" src=\"https:\/\/platform-cdn.sharethis.com\/img\/sharethis.svg\" alt=\"sharethis sharing button\"\/><\/figure>\n\n\n\n<p>Frontera RD\u2013Hait\u00ed.\u2013 El ministro de Defensa, teniente general&nbsp;<strong>Carlos Antonio Fern\u00e1ndez Onofre<\/strong>&nbsp;ERD), encabez\u00f3 un amplio&nbsp;<strong>recorrido por la franja fronteriza dominico\u2013haitiana<\/strong>, acompa\u00f1ado por el asesor del Poder Ejecutivo en materia policial,&nbsp;<strong>John Huvane,<\/strong>&nbsp;y el comisionado para la reforma policial,&nbsp;<strong>Luis Ernesto Garc\u00eda Hern\u00e1ndez<\/strong>. Tambi\u00e9n participaron el comandante general del Ej\u00e9rcito, mayor general&nbsp;<strong>Jorge Iv\u00e1n Camino P\u00e9rez<\/strong>&nbsp;(ERD), y el director del Cuerpo Especializado de Seguridad Fronteriza Terrestre (Cesfront), general de brigada&nbsp;<strong>Jos\u00e9 Rodr\u00edguez Coste<\/strong>&nbsp;(ERD).<\/p>\n\n\n\n<p>La jornada, que se desarroll\u00f3&nbsp;<strong>desde Pedernales hasta Dajab\u00f3n<\/strong>, permiti\u00f3 inspeccionar los&nbsp;<strong>principales puntos de control y vigilancia<\/strong>, con el objetivo de constatar la situaci\u00f3n de&nbsp;<strong>seguridad<\/strong>&nbsp;en la zona y verificar las&nbsp;<strong>acciones coordinadas<\/strong>&nbsp;que ejecutan las&nbsp;<strong>Fuerzas Armadas<\/strong>&nbsp;junto con otros organismos del Estado.<\/p>\n\n\n\n<p>Durante el recorrido, los acompa\u00f1antes verificaron las&nbsp;<strong>operaciones en marcha<\/strong>&nbsp;orientadas a reforzar la seguridad, enfrentar el&nbsp;<strong>tr\u00e1fico il\u00edcito de mercanc\u00edas y personas<\/strong>, adem\u00e1s de proteger la&nbsp;<strong>soberan\u00eda nacional.<\/strong>&nbsp;Igualmente, constataron los avances en la construcci\u00f3n de los&nbsp;<strong>13 kil\u00f3metros<\/strong>&nbsp;correspondientes a la&nbsp;<strong>nueva etapa de la verja perimetral<\/strong>, as\u00ed como los trabajos coordinados con la&nbsp;<strong>Direcci\u00f3n General de Migraci\u00f3n y la Direcci\u00f3n General de Aduanas<\/strong>. Estas acciones tienen como finalidad fortalecer los&nbsp;<strong>controles migratorios<\/strong>, garantizar la&nbsp;<strong>trazabilidad<\/strong>&nbsp;de las mercanc\u00edas y asegurar un&nbsp;<strong>flujo fronterizo seguro y regulado.<\/strong><\/p>\n\n\n\n<p>Con esta inspecci\u00f3n, el Ministerio de Defensa reafirma su compromiso con la\u00a0<strong>defensa de los intereses nacionales<\/strong>\u00a0y el mantenimiento de\u00a0<strong>la paz y el orden<\/strong>\u00a0en la franja fronteriza.<\/p>\n\n\n\n<p>Con\u2002informaci\u00f3n de la Presidencia de la Rep\u00fablica.<\/p>\n","protected":false},"excerpt":{"rendered":"<p>Con esta inspecci\u00f3n, el Ministerio de Defensa reafirma su compromiso con la defensa de los intereses nacionales&nbsp; 13 de Septiembre 2025 | 16:20 Frontera RD\u2013Hait\u00ed.\u2013 El ministro de Defensa, teniente general&nbsp;Carlos Antonio Fern\u00e1ndez Onofre&nbsp;ERD), encabez\u00f3 un amplio&nbsp;recorrido por la franja fronteriza dominico\u2013haitiana, acompa\u00f1ado por el asesor del Poder Ejecutivo en materia policial,&nbsp;John Huvane,&nbsp;y el comisionado [&hellip;]<\/p>\n","protected":false},"author":2,"featured_media":638237,"comment_status":"closed","ping_status":"closed","sticky":false,"template":"","format":"standard","meta":{"footnotes":""},"categories":[20,29],"tags":[],"class_list":["post-638236","post","type-post","status-publish","format-standard","has-post-thumbnail","hentry","category-dominicana-hoy","category-policiasucesos"],"_links":{"self":[{"href":"https:\/\/diariodominicano.com\/index.php?rest_route=\/wp\/v2\/posts\/638236","targetHints":{"allow":["GET"]}}],"collection":[{"href":"https:\/\/diariodominicano.com\/index.php?rest_route=\/wp\/v2\/posts"}],"about":[{"href":"https:\/\/diariodominicano.com\/index.php?rest_route=\/wp\/v2\/types\/post"}],"author":[{"embeddable":true,"href":"https:\/\/diariodominicano.com\/index.php?rest_route=\/wp\/v2\/users\/2"}],"replies":[{"embeddable":true,"href":"https:\/\/diariodominicano.com\/index.php?rest_route=%2Fwp%2Fv2%2Fcomments&post=638236"}],"version-history":[{"count":2,"href":"https:\/\/diariodominicano.com\/index.php?rest_route=\/wp\/v2\/posts\/638236\/revisions"}],"predecessor-version":[{"id":638239,"href":"https:\/\/diariodominicano.com\/index.php?rest_route=\/wp\/v2\/posts\/638236\/revisions\/638239"}],"wp:featuredmedia":[{"embeddable":true,"href":"https:\/\/diariodominicano.com\/index.php?rest_route=\/wp\/v2\/media\/638237"}],"wp:attachment":[{"href":"https:\/\/diariodominicano.com\/index.php?rest_route=%2Fwp%2Fv2%2Fmedia&parent=638236"}],"wp:term":[{"taxonomy":"category","embeddable":true,"href":"https:\/\/diariodominicano.com\/index.php?rest_route=%2Fwp%2Fv2%2Fcategories&post=638236"},{"taxonomy":"post_tag","embeddable":true,"href":"https:\/\/diariodominicano.com\/index.php?rest_route=%2Fwp%2Fv2%2Ftags&post=638236"}],"curies":[{"name":"wp","href":"https:\/\/api.w.org\/{rel}","templated":true}]}}