{"id":638220,"date":"2025-09-15T02:28:57","date_gmt":"2025-09-15T06:28:57","guid":{"rendered":"https:\/\/diariodominicano.com\/?p=638220"},"modified":"2025-09-15T02:29:00","modified_gmt":"2025-09-15T06:29:00","slug":"dominicanos-ny-valoran-creacion-sistema-nacional-de-alertas-reconocen-iniciativas-exsenador-lorenzo","status":"publish","type":"post","link":"https:\/\/diariodominicano.com\/?p=638220","title":{"rendered":"Dominicanos NY valoran creaci\u00f3n Sistema Nacional de Alertas; reconocen iniciativas exsenador Lorenzo"},"content":{"rendered":"\n<p><strong>Por Ram\u00f3n Mercedes<\/strong><\/p>\n\n\n\n<p><strong>NUEVA YORK.-<\/strong>&nbsp;Dominicanos residentes en esta ciudad valoraron la creaci\u00f3n en la Rep\u00fablica Dominicana del Sistema Nacional de Alertas, una herramienta que permitir\u00e1 emitir mensajes de emergencia de manera masiva, inmediata y geolocalizada a los tel\u00e9fonos m\u00f3viles de la poblaci\u00f3n para salvaguardar vidas humanas.<\/p>\n\n\n\n<p>La semana pasada la vicepresidenta de la Rep\u00fablica, Raquel Pe\u00f1a, junto al titular del Consejo Directivo del Instituto Dominicano de las Telecomunicaciones (Indotel), Guido G\u00f3mez Mazara, encabezaron la primera prueba t\u00e9cnica.<\/p>\n\n\n\n<p>El sistema contempla dos grandes reg\u00edmenes de alerta: emergencia y desastres, gestionadas por el COE, que abarcar\u00e1n fen\u00f3menos naturales como huracanes, inundaciones, terremotos o tsunamis, y con esta nueva tecnolog\u00eda se garantiza que las alertas lleguen en tiempo real.<\/p>\n\n\n\n<p>El mismo cuenta con el apoyo del Indotel, el Sistema Nacional de Atenci\u00f3n a Emergencias y Seguridad (9-1-1), Polic\u00eda Nacional, Ministerio P\u00fablico y el Centro de Operaciones de Emergencia (COE).<\/p>\n\n\n\n<p>Asimismo, por la Oficina de Asuntos Internacionales de Narc\u00f3ticos y Aplicaci\u00f3n de la Ley del Departamento de Estado de los Estados Unidos (INL) y la embajada USA-RD, que unen esfuerzos para proteger la vida y la seguridad de la ciudadan\u00eda.<\/p>\n\n\n\n<p>Sostienen los dominicanos en documento, que si se hubiese aprobado el proyecto del entonces senador Iv\u00e1n Lorenzo del PLD (febrero 2021) para crear el Sistema Nacional de Alertas para desapariciones o secuestros en el pa\u00eds, no tuvi\u00e9ramos miles de quisqueyanos desaparecidos al d\u00eda de hoy.<\/p>\n\n\n\n<p>El proyecto de ley del aguerrido senador perimi\u00f3 en dos ocasiones, no obstante apelar \u00abal buen juicio de los senadores\u00bb y a la sensibilidad humana de todos los sectores de la vida nacional, para que fuera aprobado, recuerdan.<\/p>\n\n\n\n<p>Lorenzo plante\u00f3: \u00abHa llegado el momento de crear una unidad especializada, que d\u00e9 con el paradero de los desaparecidos\u00bb.&nbsp;<strong>Ver video:<\/strong>&nbsp;<a href=\"https:\/\/www.youtube.com\/watch?v=0NTlvYjc7zE\" rel=\"noreferrer noopener\" target=\"_blank\">https:\/\/www.youtube.com\/watch?v=0NTlvYjc7zE<\/a>&nbsp;Los quisqueyanos se hicieron eco de la lamentable denuncia la semana pasada, a cargo de la Asociaci\u00f3n Dominicana de Familiares de Desaparecidos (Asodofade), precisando que desde julio 2022 hasta febrero 2025 se han reportado 2,442 personas desaparecidas en el pa\u00eds.<\/p>\n\n\n\n<p>La periodista y activista Evelyn Abreu, fundadora de Asodofade, advirti\u00f3 que la RD atraviesa una preocupante ola de desapariciones que afecta a cientos de familias en toda la naci\u00f3n.<\/p>\n\n\n\n<p>\u00abLa ausencia de pol\u00edticas claras, la falta de seguimiento a los casos y la inacci\u00f3n institucional han convertido este fen\u00f3meno en una especie de \u2018enfermedad sin soluci\u00f3n\u2019, donde un caso sustituye a otro en el olvido\u00bb, afirma Abreu.<\/p>\n\n\n\n<p>Entre los firmantes del documento figuran Wilson Carrasco, Leonel Ruiz, Ismael Pe\u00f1a, Ingrid de Torres, Margot Rivera, Leoncio Tiburcio, Rodolfo Sambrano, Ana de Rodr\u00edguez, Juana de los Santos, Marcia de Jes\u00fas, Bol\u00edvar Guevara, Jacinto M\u00e9ndez, Danilo Rojas, Divina Matos, Elvin Contreras, H\u00e9ctor Luna, Pastor Vel\u00e1squez, Henry Paniagua e In\u00e9s Rivera, entre otros.&nbsp;<\/p>\n","protected":false},"excerpt":{"rendered":"<p>Por Ram\u00f3n Mercedes NUEVA YORK.-&nbsp;Dominicanos residentes en esta ciudad valoraron la creaci\u00f3n en la Rep\u00fablica Dominicana del Sistema Nacional de Alertas, una herramienta que permitir\u00e1 emitir mensajes de emergencia de manera masiva, inmediata y geolocalizada a los tel\u00e9fonos m\u00f3viles de la poblaci\u00f3n para salvaguardar vidas humanas. La semana pasada la vicepresidenta de la Rep\u00fablica, Raquel [&hellip;]<\/p>\n","protected":false},"author":2,"featured_media":638221,"comment_status":"closed","ping_status":"closed","sticky":false,"template":"","format":"standard","meta":{"footnotes":""},"categories":[20],"tags":[],"class_list":["post-638220","post","type-post","status-publish","format-standard","has-post-thumbnail","hentry","category-dominicana-hoy"],"_links":{"self":[{"href":"https:\/\/diariodominicano.com\/index.php?rest_route=\/wp\/v2\/posts\/638220","targetHints":{"allow":["GET"]}}],"collection":[{"href":"https:\/\/diariodominicano.com\/index.php?rest_route=\/wp\/v2\/posts"}],"about":[{"href":"https:\/\/diariodominicano.com\/index.php?rest_route=\/wp\/v2\/types\/post"}],"author":[{"embeddable":true,"href":"https:\/\/diariodominicano.com\/index.php?rest_route=\/wp\/v2\/users\/2"}],"replies":[{"embeddable":true,"href":"https:\/\/diariodominicano.com\/index.php?rest_route=%2Fwp%2Fv2%2Fcomments&post=638220"}],"version-history":[{"count":1,"href":"https:\/\/diariodominicano.com\/index.php?rest_route=\/wp\/v2\/posts\/638220\/revisions"}],"predecessor-version":[{"id":638222,"href":"https:\/\/diariodominicano.com\/index.php?rest_route=\/wp\/v2\/posts\/638220\/revisions\/638222"}],"wp:featuredmedia":[{"embeddable":true,"href":"https:\/\/diariodominicano.com\/index.php?rest_route=\/wp\/v2\/media\/638221"}],"wp:attachment":[{"href":"https:\/\/diariodominicano.com\/index.php?rest_route=%2Fwp%2Fv2%2Fmedia&parent=638220"}],"wp:term":[{"taxonomy":"category","embeddable":true,"href":"https:\/\/diariodominicano.com\/index.php?rest_route=%2Fwp%2Fv2%2Fcategories&post=638220"},{"taxonomy":"post_tag","embeddable":true,"href":"https:\/\/diariodominicano.com\/index.php?rest_route=%2Fwp%2Fv2%2Ftags&post=638220"}],"curies":[{"name":"wp","href":"https:\/\/api.w.org\/{rel}","templated":true}]}}