{"id":638147,"date":"2025-09-14T22:12:27","date_gmt":"2025-09-15T02:12:27","guid":{"rendered":"https:\/\/diariodominicano.com\/?p=638147"},"modified":"2025-09-14T22:15:17","modified_gmt":"2025-09-15T02:15:17","slug":"catedra-de-sostenibilidad-alejandro-e-grullon-e-entrega-5ta-cohorte-de-su-maestria","status":"publish","type":"post","link":"https:\/\/diariodominicano.com\/?p=638147","title":{"rendered":"C\u00e1tedra de Sostenibilidad Alejandro E. Grull\u00f3n E. entrega 5ta cohorte de su maestr\u00eda"},"content":{"rendered":"\n<p><strong>Suma 88 profesionales con doble titulaci\u00f3n en gesti\u00f3n sostenible <\/strong>&nbsp;<\/p>\n\n\n\n<p>Santo Domingo, D.N. \u2013 La C\u00e1tedra de Sostenibilidad \u201cAlejandro E. Grull\u00f3n E.\u201d, fruto de la alianza entre la Pontificia Universidad Cat\u00f3lica Madre y Maestra (PUCMM) y la Fundaci\u00f3n Popular, entreg\u00f3 a la sociedad la quinta cohorte formativa de su Maestr\u00eda en Responsabilidad Social Empresarial y Sostenibilidad, elevando a 88 la cifra de egresados de este programa acad\u00e9mico con doble titulaci\u00f3n que comenz\u00f3 en 2015.<\/p>\n\n\n\n<p>En esta quinta cohorte un total de 17 estudiantes presentaron sus trabajos de investigaci\u00f3n final y defendieron con \u00e9xito sus tesinas. La matr\u00edcula incluy\u00f3 profesionales de diferentes organizaciones, con perfiles vinculados a la gesti\u00f3n empresarial, el desarrollo sostenible y la responsabilidad social corporativa.<\/p>\n\n\n\n<figure class=\"wp-block-image size-large\"><img loading=\"lazy\" decoding=\"async\" width=\"1024\" height=\"683\" src=\"https:\/\/diariodominicano.com\/wp-content\/uploads\/2025\/09\/La-matricula-incluyo-profesionales-de-diferentes-organizaciones-y-perfile-1024x683.jpg\" alt=\"\" class=\"wp-image-638154\" srcset=\"https:\/\/diariodominicano.com\/wp-content\/uploads\/2025\/09\/La-matricula-incluyo-profesionales-de-diferentes-organizaciones-y-perfile-1024x683.jpg 1024w, https:\/\/diariodominicano.com\/wp-content\/uploads\/2025\/09\/La-matricula-incluyo-profesionales-de-diferentes-organizaciones-y-perfile-300x200.jpg 300w, https:\/\/diariodominicano.com\/wp-content\/uploads\/2025\/09\/La-matricula-incluyo-profesionales-de-diferentes-organizaciones-y-perfile-768x512.jpg 768w, https:\/\/diariodominicano.com\/wp-content\/uploads\/2025\/09\/La-matricula-incluyo-profesionales-de-diferentes-organizaciones-y-perfile-816x544.jpg 816w, https:\/\/diariodominicano.com\/wp-content\/uploads\/2025\/09\/La-matricula-incluyo-profesionales-de-diferentes-organizaciones-y-perfile.jpg 1042w\" sizes=\"auto, (max-width: 1024px) 100vw, 1024px\" \/><figcaption class=\"wp-element-caption\">La matr\u00edcula incluy\u00f3 profesionales de diferentes organizaciones y perfile <\/figcaption><\/figure>\n\n\n\n<p>La graduaci\u00f3n de la Maestr\u00eda en Responsabilidad Social Empresarial y Sostenibilidad tuvo lugar durante la ceremonia de graduaci\u00f3n de la PUCMM, la n\u00famero 78 del campus Santo Domingo, en la que se titularon 1,326 nuevos graduados.<\/p>\n\n\n\n<p><strong>Profesionales con doble titulaci\u00f3n<\/strong><\/p>\n\n\n\n<p>La Maestr\u00eda en Responsabilidad Social Empresarial y Sostenibilidad, que cuenta con una doble titulaci\u00f3n otorgada por la PUCMM y la Universidad Polit\u00e9cnica de Valencia (UPV), Espa\u00f1a, fue la primera de su tipo en establecerse en la Rep\u00fablica Dominicana, y ha contribuido al fortalecimiento de capacidades profesionales en este campo, convirti\u00e9ndose en un pilar importante para profesionalizar la gesti\u00f3n sostenible en empresas e instituciones del pa\u00eds.<\/p>\n\n\n\n<p>Estos estudios especializados tienen una duraci\u00f3n de 18 meses, con un total de 42 cr\u00e9ditos, y est\u00e1n dirigidos a profesionales de las ciencias econ\u00f3micas, sociales, empresariales, ingenier\u00edas y administraci\u00f3n p\u00fablica, as\u00ed como a personas con experiencia en sostenibilidad corporativa.<\/p>\n\n\n\n<p>En total, a lo largo de la maestr\u00eda los estudiantes reciben conocimientos de parte de 10 catedr\u00e1ticos y profesores de la UPV y de otros cinco de la PUCMM.<\/p>\n\n\n\n<p><strong>Abierta la sexta cohorte<\/strong><\/p>\n\n\n\n<p>Esta maestr\u00eda cumple su d\u00e9cimo aniversario y ya ha abierto la convocatoria para su sexta cohorte. Los interesados pueden acceder a m\u00e1s informaci\u00f3n a trav\u00e9s del sitio web oficial:&nbsp;<a href=\"https:\/\/catedrasostenibilidadaege.org.do\/\" target=\"_blank\" rel=\"noreferrer noopener\">https:\/\/catedrasostenibilidadaege.org.do\/<\/a><\/p>\n\n\n\n<p>Su prop\u00f3sito es capacitar a profesionales para que apliquen pol\u00edticas y estrategias que generen un impacto social y ambiental significativo en todos los niveles de sus organizaciones, ense\u00f1\u00e1ndoles a implementar herramientas de gesti\u00f3n y medici\u00f3n que fortalezcan la sostenibilidad como un elemento transversal para lograr el buen rumbo de las empresas e instituciones y que estas contribuyan a una sociedad m\u00e1s justa y sostenible.<\/p>\n\n\n\n<p><strong>Espacio acad\u00e9mico sobre desarrollo sostenible<\/strong><\/p>\n\n\n\n<p>Adem\u00e1s de con la maestr\u00eda, la C\u00e1tedra de Sostenibilidad \u201cAlejandro E. Grull\u00f3n E.\u201d promueve un espacio acad\u00e9mico con encuentros, talleres, cursos especializados, diplomados y otras actividades formativas en temas clave de sostenibilidad y responsabilidad social, cuyo objetivo es estimular el di\u00e1logo entre el sector privado, el sector p\u00fablico, la academia y la sociedad civil para potenciar la investigaci\u00f3n y la transmisi\u00f3n de conocimientos en materia de desarrollo sostenible.<\/p>\n\n\n\n<p>Al mismo tiempo, la c\u00e1tedra es un reconocimiento a la trayectoria profesional y humana del fundador del Banco Popular Dominicano y del Grupo Popular, el se\u00f1or Alejandro E. Grull\u00f3n E., y de su legado a la naci\u00f3n dominicana como ciudadano ejemplar comprometido con los valores e intereses m\u00e1s altos de la dominicanidad.<\/p>\n\n\n\n<p><strong>Vicepresidencia Ejecutiva<\/strong><\/p>\n\n\n\n<p><strong>Comunicaciones Corporativas, Reputaci\u00f3n y Banca Responsable<\/strong><\/p>\n\n\n\n<p>Rainier Antonio Maldonado Tapia <a href=\"mailto:rmaldonado@bpd.com.do\">rmaldonado@bpd.com.do<\/a> <\/p>\n","protected":false},"excerpt":{"rendered":"<p>Suma 88 profesionales con doble titulaci\u00f3n en gesti\u00f3n sostenible &nbsp; Santo Domingo, D.N. \u2013 La C\u00e1tedra de Sostenibilidad \u201cAlejandro E. Grull\u00f3n E.\u201d, fruto de la alianza entre la Pontificia Universidad Cat\u00f3lica Madre y Maestra (PUCMM) y la Fundaci\u00f3n Popular, entreg\u00f3 a la sociedad la quinta cohorte formativa de su Maestr\u00eda en Responsabilidad Social Empresarial y [&hellip;]<\/p>\n","protected":false},"author":7,"featured_media":638153,"comment_status":"closed","ping_status":"closed","sticky":false,"template":"","format":"standard","meta":{"footnotes":""},"categories":[36],"tags":[830],"class_list":["post-638147","post","type-post","status-publish","format-standard","has-post-thumbnail","hentry","category-hombresmujeresycosas","tag-pucmm"],"_links":{"self":[{"href":"https:\/\/diariodominicano.com\/index.php?rest_route=\/wp\/v2\/posts\/638147","targetHints":{"allow":["GET"]}}],"collection":[{"href":"https:\/\/diariodominicano.com\/index.php?rest_route=\/wp\/v2\/posts"}],"about":[{"href":"https:\/\/diariodominicano.com\/index.php?rest_route=\/wp\/v2\/types\/post"}],"author":[{"embeddable":true,"href":"https:\/\/diariodominicano.com\/index.php?rest_route=\/wp\/v2\/users\/7"}],"replies":[{"embeddable":true,"href":"https:\/\/diariodominicano.com\/index.php?rest_route=%2Fwp%2Fv2%2Fcomments&post=638147"}],"version-history":[{"count":2,"href":"https:\/\/diariodominicano.com\/index.php?rest_route=\/wp\/v2\/posts\/638147\/revisions"}],"predecessor-version":[{"id":638157,"href":"https:\/\/diariodominicano.com\/index.php?rest_route=\/wp\/v2\/posts\/638147\/revisions\/638157"}],"wp:featuredmedia":[{"embeddable":true,"href":"https:\/\/diariodominicano.com\/index.php?rest_route=\/wp\/v2\/media\/638153"}],"wp:attachment":[{"href":"https:\/\/diariodominicano.com\/index.php?rest_route=%2Fwp%2Fv2%2Fmedia&parent=638147"}],"wp:term":[{"taxonomy":"category","embeddable":true,"href":"https:\/\/diariodominicano.com\/index.php?rest_route=%2Fwp%2Fv2%2Fcategories&post=638147"},{"taxonomy":"post_tag","embeddable":true,"href":"https:\/\/diariodominicano.com\/index.php?rest_route=%2Fwp%2Fv2%2Ftags&post=638147"}],"curies":[{"name":"wp","href":"https:\/\/api.w.org\/{rel}","templated":true}]}}