{"id":638013,"date":"2025-09-13T08:42:35","date_gmt":"2025-09-13T12:42:35","guid":{"rendered":"https:\/\/diariodominicano.com\/?p=638013"},"modified":"2025-09-13T16:16:56","modified_gmt":"2025-09-13T20:16:56","slug":"juicio-historico-en-brasil-bolsonaro-condenado-a-27-anos-2","status":"publish","type":"post","link":"https:\/\/diariodominicano.com\/?p=638013","title":{"rendered":"Juicio hist\u00f3rico en Brasil: \u00bfBolsonaro condenado a 27 a\u00f1os?"},"content":{"rendered":"\n<p><strong>Manuel D\u00edaz Aponte<\/strong><\/p>\n\n\n\n<p>Si finalmente el ex capit\u00e1n del ej\u00e9rcito y ex presidente de Brasil, Jair Bolsonaro, es llevado a la c\u00e1rcel como lo decidi\u00f3 el Supremo Tribunal Federal, que lo conden\u00f3 a 27 a\u00f1os de prisi\u00f3n por orquestar un golpe de Estado, la acci\u00f3n legal se traducir\u00e1 en un duro golpe para la ultraderecha de ese pa\u00eds suramericano.<\/p>\n\n\n\n<p>Al mismo tiempo, ser\u00eda una victoria para el actual presidente Luis Ignacio Lula Da Silva, quien gobierna por segunda ocasi\u00f3n el estado brasile\u00f1o.<\/p>\n\n\n\n<p>Ahora se espera el recurso de apelaci\u00f3n a dicha sentencia por parte de los abogados de Bolsonaro.<\/p>\n\n\n\n<p>La sociedad brasile\u00f1a ha seguido muy de cerca y con especial atenci\u00f3n el juicio hist\u00f3rico que la Suprema Corte de Brasil sigue al expresidente Jair Bolsonaro, acusado de orquestar una tentativa de golpe de Estado contra el actual presidente Luis&nbsp;<a>Ignacio Lula Da Silva<\/a>.<\/p>\n\n\n\n<p>\u201cLa acci\u00f3n penal 2668\u201d contra Bolsonaro se sustenta en la tentativa de violentar el estado de derecho y de buscar derrocar el gobierno democr\u00e1tico elegido por el voto popular.<\/p>\n\n\n\n<p>Esa acci\u00f3n golpista perpetuada el 8 de enero de este 2025 fue repudiada en su momento por la comunidad internacional y diversos pa\u00edses alrededor del mundo, as\u00ed como la Organizaci\u00f3n de las Naciones Unidas (ONU).<\/p>\n\n\n\n<p>El juez instructor del caso, Alexandre de Moraes, ha pedido al Tribunal Supremo de Brasil, que Bolsonaro, quien&nbsp;presidi\u00f3 la naci\u00f3n suramericana entre 2019 y 2022, sea condenado por los cinco delitos que se le imputan, con pena m\u00ednima de 12 a\u00f1os y un m\u00e1ximo de 43.&nbsp;&nbsp;<\/p>\n\n\n\n<p>Las deliberaciones transmitidas en vivo por la televisi\u00f3n de la Justicia de Brasil tambi\u00e9n fueron seguidas por pa\u00edses de Latinoam\u00e9rica.<\/p>\n\n\n\n<p>Para argumentar su tesis el juez de Moraes habl\u00f3 durante cinco horas en las que enfatiz\u00f3 que el Estado de derecho en Brasil estuvo a punto de rodar por el suelo \u201cy&nbsp;casi vuelve a una dictadura por una organizaci\u00f3n criminal, formada por un grupo pol\u00edtico y liderada por Jair Messias Bolsonaro, que no sabe perder las elecciones\u201d.<\/p>\n\n\n\n<p>El Supremo Tribunal Federal de Brasil encontr\u00f3 razones v\u00e1lidas para condenar a Bolsonaro y a otros cuatro implicados miembros de los cuerpos armados. Ahora impondr\u00e1 la semana venidera el tipo de penas a cumplir.&nbsp;&nbsp; &nbsp;<\/p>\n\n\n\n<p>De su lado, Bolsonaro, quien guarda actualmente prisi\u00f3n domiciliaria, niega que intentara perpetrar una asonada, sin embargo, admite que tras perder los comicios presidenciales ante el actual mandatario Lula Da Silva, convoc\u00f3 a la c\u00fapula de las Fuerzas Armadas para debatir medidas de excepci\u00f3n.<\/p>\n\n\n\n<p>Moraes ha solicitado que el ultraderechista sea condenado por los delitos de intento de abolici\u00f3n violenta del Estado,&nbsp;<a href=\"https:\/\/elpais.com\/america\/2025-09-08\/brasil-contra-bolsonaro-claves-de-un-juicio-historico-por-intento-de-golpe-de-estado.html\" target=\"_blank\" rel=\"noreferrer noopener\">golpe de Estado,<\/a>&nbsp;pertenencia a organizaci\u00f3n criminal, da\u00f1os a bienes p\u00fablicos, da\u00f1os al patrimonio protegido.<\/p>\n\n\n\n<p>La sede de la Corte Suprema de Justicia, en Brasilia, capital de Brasil,&nbsp;fue v\u00edctima de&nbsp;<a href=\"https:\/\/elpais.com\/internacional\/2023-07-16\/el-dia-en-que-brasil-temblo-los-cabos-sueltos-del-golpe-bolsonarista-seis-meses-despues.html\" target=\"_blank\" rel=\"noreferrer noopener\">una turba bolsonarista que la asalt\u00f3<\/a>&nbsp;en enero de 2023.<\/p>\n\n\n\n<p><strong>Brasil consolidada<\/strong><\/p>\n\n\n\n<p>En este nuevo mandato de Lula Da Silva, la Rep\u00fablica Federativa de Brasil, ha ido consolid\u00e1ndose y se perfila como la pr\u00f3xima potencia mundial, en gran medida por los estrechos v\u00ednculos comerciales y diplom\u00e1ticos con China.<\/p>\n\n\n\n<p>Desde 2024, con niveles significativos en la exportaci\u00f3n de petr\u00f3leo mayormente hacia Asia y los pa\u00edses europeos.<\/p>\n\n\n\n<p>Seg\u00fan la agencia informativa de Brasil el petr\u00f3leo cerr\u00f3 el 2024 como el principal producto de exportaci\u00f3n de esa naci\u00f3n, superando a la soja. Las ventas de crudo alcanzaron los US $44.800millones, de acuerdo con datos divulgados por la Secretar\u00eda de Comercio Exterior del Ministerio de Desarrollo, Industria, Comercio y Servicios.<\/p>\n\n\n\n<p>Las proyecciones de Petrobras indican que, para 2034, los ingresos acumulados generados por el presal podr\u00edan alcanzar los $506 mil millones, fortaleciendo significativamente las arcas p\u00fablicas del pa\u00eds.<\/p>\n\n\n\n<p>Asimismo, ha alcanzado nuevas proyecciones internacionales, como integrante del bloque los BRICS, donde Lula ha jugado un papel importante inst\u00e1ndolo a seguir defendiendo el multilateralismo \u00abcon una sola voz\u00bb en los foros internacionales y, en especial, en la ONU.<\/p>\n\n\n\n<p><strong>Liderazgo de Lula<\/strong><\/p>\n\n\n\n<p>El l\u00edder y presidente de Brasil record\u00f3 que Am\u00e9rica Latina y el Caribe es una regi\u00f3n de paz desde la firma en 1968 del Tratado de Tlatelolco, que consagr\u00f3 la prohibici\u00f3n del uso de armas nucleares en la regi\u00f3n.<\/p>\n\n\n\n<p>Actualmente, Brasil mantiene excelentes relaciones con China, Rusia y los pa\u00edses de la Uni\u00f3n Europea. Ante EE. UU., Lula ha criticado la presencia de barcos de guerra de ese pa\u00eds frente a las costas de Venezuela.<\/p>\n\n\n\n<p>Al respecto, pidi\u00f3 a la comunidad internacional prestar atenci\u00f3n a esa situaci\u00f3n que podr\u00eda generar un serio conflicto armado en esa regi\u00f3n de Am\u00e9rica.<\/p>\n\n\n\n<p>La econom\u00eda de Brasil ha experimentado un crecimiento sistem\u00e1tico anual en los \u00faltimos tres a\u00f1os y cada vez aumentan las inversiones de China en este territorio, y una de esas infraestructuras, es la que realiza el gobierno de Xi Jinping en el puerto de la localidad de Santos, en el estado de Sao Paulo.<\/p>\n\n\n\n<p>La obra permitir\u00e1 mayores exportaciones de granos, soya y az\u00facar de Brasil hacia la potencia oriental. &nbsp;<\/p>\n\n\n\n<p>\u00a0Art\u00edculo de Manuel D\u00edaz Aponte\u00a0 \u00a0 \u00a0<\/p>\n\n\n\n<p>#Manuel Diaz\u2003\u2003\u2003\u2003 #Bolsonaro<\/p>\n","protected":false},"excerpt":{"rendered":"<p>Manuel D\u00edaz Aponte Si finalmente el ex capit\u00e1n del ej\u00e9rcito y ex presidente de Brasil, Jair Bolsonaro, es llevado a la c\u00e1rcel como lo decidi\u00f3 el Supremo Tribunal Federal, que lo conden\u00f3 a 27 a\u00f1os de prisi\u00f3n por orquestar un golpe de Estado, la acci\u00f3n legal se traducir\u00e1 en un duro golpe para la ultraderecha [&hellip;]<\/p>\n","protected":false},"author":2,"featured_media":510907,"comment_status":"closed","ping_status":"closed","sticky":false,"template":"","format":"standard","meta":{"footnotes":""},"categories":[19,16,27],"tags":[2675],"class_list":["post-638013","post","type-post","status-publish","format-standard","has-post-thumbnail","hentry","category-mi-voz","category-opiniones","category-portada","tag-manuel-diaz-aponte"],"_links":{"self":[{"href":"https:\/\/diariodominicano.com\/index.php?rest_route=\/wp\/v2\/posts\/638013","targetHints":{"allow":["GET"]}}],"collection":[{"href":"https:\/\/diariodominicano.com\/index.php?rest_route=\/wp\/v2\/posts"}],"about":[{"href":"https:\/\/diariodominicano.com\/index.php?rest_route=\/wp\/v2\/types\/post"}],"author":[{"embeddable":true,"href":"https:\/\/diariodominicano.com\/index.php?rest_route=\/wp\/v2\/users\/2"}],"replies":[{"embeddable":true,"href":"https:\/\/diariodominicano.com\/index.php?rest_route=%2Fwp%2Fv2%2Fcomments&post=638013"}],"version-history":[{"count":1,"href":"https:\/\/diariodominicano.com\/index.php?rest_route=\/wp\/v2\/posts\/638013\/revisions"}],"predecessor-version":[{"id":638014,"href":"https:\/\/diariodominicano.com\/index.php?rest_route=\/wp\/v2\/posts\/638013\/revisions\/638014"}],"wp:featuredmedia":[{"embeddable":true,"href":"https:\/\/diariodominicano.com\/index.php?rest_route=\/wp\/v2\/media\/510907"}],"wp:attachment":[{"href":"https:\/\/diariodominicano.com\/index.php?rest_route=%2Fwp%2Fv2%2Fmedia&parent=638013"}],"wp:term":[{"taxonomy":"category","embeddable":true,"href":"https:\/\/diariodominicano.com\/index.php?rest_route=%2Fwp%2Fv2%2Fcategories&post=638013"},{"taxonomy":"post_tag","embeddable":true,"href":"https:\/\/diariodominicano.com\/index.php?rest_route=%2Fwp%2Fv2%2Ftags&post=638013"}],"curies":[{"name":"wp","href":"https:\/\/api.w.org\/{rel}","templated":true}]}}