{"id":637974,"date":"2025-09-13T02:36:04","date_gmt":"2025-09-13T06:36:04","guid":{"rendered":"https:\/\/diariodominicano.com\/?p=637974"},"modified":"2025-09-13T02:38:41","modified_gmt":"2025-09-13T06:38:41","slug":"raquel-pena-nuestra-vision-de-futuro-se-siente-en-cada-rincon-de-la-altagracia","status":"publish","type":"post","link":"https:\/\/diariodominicano.com\/?p=637974","title":{"rendered":"Raquel Pe\u00f1a: \u201cNuestra visi\u00f3n de futuro se siente en cada rinc\u00f3n de La Altagracia\u201d"},"content":{"rendered":"\n<p><br>La vicepresidenta imparti\u00f3 la conferencia \u201cLa Fuerza de lo Cercano\u201d en Hig\u00fcey,<br>destacando turismo, construcci\u00f3n y conectividad como pilares del desarrollo de la<br>provincia.<\/p>\n\n\n\n<figure class=\"wp-block-image size-large\"><img loading=\"lazy\" decoding=\"async\" width=\"1024\" height=\"681\" src=\"https:\/\/diariodominicano.com\/wp-content\/uploads\/2025\/09\/WhatsApp-Image-2025-09-12-at-6.59.20-PM-1024x681.jpeg\" alt=\"\" class=\"wp-image-637977\" srcset=\"https:\/\/diariodominicano.com\/wp-content\/uploads\/2025\/09\/WhatsApp-Image-2025-09-12-at-6.59.20-PM-1024x681.jpeg 1024w, https:\/\/diariodominicano.com\/wp-content\/uploads\/2025\/09\/WhatsApp-Image-2025-09-12-at-6.59.20-PM-300x200.jpeg 300w, https:\/\/diariodominicano.com\/wp-content\/uploads\/2025\/09\/WhatsApp-Image-2025-09-12-at-6.59.20-PM-768x511.jpeg 768w, https:\/\/diariodominicano.com\/wp-content\/uploads\/2025\/09\/WhatsApp-Image-2025-09-12-at-6.59.20-PM-1536x1022.jpeg 1536w, https:\/\/diariodominicano.com\/wp-content\/uploads\/2025\/09\/WhatsApp-Image-2025-09-12-at-6.59.20-PM-2048x1363.jpeg 2048w, https:\/\/diariodominicano.com\/wp-content\/uploads\/2025\/09\/WhatsApp-Image-2025-09-12-at-6.59.20-PM-816x543.jpeg 816w\" sizes=\"auto, (max-width: 1024px) 100vw, 1024px\" \/><\/figure>\n\n\n\n<p><br>La Altagracia. Este viernes la comunidad de Hig\u00fcey recibi\u00f3 la conferencia magistral,<br>\u201cLa Fuerza de lo Cercano\u201d, impartida por la vicepresidenta de la Rep\u00fablica, Raquel<br>Pe\u00f1a, quien resalt\u00f3 el turismo, la construcci\u00f3n y la conectividad como motor de<br>desarrollo de esta provincia.<br>\u201cEstos pilares garantizan m\u00e1s empleos, mejores oportunidades y un futuro de<br>crecimiento para toda La Altagracia. Esta visi\u00f3n de futuro que construimos bajo el<br>liderazgo del Presidente Luis Abinader se siente en cada rinc\u00f3n de la provincia\u201d, dijo<br>Pe\u00f1a durante la conferencia expuesta en la Universidad Aut\u00f3noma de Santo Domingo<br>recinto Hig\u00fcey.<\/p>\n\n\n\n<figure class=\"wp-block-image size-large\"><img loading=\"lazy\" decoding=\"async\" width=\"1024\" height=\"681\" src=\"https:\/\/diariodominicano.com\/wp-content\/uploads\/2025\/09\/WhatsApp-Image-2025-09-12-at-6.59.22-PM-1024x681.jpeg\" alt=\"\" class=\"wp-image-637979\" srcset=\"https:\/\/diariodominicano.com\/wp-content\/uploads\/2025\/09\/WhatsApp-Image-2025-09-12-at-6.59.22-PM-1024x681.jpeg 1024w, https:\/\/diariodominicano.com\/wp-content\/uploads\/2025\/09\/WhatsApp-Image-2025-09-12-at-6.59.22-PM-300x200.jpeg 300w, https:\/\/diariodominicano.com\/wp-content\/uploads\/2025\/09\/WhatsApp-Image-2025-09-12-at-6.59.22-PM-768x511.jpeg 768w, https:\/\/diariodominicano.com\/wp-content\/uploads\/2025\/09\/WhatsApp-Image-2025-09-12-at-6.59.22-PM-1536x1022.jpeg 1536w, https:\/\/diariodominicano.com\/wp-content\/uploads\/2025\/09\/WhatsApp-Image-2025-09-12-at-6.59.22-PM-2048x1363.jpeg 2048w, https:\/\/diariodominicano.com\/wp-content\/uploads\/2025\/09\/WhatsApp-Image-2025-09-12-at-6.59.22-PM-816x543.jpeg 816w\" sizes=\"auto, (max-width: 1024px) 100vw, 1024px\" \/><\/figure>\n\n\n\n<p><br>La vicemandataria detall\u00f3 que la Regi\u00f3n Este representa el 14 % del Producto Interno<br>Bruto nacional, resaltando que este dinamismo se sustenta en la confianza que<br>inversionistas depositan en nuestro pa\u00eds, ya que solo en el primer trimestre de este 2025,<br>el pa\u00eds recibi\u00f3 1,329 millones de d\u00f3lares en inversi\u00f3n extranjera directa.<br>\u201cHace una d\u00e9cada los indicadores del \u00cdndice de Desarrollo Humano colocaban a la<br>Regi\u00f3n Yuma (formada por El Seibo, La Romana y La Altagracia) entre las zonas con<br>menor desarrollo de la Rep\u00fablica Dominicana, pero hoy esa realidad es diferente.<br>Gracias al trabajo conjunto entre el Gobierno y la ciudadan\u00eda\u201d, expuso la vicepresidenta.<br>Pe\u00f1a dijo tambi\u00e9n que el sector de la construcci\u00f3n en julio creci\u00f3 un 3.8 %, despu\u00e9s de<br>haber enfrentado momentos dif\u00edciles, lo que confirma que la econom\u00eda se est\u00e1<br>fortaleciendo.<br>Raquel Pe\u00f1a record\u00f3 que en La Altagracia fue remozado y ampliado emergencias en<br>distintos municipios, con seis inauguraciones que hoy permiten que las familias reciban<br>atenci\u00f3n m\u00e9dica de calidad sin tener que recorrer largas distancias.<br>\u201cEstas obras forman parte de 10 proyectos en toda la regi\u00f3n Este, que incluyen<br>hospitales y centros de primer nivel, fortaleciendo la red p\u00fablica y llevando tranquilidad<br>a miles de hogares\u201d, dijo al tiempo que detall\u00f3 el primer hospital traumatol\u00f3gico de la<br>regi\u00f3n, inaugurado en julio en Hig\u00fcey.<br>Adem\u00e1s, el Gobierno entreg\u00f3 dos centros de nivel primario en Hig\u00fcey, que benefician a<br>1,610 estudiantes y suman 46 aulas nuevas, ya en funcionamiento en el actual ciclo<br>escolar.<\/p>\n\n\n\n<p>\u201cSabemos que la educaci\u00f3n es la llave que abre las puertas a un futuro mejor, seguimos<br>trabajando para que cada ni\u00f1o y ni\u00f1a tenga acceso a una ense\u00f1anza de calidad y a la<br>oportunidad de alcanzar sus sue\u00f1os\u201d, agreg\u00f3.<br>La vicepresidenta tambi\u00e9n destac\u00f3 los 35 proyectos estrat\u00e9gicos, orientados a mejorar la<br>conectividad a\u00e9rea y vial, fundamentales para el crecimiento sostenido de La Altagracia,<br>entre ellos estos proyectos se destacan la Zona Franca de Punta Cana, que ya genera<br>empleos para muchas familias, y la ampliaci\u00f3n de la Terminal B del Aeropuerto<br>Internacional de Punta Cana, que estar\u00e1 lista el pr\u00f3ximo a\u00f1o y abrir\u00e1 nuevas puertas al<br>turismo y al comercio.<br>Al explicar los beneficios que trae el sector tur\u00edstico a la provincia La Altagracia, la<br>vicemandataria dijo que m\u00e1s de ocho millones de turistas visitaron la Rep\u00fablica<br>Dominicana, y de estos, m\u00e1s de la mitad lleg\u00f3 por Punta Cana.<br>\u201cEste desarrollo integral responde a la visi\u00f3n del presidente Luis Abinader de garantizar<br>que cada provincia del pa\u00eds tenga acceso a m\u00e1s oportunidades y a un futuro mejor\u201d,<br>concluy\u00f3 Pe\u00f1a.<br>La presentaci\u00f3n de la vicepresidenta estuvo a cargo de la ministra de La Mujer, Mayra<br>Jim\u00e9nez, quien expuso una breve biograf\u00eda de la vicemandataria, y resalt\u00f3 su liderazgo,<br>y experiencia en el \u00e1mbito acad\u00e9mico y empresarial.<br>\u201cEl recorrido de Raquel Pe\u00f1a en la vida pol\u00edtica se ha forjado a trav\u00e9s de a\u00f1os de<br>dedicaci\u00f3n, liderazgo y militancia activa. Cuenta con m\u00e1s de dos d\u00e9cadas de experiencia<br>en los \u00e1mbitos acad\u00e9mico y empresarial. Sus acciones han priorizado la inversi\u00f3n<br>regional, la salud, la educaci\u00f3n t\u00e9cnica y la creaci\u00f3n de oportunidades para la poblaci\u00f3n,<br>consolidando un estilo de liderazgo cercano, firme\u201d, expuso Jim\u00e9nez.<br>Por su parte la directora de la Universidad Aut\u00f3noma de Santo Domingo, Centro<br>Higuey, Enoide Cede\u00f1o Richiez, agradeci\u00f3 el acercamiento de la vicepresidenta, y<br>valor\u00f3 el liderazgo y su contribuci\u00f3n frente al impulso de pol\u00edticas p\u00fablicas que mejoren<br>el desarrollo del pa\u00eds.<br>\u201cCon su liderazgo hizo m\u00e1s cercana e inclusiva la posici\u00f3n que desempe\u00f1a, y nos ha<br>demostrado que es posible mantener relaciones cercanas entre la ciudadan\u00eda y el<br>Gobierno\u201d, dijo Cede\u00f1o.<\/p>\n\n\n\n<p><a href=\"https:\/\/mail.google.com\/mail\/u\/1\/#inbox\/FMfcgzQcpnJkqlFWLwNlxWcPzMmNQSfp?projector=1&amp;messagePartId=0.1\">https:\/\/mail.google.com\/mail\/u\/1\/#inbox\/FMfcgzQcpnJkqlFWLwNlxWcPzMmNQSfp?projector=1&amp;messagePartId=0.1<\/a><\/p>\n","protected":false},"excerpt":{"rendered":"<p>La vicepresidenta imparti\u00f3 la conferencia \u201cLa Fuerza de lo Cercano\u201d en Hig\u00fcey,destacando turismo, construcci\u00f3n y conectividad como pilares del desarrollo de laprovincia. La Altagracia. Este viernes la comunidad de Hig\u00fcey recibi\u00f3 la conferencia magistral,\u201cLa Fuerza de lo Cercano\u201d, impartida por la vicepresidenta de la Rep\u00fablica, RaquelPe\u00f1a, quien resalt\u00f3 el turismo, la construcci\u00f3n y la conectividad [&hellip;]<\/p>\n","protected":false},"author":2,"featured_media":637975,"comment_status":"closed","ping_status":"closed","sticky":false,"template":"","format":"standard","meta":{"footnotes":""},"categories":[20],"tags":[],"class_list":["post-637974","post","type-post","status-publish","format-standard","has-post-thumbnail","hentry","category-dominicana-hoy"],"_links":{"self":[{"href":"https:\/\/diariodominicano.com\/index.php?rest_route=\/wp\/v2\/posts\/637974","targetHints":{"allow":["GET"]}}],"collection":[{"href":"https:\/\/diariodominicano.com\/index.php?rest_route=\/wp\/v2\/posts"}],"about":[{"href":"https:\/\/diariodominicano.com\/index.php?rest_route=\/wp\/v2\/types\/post"}],"author":[{"embeddable":true,"href":"https:\/\/diariodominicano.com\/index.php?rest_route=\/wp\/v2\/users\/2"}],"replies":[{"embeddable":true,"href":"https:\/\/diariodominicano.com\/index.php?rest_route=%2Fwp%2Fv2%2Fcomments&post=637974"}],"version-history":[{"count":2,"href":"https:\/\/diariodominicano.com\/index.php?rest_route=\/wp\/v2\/posts\/637974\/revisions"}],"predecessor-version":[{"id":637980,"href":"https:\/\/diariodominicano.com\/index.php?rest_route=\/wp\/v2\/posts\/637974\/revisions\/637980"}],"wp:featuredmedia":[{"embeddable":true,"href":"https:\/\/diariodominicano.com\/index.php?rest_route=\/wp\/v2\/media\/637975"}],"wp:attachment":[{"href":"https:\/\/diariodominicano.com\/index.php?rest_route=%2Fwp%2Fv2%2Fmedia&parent=637974"}],"wp:term":[{"taxonomy":"category","embeddable":true,"href":"https:\/\/diariodominicano.com\/index.php?rest_route=%2Fwp%2Fv2%2Fcategories&post=637974"},{"taxonomy":"post_tag","embeddable":true,"href":"https:\/\/diariodominicano.com\/index.php?rest_route=%2Fwp%2Fv2%2Ftags&post=637974"}],"curies":[{"name":"wp","href":"https:\/\/api.w.org\/{rel}","templated":true}]}}