{"id":637955,"date":"2025-09-13T02:17:07","date_gmt":"2025-09-13T06:17:07","guid":{"rendered":"https:\/\/diariodominicano.com\/?p=637955"},"modified":"2025-09-13T02:22:24","modified_gmt":"2025-09-13T06:22:24","slug":"artistas-y-figuras-publicas-donan-libros-a-privados-de-libertad-para-fortalecer-su-reinsercion-social","status":"publish","type":"post","link":"https:\/\/diariodominicano.com\/?p=637955","title":{"rendered":"Artistas y figuras p\u00fablicas donan libros a privados de libertad para fortalecer su reinserci\u00f3n social"},"content":{"rendered":"\n<p>Roberto Santana, Director ONAPREP; Rosa de Grull\u00f3n, director de la Biblioteca Nacional, Rafael Peralta Romero; Nin\u00ed C\u00e1ffaro, Zaida Lovat\u00f3n, entre otros representantes de instituciones p\u00fablicas y privadas.<\/p>\n\n\n\n<p>El maestro Nin\u00ed C\u00e1ffaro, do\u00f1a Zaida Lovat\u00f3n y Freddy Ginebra, junto a representantes de instituciones p\u00fablicas y privadas, encabezaron la primera jornada de donaci\u00f3n de libros destinada a privados de libertad, realizada este viernes en la Biblioteca Nacional Pedro Henr\u00edquez Ure\u00f1a (BNPHU).<\/p>\n\n\n\n<figure class=\"wp-block-image size-large\"><img loading=\"lazy\" decoding=\"async\" width=\"1024\" height=\"736\" src=\"https:\/\/diariodominicano.com\/wp-content\/uploads\/2025\/09\/Durante-la-entrega-de-libros-1-1024x736.jpeg\" alt=\"\" class=\"wp-image-637958\" srcset=\"https:\/\/diariodominicano.com\/wp-content\/uploads\/2025\/09\/Durante-la-entrega-de-libros-1-1024x736.jpeg 1024w, https:\/\/diariodominicano.com\/wp-content\/uploads\/2025\/09\/Durante-la-entrega-de-libros-1-300x216.jpeg 300w, https:\/\/diariodominicano.com\/wp-content\/uploads\/2025\/09\/Durante-la-entrega-de-libros-1-768x552.jpeg 768w, https:\/\/diariodominicano.com\/wp-content\/uploads\/2025\/09\/Durante-la-entrega-de-libros-1-816x587.jpeg 816w, https:\/\/diariodominicano.com\/wp-content\/uploads\/2025\/09\/Durante-la-entrega-de-libros-1.jpeg 1310w\" sizes=\"auto, (max-width: 1024px) 100vw, 1024px\" \/><\/figure>\n\n\n\n<p>En el acto de entrega.<\/p>\n\n\n\n<p>La iniciativa, organizada por la Oficina Nacional de Apoyo a la Reforma Penitenciaria (ONAPREP) en coordinaci\u00f3n con la Biblioteca Nacional, tuvo como objetivo fortalecer los programas de educaci\u00f3n y reinserci\u00f3n social que se desarrollan en los centros penitenciarios del pa\u00eds.<\/p>\n\n\n\n<p>Esta jornada se enmarca dentro un acuerdo interinstitucional suscrito entre el director de la Biblioteca Nacional, Rafael Peralta Romero, y el Director de la ONAPREP, Roberto Santana, con el prop\u00f3sito de impulsar acciones conjuntas que estimulen la educaci\u00f3n, la cultura y la reinserci\u00f3n social de las personas privadas de libertad.<\/p>\n\n\n\n<p>Durante el encuentro se recibieron importantes aportes de textos acad\u00e9micos y culturales, los cuales ser\u00e1n incorporados a las bibliotecas de los recintos penitenciarios, ampliando las oportunidades de formaci\u00f3n y desarrollo personal para quienes cumplen condena.<\/p>\n\n\n\n<p>Con esta acci\u00f3n, se marca el inicio de un movimiento nacional que promueve la educaci\u00f3n como herramienta fundamental para la transformaci\u00f3n y la reinserci\u00f3n social de los privados de libertad, integrando la colaboraci\u00f3n de personalidades, instituciones y la ciudadan\u00eda.<\/p>\n\n\n\n<p>ONAPREP &#8211; Reforma Penitenciaria RD<\/p>\n\n\n\n<p><a href=\"mailto:onaprep@gmail.com\" target=\"_blank\" rel=\"noreferrer noopener\">onaprep@gmail.com<\/a><\/p>\n\n\n\n<p>#ONAPREP\u2003\u2003\u2003#Roberto Santana\u2003\u2003\u2003\u2003 #Nin\u00ed<\/p>\n","protected":false},"excerpt":{"rendered":"<p>Roberto Santana, Director ONAPREP; Rosa de Grull\u00f3n, director de la Biblioteca Nacional, Rafael Peralta Romero; Nin\u00ed C\u00e1ffaro, Zaida Lovat\u00f3n, entre otros representantes de instituciones p\u00fablicas y privadas. El maestro Nin\u00ed C\u00e1ffaro, do\u00f1a Zaida Lovat\u00f3n y Freddy Ginebra, junto a representantes de instituciones p\u00fablicas y privadas, encabezaron la primera jornada de donaci\u00f3n de libros destinada a [&hellip;]<\/p>\n","protected":false},"author":2,"featured_media":637956,"comment_status":"closed","ping_status":"closed","sticky":false,"template":"","format":"standard","meta":{"footnotes":""},"categories":[36,20],"tags":[],"class_list":["post-637955","post","type-post","status-publish","format-standard","has-post-thumbnail","hentry","category-hombresmujeresycosas","category-dominicana-hoy"],"_links":{"self":[{"href":"https:\/\/diariodominicano.com\/index.php?rest_route=\/wp\/v2\/posts\/637955","targetHints":{"allow":["GET"]}}],"collection":[{"href":"https:\/\/diariodominicano.com\/index.php?rest_route=\/wp\/v2\/posts"}],"about":[{"href":"https:\/\/diariodominicano.com\/index.php?rest_route=\/wp\/v2\/types\/post"}],"author":[{"embeddable":true,"href":"https:\/\/diariodominicano.com\/index.php?rest_route=\/wp\/v2\/users\/2"}],"replies":[{"embeddable":true,"href":"https:\/\/diariodominicano.com\/index.php?rest_route=%2Fwp%2Fv2%2Fcomments&post=637955"}],"version-history":[{"count":4,"href":"https:\/\/diariodominicano.com\/index.php?rest_route=\/wp\/v2\/posts\/637955\/revisions"}],"predecessor-version":[{"id":637963,"href":"https:\/\/diariodominicano.com\/index.php?rest_route=\/wp\/v2\/posts\/637955\/revisions\/637963"}],"wp:featuredmedia":[{"embeddable":true,"href":"https:\/\/diariodominicano.com\/index.php?rest_route=\/wp\/v2\/media\/637956"}],"wp:attachment":[{"href":"https:\/\/diariodominicano.com\/index.php?rest_route=%2Fwp%2Fv2%2Fmedia&parent=637955"}],"wp:term":[{"taxonomy":"category","embeddable":true,"href":"https:\/\/diariodominicano.com\/index.php?rest_route=%2Fwp%2Fv2%2Fcategories&post=637955"},{"taxonomy":"post_tag","embeddable":true,"href":"https:\/\/diariodominicano.com\/index.php?rest_route=%2Fwp%2Fv2%2Ftags&post=637955"}],"curies":[{"name":"wp","href":"https:\/\/api.w.org\/{rel}","templated":true}]}}