{"id":637850,"date":"2025-09-12T19:25:55","date_gmt":"2025-09-12T23:25:55","guid":{"rendered":"https:\/\/diariodominicano.com\/?p=637850"},"modified":"2025-09-13T01:23:07","modified_gmt":"2025-09-13T05:23:07","slug":"procuradora-general-instruye-a-persecucion-y-a-la-fiscalia-de-santiago-que-investiguen-circunstancias-en-que-una-patrulla-policial-abatio-a-cinco-hombres","status":"publish","type":"post","link":"https:\/\/diariodominicano.com\/?p=637850","title":{"rendered":"Procuradora General instruye  al director general de Persecuci\u00f3n del Ministerio P\u00fablico y a la fiscal de Santiago para que encabecen las investigaciones en torno a las circunstancias en las que cinco hombres fueron abatidos por agentes de la Polic\u00eda Nacional"},"content":{"rendered":"\n<p>ARCHIVO: La procuradora general Yeni Berenice Reynoso<\/p>\n\n\n\n<p><em><u>El hecho ocurri\u00f3 el mi\u00e9rcoles en una plaza comercial ubicada en La Barranquita<\/u><\/em><\/p>\n\n\n\n<p><strong>SANTO DOMINGO (Rep\u00fablica Dominicana).-<\/strong>&nbsp;La procuradora general de la Rep\u00fablica, Yeni Berenice Reynoso, instruy\u00f3 al director general de Persecuci\u00f3n del Ministerio P\u00fablico y a la fiscal de Santiago para que encabecen directamente las investigaciones en torno a las circunstancias en las que cinco hombres fueron abatidos por agentes de la Polic\u00eda Nacional la tarde del pasado mi\u00e9rcoles, en una plaza comercial de La Barranquita.<\/p>\n\n\n\n<p>Reynoso envi\u00f3 una comunicaci\u00f3n al procurador adjunto Wilson Camacho, titular de Persecuci\u00f3n, y a la fiscal interina de Santiago Quirsa Abreu, en la que les solicita realizar las indagatorias de lugar para \u201cdeterminar las circunstancias objetivas en las que ocurri\u00f3 el caso en cuesti\u00f3n y proceder conforme el resultado de la misma\u201d.<\/p>\n\n\n\n<p>Los fallecidos fueron identificados por la Polic\u00eda como Edward Bernardo Pe\u00f1a Rodr\u00edguez, Carlos Enrique Guzm\u00e1n Navarro (el Charly o Charli Chasc), Jos\u00e9 Vladimir Valerio Est\u00e9vez, Elvis Antonio Mart\u00ednez Rodr\u00edguez y Julio Alberto G\u00f3mez, quienes murieron mientras recib\u00edan atenciones m\u00e9dicas en el Hospital Doctor Cabral y B\u00e1ez, de Santiago.<\/p>\n\n\n\n<p>El hecho se produjo en una plaza ubicada en la avenida Ol\u00edmpica, del sector La Barranquita, de Santiago, en la que, conforme inform\u00f3 la Polic\u00eda, se produjo una balacera entre el grupo de civiles y sus agentes, en la cual result\u00f3 herido el cabo Yohandy Encarnaci\u00f3n, quien recibe atenciones m\u00e9dicas en un centro de salud de esa provincia. Indic\u00f3, adem\u00e1s, que huy\u00f3 del lugar un hombre al que persegu\u00edan.<\/p>\n\n\n\n<p><strong>Direcci\u00f3n General de Comunicaci\u00f3n, Prensa y RRPP<\/strong><\/p>\n\n\n\n<p><strong>Ministerio P\u00fablico RD<\/strong><\/p>\n\n\n\n<p>Comunicaciones PGR <a href=\"mailto:comunicaciones@pgr.gob.do\">comunicaciones@pgr.gob.do<\/a><\/p>\n","protected":false},"excerpt":{"rendered":"<p>ARCHIVO: La procuradora general Yeni Berenice Reynoso El hecho ocurri\u00f3 el mi\u00e9rcoles en una plaza comercial ubicada en La Barranquita SANTO DOMINGO (Rep\u00fablica Dominicana).-&nbsp;La procuradora general de la Rep\u00fablica, Yeni Berenice Reynoso, instruy\u00f3 al director general de Persecuci\u00f3n del Ministerio P\u00fablico y a la fiscal de Santiago para que encabecen directamente las investigaciones en torno [&hellip;]<\/p>\n","protected":false},"author":7,"featured_media":637859,"comment_status":"closed","ping_status":"closed","sticky":false,"template":"","format":"standard","meta":{"footnotes":""},"categories":[24,27],"tags":[171],"class_list":["post-637850","post","type-post","status-publish","format-standard","has-post-thumbnail","hentry","category-justicia-y-derecho","category-portada","tag-ministerio-publico"],"_links":{"self":[{"href":"https:\/\/diariodominicano.com\/index.php?rest_route=\/wp\/v2\/posts\/637850","targetHints":{"allow":["GET"]}}],"collection":[{"href":"https:\/\/diariodominicano.com\/index.php?rest_route=\/wp\/v2\/posts"}],"about":[{"href":"https:\/\/diariodominicano.com\/index.php?rest_route=\/wp\/v2\/types\/post"}],"author":[{"embeddable":true,"href":"https:\/\/diariodominicano.com\/index.php?rest_route=\/wp\/v2\/users\/7"}],"replies":[{"embeddable":true,"href":"https:\/\/diariodominicano.com\/index.php?rest_route=%2Fwp%2Fv2%2Fcomments&post=637850"}],"version-history":[{"count":3,"href":"https:\/\/diariodominicano.com\/index.php?rest_route=\/wp\/v2\/posts\/637850\/revisions"}],"predecessor-version":[{"id":637918,"href":"https:\/\/diariodominicano.com\/index.php?rest_route=\/wp\/v2\/posts\/637850\/revisions\/637918"}],"wp:featuredmedia":[{"embeddable":true,"href":"https:\/\/diariodominicano.com\/index.php?rest_route=\/wp\/v2\/media\/637859"}],"wp:attachment":[{"href":"https:\/\/diariodominicano.com\/index.php?rest_route=%2Fwp%2Fv2%2Fmedia&parent=637850"}],"wp:term":[{"taxonomy":"category","embeddable":true,"href":"https:\/\/diariodominicano.com\/index.php?rest_route=%2Fwp%2Fv2%2Fcategories&post=637850"},{"taxonomy":"post_tag","embeddable":true,"href":"https:\/\/diariodominicano.com\/index.php?rest_route=%2Fwp%2Fv2%2Ftags&post=637850"}],"curies":[{"name":"wp","href":"https:\/\/api.w.org\/{rel}","templated":true}]}}