{"id":637848,"date":"2025-09-12T19:10:46","date_gmt":"2025-09-12T23:10:46","guid":{"rendered":"https:\/\/diariodominicano.com\/?p=637848"},"modified":"2025-09-12T19:11:32","modified_gmt":"2025-09-12T23:11:32","slug":"grupo-puntacana-entre-las-empresas-con-mejor-reputacion-corporativa-de-la-region-en-2025-segun-revista-summa","status":"publish","type":"post","link":"https:\/\/diariodominicano.com\/?p=637848","title":{"rendered":"Grupo Puntacana entre las empresas con mejor reputaci\u00f3n corporativa de la regi\u00f3n en 2025, seg\u00fan revista Summa"},"content":{"rendered":"\n<p><em>El grupo empresarial ocup\u00f3 la posici\u00f3n n\u00famero 5 del top 25 de las compa\u00f1\u00edas destacadas en Rep\u00fablica Dominicana.<\/em><\/p>\n\n\n\n<p><strong>Punta Cana, La Altagracia. &#8211;<\/strong>&nbsp;La revista Summa reconoci\u00f3 a Grupo Puntacana como una de las empresas con mejor reputaci\u00f3n corporativa de la regi\u00f3n en su ranking 2025, ocupando la posici\u00f3n n\u00famero 5 entre 25 compa\u00f1\u00edas destacadas en Rep\u00fablica Dominicana.<\/p>\n\n\n\n<p>El estudio eval\u00faa la reputaci\u00f3n de las organizaciones en distintos pa\u00edses de Centroam\u00e9rica y el Caribe. Este a\u00f1o, el ranking identific\u00f3 a las 100 empresas con mejor reputaci\u00f3n corporativa en Guatemala y Costa Rica, al top 75 de El Salvador y Panam\u00e1, y al top 25 de Honduras, Nicaragua y Rep\u00fablica Dominicana.<\/p>\n\n\n\n<p>La metodolog\u00eda de la investigaci\u00f3n se bas\u00f3 en un sondeo realizado entre el 1 de junio y el 1 de julio de 2025, en el que participaron 2,000 altos ejecutivos de la regi\u00f3n, con edades entre 18 y 50 a\u00f1os. Entre los encuestados se incluyeron CEO\u2019s, presidentes, gerentes generales, financieros y de mercadeo, quienes evaluaron aspectos determinantes para la imagen reputacional de las empresas y nominaron a las tres organizaciones de su pa\u00eds que consideran referentes en la materia.<\/p>\n\n\n\n<p>Los sectores evaluados abarcaron agricultura, industria, servicios y comercio. La selecci\u00f3n final se defini\u00f3 con base en el nivel de participaci\u00f3n por pa\u00eds y el n\u00famero de menciones obtenidas por cada empresa.<\/p>\n\n\n\n<p>Este reconocimiento refleja el compromiso de Grupo Puntacana con la excelencia empresarial, la sostenibilidad y el desarrollo econ\u00f3mico y social de la Rep\u00fablica Dominicana, consolidando su posici\u00f3n como referente en la regi\u00f3n.<\/p>\n\n\n\n<p>Mar\u00eda Alejandra Alc\u00e1ntara <a href=\"mailto:mariaalejandra@cicom.do\">mariaalejandra@cicom.do<\/a><\/p>\n","protected":false},"excerpt":{"rendered":"<p>El grupo empresarial ocup\u00f3 la posici\u00f3n n\u00famero 5 del top 25 de las compa\u00f1\u00edas destacadas en Rep\u00fablica Dominicana. Punta Cana, La Altagracia. &#8211;&nbsp;La revista Summa reconoci\u00f3 a Grupo Puntacana como una de las empresas con mejor reputaci\u00f3n corporativa de la regi\u00f3n en su ranking 2025, ocupando la posici\u00f3n n\u00famero 5 entre 25 compa\u00f1\u00edas destacadas en [&hellip;]<\/p>\n","protected":false},"author":7,"featured_media":637854,"comment_status":"closed","ping_status":"closed","sticky":false,"template":"","format":"standard","meta":{"footnotes":""},"categories":[32],"tags":[689],"class_list":["post-637848","post","type-post","status-publish","format-standard","has-post-thumbnail","hentry","category-turismo","tag-grupo-puntacana"],"_links":{"self":[{"href":"https:\/\/diariodominicano.com\/index.php?rest_route=\/wp\/v2\/posts\/637848","targetHints":{"allow":["GET"]}}],"collection":[{"href":"https:\/\/diariodominicano.com\/index.php?rest_route=\/wp\/v2\/posts"}],"about":[{"href":"https:\/\/diariodominicano.com\/index.php?rest_route=\/wp\/v2\/types\/post"}],"author":[{"embeddable":true,"href":"https:\/\/diariodominicano.com\/index.php?rest_route=\/wp\/v2\/users\/7"}],"replies":[{"embeddable":true,"href":"https:\/\/diariodominicano.com\/index.php?rest_route=%2Fwp%2Fv2%2Fcomments&post=637848"}],"version-history":[{"count":1,"href":"https:\/\/diariodominicano.com\/index.php?rest_route=\/wp\/v2\/posts\/637848\/revisions"}],"predecessor-version":[{"id":637855,"href":"https:\/\/diariodominicano.com\/index.php?rest_route=\/wp\/v2\/posts\/637848\/revisions\/637855"}],"wp:featuredmedia":[{"embeddable":true,"href":"https:\/\/diariodominicano.com\/index.php?rest_route=\/wp\/v2\/media\/637854"}],"wp:attachment":[{"href":"https:\/\/diariodominicano.com\/index.php?rest_route=%2Fwp%2Fv2%2Fmedia&parent=637848"}],"wp:term":[{"taxonomy":"category","embeddable":true,"href":"https:\/\/diariodominicano.com\/index.php?rest_route=%2Fwp%2Fv2%2Fcategories&post=637848"},{"taxonomy":"post_tag","embeddable":true,"href":"https:\/\/diariodominicano.com\/index.php?rest_route=%2Fwp%2Fv2%2Ftags&post=637848"}],"curies":[{"name":"wp","href":"https:\/\/api.w.org\/{rel}","templated":true}]}}