{"id":637790,"date":"2025-09-12T14:40:20","date_gmt":"2025-09-12T18:40:20","guid":{"rendered":"https:\/\/diariodominicano.com\/?p=637790"},"modified":"2025-09-12T14:40:23","modified_gmt":"2025-09-12T18:40:23","slug":"ministerio-publico-acusa-formalmente-a-hombre-que-violo-y-mato-nino-de-9-anos-en-san-cristobal","status":"publish","type":"post","link":"https:\/\/diariodominicano.com\/?p=637790","title":{"rendered":"Ministerio P\u00fablico acusa formalmente a hombre que viol\u00f3 y mat\u00f3 ni\u00f1o de 9 a\u00f1os en San Crist\u00f3bal"},"content":{"rendered":"\n<p>SANTO DOMINGO (Rep\u00fablica Dominicana).- El Ministerio P\u00fablico acus\u00f3 formalmente a un hombre de violar y asesinar a un ni\u00f1o de 9 a\u00f1os de edad, durante un hecho registrado el pasado 18 de abril en la provincia San Crist\u00f3bal.<\/p>\n\n\n\n<p>El procesado Jes\u00fas Alberto Camacho Decena (Jes\u00fas) fue acusado ante el Primer Juzgado de la Instrucci\u00f3n del Distrito Judicial de San Crist\u00f3bal por los delitos de abuso, violaci\u00f3n y asesinato del ni\u00f1o.<\/p>\n\n\n\n<p>El Ministerio P\u00fablico, representado por las fiscales Ana Mercedes Pichardo Puello y Laura Cecilia Segura Cordero, calificaron el caso jur\u00eddicamente de violaci\u00f3n a los art\u00edculos 396, literales A y C, del C\u00f3digo para el Sistema de Protecci\u00f3n y los Derechos Fundamentales de Ni\u00f1os, Ni\u00f1as (Ley 136-03) y los art\u00edculos 295, 296, 297, 298, 302, 304, 330 y 331 del C\u00f3digo Penal Dominicano.<\/p>\n\n\n\n<p>La acusaci\u00f3n establece que Camacho Decena en horas de la tarde del citado d\u00eda, previo a cometer el crimen, de manera enga\u00f1osa se acerc\u00f3 a la v\u00edctima que se encontraba frente a un local de venta de comida, ubicado en la avenida Constituci\u00f3n, esquina carretera La Toma, San Crist\u00f3bal, donde le compr\u00f3 alimentos y luego le hizo abordar la motocicleta en la que \u00e9l se transportaba.<\/p>\n\n\n\n<p>El acusado traslad\u00f3 al ni\u00f1o a una zona boscosa, ubicada entre Los Asises y Monta\u00f1o, en San Crist\u00f3bal, lugar donde lo viol\u00f3 sexualmente y posteriormente dio muerte. El ni\u00f1o falleci\u00f3 a causa de asfixia mec\u00e1nica por estrangulaci\u00f3n, de conformidad con el informe de autopsia No. SD-A-0581-2025. El cad\u00e1ver fue dejado abandonado en el referido lugar, donde fue localizado al d\u00eda siguiente por las autoridades.<\/p>\n\n\n\n<p>El expediente est\u00e1 sustentado con diversas pruebas del orden testimonial, documental, audiovisual pericial y material que comprometen la responsabilidad penal del procesado, incluyendo un v\u00eddeo en el que se visualiza cuando este hace contacto con la v\u00edctima y se lo lleva del referido lugar a bordo de la motocicleta que conduc\u00eda.<\/p>\n\n\n\n<p>Los hechos antes atribuidos al acusado fueron producto de una amplia labor de investigaci\u00f3n iniciada por el Ministerio P\u00fablico y la Polic\u00eda Nacional a ra\u00edz de la denuncia del caso presentada el pasado 19 de abril de 2025.<\/p>\n\n\n\n<p>Antes de ocurrir el caso el ni\u00f1o se encontraba jugando en el interior de su residencia del sector Villa Fundaci\u00f3n. Posteriormente, fue visto por \u00faltima vez en las proximidades del establecimiento de venta de comida.<\/p>\n\n\n\n<p>El Ministerio P\u00fablico solicit\u00f3 al citado tribunal que convoque a las partes que componen el proceso a una audiencia preliminar oral, a los fines de que se conozca la acusaci\u00f3n y solicitud de auto de apertura a juicio en contra de Camacho Decena, quien cumple prisi\u00f3n preventiva por el caso en el Centro de Correcci\u00f3n y Rehabilitaci\u00f3n (CCR) Najayo Hombres, en San Crist\u00f3bal.<\/p>\n\n\n\n<p>Direcci\u00f3n General de Comunicaci\u00f3n, Prensa y RRPP<\/p>\n\n\n\n<p>Ministerio P\u00fablico RD<\/p>\n\n\n\n<p>Comunicaciones PGR <a href=\"mailto:comunicaciones@pgr.gob.do\">comunicaciones@pgr.gob.do<\/a><\/p>\n","protected":false},"excerpt":{"rendered":"<p>SANTO DOMINGO (Rep\u00fablica Dominicana).- El Ministerio P\u00fablico acus\u00f3 formalmente a un hombre de violar y asesinar a un ni\u00f1o de 9 a\u00f1os de edad, durante un hecho registrado el pasado 18 de abril en la provincia San Crist\u00f3bal. El procesado Jes\u00fas Alberto Camacho Decena (Jes\u00fas) fue acusado ante el Primer Juzgado de la Instrucci\u00f3n del [&hellip;]<\/p>\n","protected":false},"author":7,"featured_media":351958,"comment_status":"closed","ping_status":"closed","sticky":false,"template":"","format":"standard","meta":{"footnotes":""},"categories":[24],"tags":[171],"class_list":["post-637790","post","type-post","status-publish","format-standard","has-post-thumbnail","hentry","category-justicia-y-derecho","tag-ministerio-publico"],"_links":{"self":[{"href":"https:\/\/diariodominicano.com\/index.php?rest_route=\/wp\/v2\/posts\/637790","targetHints":{"allow":["GET"]}}],"collection":[{"href":"https:\/\/diariodominicano.com\/index.php?rest_route=\/wp\/v2\/posts"}],"about":[{"href":"https:\/\/diariodominicano.com\/index.php?rest_route=\/wp\/v2\/types\/post"}],"author":[{"embeddable":true,"href":"https:\/\/diariodominicano.com\/index.php?rest_route=\/wp\/v2\/users\/7"}],"replies":[{"embeddable":true,"href":"https:\/\/diariodominicano.com\/index.php?rest_route=%2Fwp%2Fv2%2Fcomments&post=637790"}],"version-history":[{"count":1,"href":"https:\/\/diariodominicano.com\/index.php?rest_route=\/wp\/v2\/posts\/637790\/revisions"}],"predecessor-version":[{"id":637829,"href":"https:\/\/diariodominicano.com\/index.php?rest_route=\/wp\/v2\/posts\/637790\/revisions\/637829"}],"wp:featuredmedia":[{"embeddable":true,"href":"https:\/\/diariodominicano.com\/index.php?rest_route=\/wp\/v2\/media\/351958"}],"wp:attachment":[{"href":"https:\/\/diariodominicano.com\/index.php?rest_route=%2Fwp%2Fv2%2Fmedia&parent=637790"}],"wp:term":[{"taxonomy":"category","embeddable":true,"href":"https:\/\/diariodominicano.com\/index.php?rest_route=%2Fwp%2Fv2%2Fcategories&post=637790"},{"taxonomy":"post_tag","embeddable":true,"href":"https:\/\/diariodominicano.com\/index.php?rest_route=%2Fwp%2Fv2%2Ftags&post=637790"}],"curies":[{"name":"wp","href":"https:\/\/api.w.org\/{rel}","templated":true}]}}