{"id":637789,"date":"2025-09-12T14:12:13","date_gmt":"2025-09-12T18:12:13","guid":{"rendered":"https:\/\/diariodominicano.com\/?p=637789"},"modified":"2025-09-12T14:12:16","modified_gmt":"2025-09-12T18:12:16","slug":"ministerio-publico-arresta-a-un-hombre-perseguido-por-el-alijo-de-6740-libras-de-marihuana-2","status":"publish","type":"post","link":"https:\/\/diariodominicano.com\/?p=637789","title":{"rendered":"Ministerio P\u00fablico arresta a un hombre perseguido por el alijo de 6,740 libras de marihuana"},"content":{"rendered":"\n<p><em><u>Jos\u00e9 Francisco Acosta de la Rosa, vinculado al cargamento ocupado en el Puerto de Haina, intent\u00f3 salir por el AILA en un vuelo comercial con destino a Lima, Per\u00fa<\/u><\/em><\/p>\n\n\n\n<p><strong>SANTO DOMINGO (Rep\u00fablica Dominicana).-<\/strong>&nbsp;El Ministerio P\u00fablico arrest\u00f3 tratando de salir del pa\u00eds a uno de los hombres perseguido por el alijo de 3,004 paquetes (6,740 libras) de marihuana ocupado en mayo pasado en la terminal de Haina Oriental por la Direcci\u00f3n Nacional de Control de Drogas (DNCD), con el apoyo de la Direcci\u00f3n General de Aduanas (DGA), organismos de inteligencia del Estado y las autoridades portuarias.<\/p>\n\n\n\n<p>El arresto de Jos\u00e9 Francisco Acosta de la Rosa se produjo en el momento en que trat\u00f3 de salir por el Aeropuerto Internacional de Las Am\u00e9ricas en un vuelo comercial con destino a Lima, Per\u00fa.<\/p>\n\n\n\n<p>La detenci\u00f3n se ampara en la orden judicial n\u00famero AJ0026783. Al imputado se le ocup\u00f3 una cartera de color marr\u00f3n con 2,200 euros y 269 d\u00f3lares. Adem\u00e1s, un pasaporte a su nombre, el pase de abordar, la c\u00e9dula y la licencia de conducir a su nombre. Tambi\u00e9n, una mochila color negro que conten\u00eda en su interior una computadora Acer y varias prendas de vestir, as\u00ed como un bolso de color plateado conteniendo en su interior varias prendas de vestir.<\/p>\n\n\n\n<p>Acosta de la Rosa est\u00e1 ligado al alijo ocupado en un operativo realizado por los cuerpos del orden con el apoyo de unidades caninas. Por el hecho fueron arrestados en mayo Marlon Dar\u00edo Marzan Ram\u00edrez, Manuel Augusto Ram\u00edrez S\u00e1nchez, Maicol Ram\u00edrez Quezada y Jazm\u00edn Simeon Yena.<\/p>\n\n\n\n<p>En mayo pasado, y tras recibir informes de inteligencia, intervinieron un contenedor con decenas de cajas de cart\u00f3n, que seg\u00fan el manifiesto estaba cargado de arena para ser utilizadas en los espacios destinados a las necesidades fisiol\u00f3gicas de los gatos en los hogares.<\/p>\n\n\n\n<p>Siguiendo instrucciones del accionante fiscal el contenedor fue escaneado en una de las m\u00e1quinas de rayos X que detect\u00f3 im\u00e1genes sospechosas en su interior, por lo que se puso en marcha inmediatamente el protocolo de actuaci\u00f3n para estos casos.<\/p>\n\n\n\n<p>Efectivamente, tras una inspecci\u00f3n m\u00e1s rigurosa, se encontr\u00f3 dentro del contenedor un total de 115 cajas que conten\u00edan 3,004 paquetes de marihuana, envueltos todos en papel lum\u00ednico.<\/p>\n\n\n\n<p>El contenedor, procedente de Guatemala, fue embarcado el 16 de marzo de 2025; posteriormente, arrib\u00f3 al puerto de transbordo en Panam\u00e1 el 25 de marzo, donde permaneci\u00f3 hasta su reembarque el 16 de abril, llegando finalmente al puerto de R\u00edo Haina el 22 de abril de 2025, transportando arena para deposiciones de gatos.<\/p>\n\n\n\n<p>Como parte del proceso, y dando seguimiento, los agentes y fiscales, las autoridades se trasladaron al Residencial Garden City II, en Villa Mella, municipio Santo Domingo Norte, donde, amparadas en la orden n\u00famero 2025-AJ0026783, fueron arrestados Marlon Dar\u00edo Marzan Ram\u00edrez, Manuel Augusto Ram\u00edrez S\u00e1nchez, Maicol Ram\u00edrez Quezada y Jazm\u00edn Simeon Yena, quienes, seg\u00fan la investigaci\u00f3n, estar\u00edan vinculados a esta estructura de narcotr\u00e1fico internacional.<\/p>\n\n\n\n<p>En la intervenci\u00f3n se ocuparon adem\u00e1s dos carros, varios celulares, dinero en efectivo, documentos y otras evidencias vinculadas a la investigaci\u00f3n.<\/p>\n\n\n\n<p><strong>Direcci\u00f3n General de Comunicaci\u00f3n, Prensa y RRPP<\/strong><\/p>\n\n\n\n<p><strong>Ministerio P\u00fablico RD<\/strong><\/p>\n\n\n\n<p>Comunicaciones PGR <a href=\"mailto:comunicaciones@pgr.gob.do\">comunicaciones@pgr.gob.do<\/a><\/p>\n","protected":false},"excerpt":{"rendered":"<p>Jos\u00e9 Francisco Acosta de la Rosa, vinculado al cargamento ocupado en el Puerto de Haina, intent\u00f3 salir por el AILA en un vuelo comercial con destino a Lima, Per\u00fa SANTO DOMINGO (Rep\u00fablica Dominicana).-&nbsp;El Ministerio P\u00fablico arrest\u00f3 tratando de salir del pa\u00eds a uno de los hombres perseguido por el alijo de 3,004 paquetes (6,740 libras) [&hellip;]<\/p>\n","protected":false},"author":7,"featured_media":499234,"comment_status":"closed","ping_status":"open","sticky":false,"template":"","format":"standard","meta":{"footnotes":""},"categories":[24],"tags":[171],"class_list":["post-637789","post","type-post","status-publish","format-standard","has-post-thumbnail","hentry","category-justicia-y-derecho","tag-ministerio-publico"],"_links":{"self":[{"href":"https:\/\/diariodominicano.com\/index.php?rest_route=\/wp\/v2\/posts\/637789","targetHints":{"allow":["GET"]}}],"collection":[{"href":"https:\/\/diariodominicano.com\/index.php?rest_route=\/wp\/v2\/posts"}],"about":[{"href":"https:\/\/diariodominicano.com\/index.php?rest_route=\/wp\/v2\/types\/post"}],"author":[{"embeddable":true,"href":"https:\/\/diariodominicano.com\/index.php?rest_route=\/wp\/v2\/users\/7"}],"replies":[{"embeddable":true,"href":"https:\/\/diariodominicano.com\/index.php?rest_route=%2Fwp%2Fv2%2Fcomments&post=637789"}],"version-history":[{"count":1,"href":"https:\/\/diariodominicano.com\/index.php?rest_route=\/wp\/v2\/posts\/637789\/revisions"}],"predecessor-version":[{"id":637820,"href":"https:\/\/diariodominicano.com\/index.php?rest_route=\/wp\/v2\/posts\/637789\/revisions\/637820"}],"wp:featuredmedia":[{"embeddable":true,"href":"https:\/\/diariodominicano.com\/index.php?rest_route=\/wp\/v2\/media\/499234"}],"wp:attachment":[{"href":"https:\/\/diariodominicano.com\/index.php?rest_route=%2Fwp%2Fv2%2Fmedia&parent=637789"}],"wp:term":[{"taxonomy":"category","embeddable":true,"href":"https:\/\/diariodominicano.com\/index.php?rest_route=%2Fwp%2Fv2%2Fcategories&post=637789"},{"taxonomy":"post_tag","embeddable":true,"href":"https:\/\/diariodominicano.com\/index.php?rest_route=%2Fwp%2Fv2%2Ftags&post=637789"}],"curies":[{"name":"wp","href":"https:\/\/api.w.org\/{rel}","templated":true}]}}