{"id":637664,"date":"2025-09-12T02:32:30","date_gmt":"2025-09-12T06:32:30","guid":{"rendered":"https:\/\/diariodominicano.com\/?p=637664"},"modified":"2025-09-12T02:32:33","modified_gmt":"2025-09-12T06:32:33","slug":"inefi-transforma-el-historico-club-juan-antonio-alix-en-santiago","status":"publish","type":"post","link":"https:\/\/diariodominicano.com\/?p=637664","title":{"rendered":"INEFI transforma el hist\u00f3rico Club Juan Antonio Alix en Santiago"},"content":{"rendered":"\n<p>La obra marca un antes y un despu\u00e9s para el deporte escolar en la ciudad cibae\u00f1a.<\/p>\n\n\n\n<p>SANTIAGO DE LOS CABALLEROS, R.D. \u2013 El Instituto Nacional de Educaci\u00f3n F\u00edsica (INEFI) inform\u00f3 hoy que remoz\u00f3 por completo el emblem\u00e1tico Club Juan Antonio Alix,&nbsp;de la Escuela Venezuela, ubicada en el sector El Congo, de la \u201cCiudad Coraz\u00f3n\u201d.<\/p>\n\n\n\n<p>El renovado centro deportivo, que por m\u00e1s de seis d\u00e9cadas ha sido un pilar en la formaci\u00f3n f\u00edsica y recreativa de miles de estudiantes y j\u00f3venes atletas, presenta ahora una infraestructura moderna y funcional.&nbsp;<\/p>\n\n\n\n<p>Entre los trabajos realizados por el INEFI se destacan la instalaci\u00f3n de un nuevo tabloncillo, techado completo, acondicionamiento de canchas, colocaci\u00f3n de asientos, y la renovaci\u00f3n integral de la fachada y la edificaci\u00f3n.<\/p>\n\n\n\n<figure class=\"wp-block-image size-large\"><img loading=\"lazy\" decoding=\"async\" width=\"1024\" height=\"768\" src=\"https:\/\/diariodominicano.com\/wp-content\/uploads\/2025\/09\/Vista-de-la-remozada-cancha-del-Club-Juan-Antonio-Alix-de-la-Escuela-Venezuela-ubicada-en-el-sector-El-Congo-en-Santiago-de-los-Caballeros-1024x768.jpeg\" alt=\"\" class=\"wp-image-637677\" srcset=\"https:\/\/diariodominicano.com\/wp-content\/uploads\/2025\/09\/Vista-de-la-remozada-cancha-del-Club-Juan-Antonio-Alix-de-la-Escuela-Venezuela-ubicada-en-el-sector-El-Congo-en-Santiago-de-los-Caballeros-1024x768.jpeg 1024w, https:\/\/diariodominicano.com\/wp-content\/uploads\/2025\/09\/Vista-de-la-remozada-cancha-del-Club-Juan-Antonio-Alix-de-la-Escuela-Venezuela-ubicada-en-el-sector-El-Congo-en-Santiago-de-los-Caballeros-300x225.jpeg 300w, https:\/\/diariodominicano.com\/wp-content\/uploads\/2025\/09\/Vista-de-la-remozada-cancha-del-Club-Juan-Antonio-Alix-de-la-Escuela-Venezuela-ubicada-en-el-sector-El-Congo-en-Santiago-de-los-Caballeros-768x576.jpeg 768w, https:\/\/diariodominicano.com\/wp-content\/uploads\/2025\/09\/Vista-de-la-remozada-cancha-del-Club-Juan-Antonio-Alix-de-la-Escuela-Venezuela-ubicada-en-el-sector-El-Congo-en-Santiago-de-los-Caballeros-1536x1152.jpeg 1536w, https:\/\/diariodominicano.com\/wp-content\/uploads\/2025\/09\/Vista-de-la-remozada-cancha-del-Club-Juan-Antonio-Alix-de-la-Escuela-Venezuela-ubicada-en-el-sector-El-Congo-en-Santiago-de-los-Caballeros-816x612.jpeg 816w, https:\/\/diariodominicano.com\/wp-content\/uploads\/2025\/09\/Vista-de-la-remozada-cancha-del-Club-Juan-Antonio-Alix-de-la-Escuela-Venezuela-ubicada-en-el-sector-El-Congo-en-Santiago-de-los-Caballeros.jpeg 1600w\" sizes=\"auto, (max-width: 1024px) 100vw, 1024px\" \/><figcaption class=\"wp-element-caption\">Estado en que se encontraba la cancha del Club Juan Antonio Alix antes de que el Instituto Nacional de Educaci\u00f3n F\u00edsica (INEFI) realizara trabajos de remozamiento en la misma <\/figcaption><\/figure>\n\n\n\n<p>El director ejecutivo del INEFI, Alberto Rodr\u00edguez Mella, al encabezar el acto de entrega, calific\u00f3 la obra como \u201cun antes y un despu\u00e9s para el deporte escolar en la ciudad coraz\u00f3n\u201d.&nbsp;<\/p>\n\n\n\n<p>Rodr\u00edguez Mella reafirm\u00f3, adem\u00e1s, el compromiso de la instituci\u00f3n con la mejora continua de los espacios destinados a la educaci\u00f3n f\u00edsica en todo el pa\u00eds.<\/p>\n\n\n\n<p>\u201cEl Club Juan Antonio Alix no solo es un centro deportivo; es un s\u00edmbolo de historia, esfuerzo y comunidad. Con esta transformaci\u00f3n, garantizamos un entorno digno, seguro y motivador para nuestros estudiantes y entrenadores\u201d, apostill\u00f3.<\/p>\n\n\n\n<p>Prensa INEFI <a href=\"mailto:prensainefi@gmail.com\">prensainefi@gmail.com<\/a><\/p>\n","protected":false},"excerpt":{"rendered":"<p>La obra marca un antes y un despu\u00e9s para el deporte escolar en la ciudad cibae\u00f1a. SANTIAGO DE LOS CABALLEROS, R.D. \u2013 El Instituto Nacional de Educaci\u00f3n F\u00edsica (INEFI) inform\u00f3 hoy que remoz\u00f3 por completo el emblem\u00e1tico Club Juan Antonio Alix,&nbsp;de la Escuela Venezuela, ubicada en el sector El Congo, de la \u201cCiudad Coraz\u00f3n\u201d. El [&hellip;]<\/p>\n","protected":false},"author":7,"featured_media":637676,"comment_status":"closed","ping_status":"closed","sticky":false,"template":"","format":"standard","meta":{"footnotes":""},"categories":[17],"tags":[491],"class_list":["post-637664","post","type-post","status-publish","format-standard","has-post-thumbnail","hentry","category-deportes","tag-inefi"],"_links":{"self":[{"href":"https:\/\/diariodominicano.com\/index.php?rest_route=\/wp\/v2\/posts\/637664","targetHints":{"allow":["GET"]}}],"collection":[{"href":"https:\/\/diariodominicano.com\/index.php?rest_route=\/wp\/v2\/posts"}],"about":[{"href":"https:\/\/diariodominicano.com\/index.php?rest_route=\/wp\/v2\/types\/post"}],"author":[{"embeddable":true,"href":"https:\/\/diariodominicano.com\/index.php?rest_route=\/wp\/v2\/users\/7"}],"replies":[{"embeddable":true,"href":"https:\/\/diariodominicano.com\/index.php?rest_route=%2Fwp%2Fv2%2Fcomments&post=637664"}],"version-history":[{"count":1,"href":"https:\/\/diariodominicano.com\/index.php?rest_route=\/wp\/v2\/posts\/637664\/revisions"}],"predecessor-version":[{"id":637679,"href":"https:\/\/diariodominicano.com\/index.php?rest_route=\/wp\/v2\/posts\/637664\/revisions\/637679"}],"wp:featuredmedia":[{"embeddable":true,"href":"https:\/\/diariodominicano.com\/index.php?rest_route=\/wp\/v2\/media\/637676"}],"wp:attachment":[{"href":"https:\/\/diariodominicano.com\/index.php?rest_route=%2Fwp%2Fv2%2Fmedia&parent=637664"}],"wp:term":[{"taxonomy":"category","embeddable":true,"href":"https:\/\/diariodominicano.com\/index.php?rest_route=%2Fwp%2Fv2%2Fcategories&post=637664"},{"taxonomy":"post_tag","embeddable":true,"href":"https:\/\/diariodominicano.com\/index.php?rest_route=%2Fwp%2Fv2%2Ftags&post=637664"}],"curies":[{"name":"wp","href":"https:\/\/api.w.org\/{rel}","templated":true}]}}