{"id":637663,"date":"2025-09-12T02:57:51","date_gmt":"2025-09-12T06:57:51","guid":{"rendered":"https:\/\/diariodominicano.com\/?p=637663"},"modified":"2025-09-12T02:58:00","modified_gmt":"2025-09-12T06:58:00","slug":"ni-tanto-ni-tan-poco-la-trampa-de-la-desigualdad-y-el-crecimiento-economico","status":"publish","type":"post","link":"https:\/\/diariodominicano.com\/?p=637663","title":{"rendered":"Ni tanto ni tan poco: la trampa de la desigualdad y el crecimiento econ\u00f3mico"},"content":{"rendered":"\n<p>La desigualdad socava el desarrollo social y econ\u00f3mico a largo plazo, frena la reducci\u00f3n de la pobreza y puede afectar el sentido de realizaci\u00f3n y autoestima de las personas. Esto tiene consecuencias directas en la vida de la gente, como la falta de acceso a oportunidades y servicios. Por esto, la cuesti\u00f3n de la desigualdad y c\u00f3mo abordar su reducci\u00f3n es una pregunta central en la perspectiva de desarrollo humano del Programa de las Naciones Unidas para el Desarrollo (PNUD), que analiza a fondo las causas de las desigualdades en y entre los pa\u00edses, y plantea estrategias para reducirla.<\/p>\n\n\n\n<p>Durante las \u00faltimas d\u00e9cadas, la regi\u00f3n de Am\u00e9rica Latina y el Caribe ha avanzado colectivamente en sus niveles de desarrollo humano, definido por el PNUD como la expansi\u00f3n de las oportunidades que tienen las personas de vivir en bienestar.<\/p>\n\n\n\n<p>Desde 1990, a\u00f1o en que el PNUD comenz\u00f3 a medir el \u00edndice, hasta 2023, la Rep\u00fablica Dominicana, espec\u00edficamente, ha aumentado su \u00cdndice de Desarrollo Humano (IDH)<sup>1<\/sup>&nbsp;en un 32%. Este desempe\u00f1o coloca al pa\u00eds en la categor\u00eda de desarrollo humano Alto, con un valor de 0.776, y el puesto 89 de 193 pa\u00edses,&nbsp;<a href=\"https:\/\/hdr.undp.org\/\" target=\"_blank\" rel=\"noreferrer noopener\">seg\u00fan el \u00faltimo informe global de desarrollo humano.&nbsp;<\/a><\/p>\n\n\n\n<p>Sin embargo, este promedio nacional est\u00e1 matizado por desigualdades estructurales que limitan el disfrute pleno y en condiciones igualitarias del desarrollo humano para todas las personas. El IDH ajustado por desigualdad, un sub-\u00edndice contemplado en el Informe sobre Desarrollo Humano, estima cu\u00e1nto desarrollo pierde un pa\u00eds por la distribuci\u00f3n inequitativa del bienestar. Todos los pa\u00edses del mundo registran p\u00e9rdidas en su desarrollo humano<sup>2<\/sup>, por esouna aspiraci\u00f3n com\u00fan es abordar las ra\u00edces de la desigualdad, a partir de la ampliaci\u00f3n de oportunidades para todas las personas.<\/p>\n\n\n\n<p>Cabe destacar que, entre 2010 y 2023, Rep\u00fablica Dominicana logr\u00f3 un ritmo de reducci\u00f3n de desigualdad del 1.7% anual, en comparaci\u00f3n con el 1% de la regi\u00f3n de Am\u00e9rica Latina y el Caribe. Es as\u00ed como&nbsp;<strong>desde 2018 el pa\u00eds registra menos desigualdad, en relaci\u00f3n con el \u00edndice de desarrollo humano, que en el resto de la regi\u00f3n.<\/strong><\/p>\n\n\n\n<figure class=\"wp-block-gallery has-nested-images columns-default is-cropped wp-block-gallery-1 is-layout-flex wp-block-gallery-is-layout-flex\">\n<figure class=\"wp-block-image size-large\"><img loading=\"lazy\" decoding=\"async\" width=\"1024\" height=\"552\" data-id=\"637674\" src=\"https:\/\/diariodominicano.com\/wp-content\/uploads\/2025\/09\/Perdida-por-desigualdad-IDH-1024x552.jpg\" alt=\"\" class=\"wp-image-637674\" srcset=\"https:\/\/diariodominicano.com\/wp-content\/uploads\/2025\/09\/Perdida-por-desigualdad-IDH-1024x552.jpg 1024w, https:\/\/diariodominicano.com\/wp-content\/uploads\/2025\/09\/Perdida-por-desigualdad-IDH-300x162.jpg 300w, https:\/\/diariodominicano.com\/wp-content\/uploads\/2025\/09\/Perdida-por-desigualdad-IDH-768x414.jpg 768w, https:\/\/diariodominicano.com\/wp-content\/uploads\/2025\/09\/Perdida-por-desigualdad-IDH-816x440.jpg 816w, https:\/\/diariodominicano.com\/wp-content\/uploads\/2025\/09\/Perdida-por-desigualdad-IDH.jpg 1050w\" sizes=\"auto, (max-width: 1024px) 100vw, 1024px\" \/><\/figure>\n<\/figure>\n\n\n\n<p>Por ejemplo, en 2023, Rep\u00fablica Dominicana perdi\u00f3 un 18.3% de su \u00edndice de desarrollo humano por desigualdad, una cifra inferior a la p\u00e9rdida promedio regional (20.9%). Igualmente, entre 2015 y 2024, la Rep\u00fablica Dominicana experiment\u00f3 una tendencia a la reducci\u00f3n de la desigualdad de distribuci\u00f3n del ingreso, medida por el \u00edndice de Gini<sup>3<\/sup>, tanto a nivel nacional como en las zonas urbana y rural. El \u00edndice nacional pas\u00f3 de 0.445 en 2015 a 0.386 en 2024, lo que refleja una disminuci\u00f3n sostenida en la desigualdad.<\/p>\n\n\n\n<h3 class=\"wp-block-heading\"><strong>\u00bfD\u00f3nde persisten las desigualdades?<\/strong><\/h3>\n\n\n\n<p>El IDH ajustado por desigualdad considera las inequidades en la distribuci\u00f3n de logros en las tres dimensiones clave del desarrollo humano: salud, educaci\u00f3n e ingreso. La trayectoria de Rep\u00fablica Dominicana frente a estos componentes es mixta, encontrando mayor desigualdad en el acceso a servicios de salud: https:\/\/flo.uri.sh\/visualisation\/23693452\/embed?auto=1<\/p>\n\n\n\n<figure class=\"wp-block-gallery has-nested-images columns-default is-cropped wp-block-gallery-2 is-layout-flex wp-block-gallery-is-layout-flex\">\n<figure class=\"wp-block-image size-large\"><img loading=\"lazy\" decoding=\"async\" width=\"1024\" height=\"637\" data-id=\"637675\" src=\"https:\/\/diariodominicano.com\/wp-content\/uploads\/2025\/09\/Variacion-de-la-desigualdad-por-dimension-del-Indice-de-Desarrollo-Humano-1024x637.jpg\" alt=\"\" class=\"wp-image-637675\" srcset=\"https:\/\/diariodominicano.com\/wp-content\/uploads\/2025\/09\/Variacion-de-la-desigualdad-por-dimension-del-Indice-de-Desarrollo-Humano-1024x637.jpg 1024w, https:\/\/diariodominicano.com\/wp-content\/uploads\/2025\/09\/Variacion-de-la-desigualdad-por-dimension-del-Indice-de-Desarrollo-Humano-300x187.jpg 300w, https:\/\/diariodominicano.com\/wp-content\/uploads\/2025\/09\/Variacion-de-la-desigualdad-por-dimension-del-Indice-de-Desarrollo-Humano-768x478.jpg 768w, https:\/\/diariodominicano.com\/wp-content\/uploads\/2025\/09\/Variacion-de-la-desigualdad-por-dimension-del-Indice-de-Desarrollo-Humano-816x507.jpg 816w, https:\/\/diariodominicano.com\/wp-content\/uploads\/2025\/09\/Variacion-de-la-desigualdad-por-dimension-del-Indice-de-Desarrollo-Humano.jpg 1026w\" sizes=\"auto, (max-width: 1024px) 100vw, 1024px\" \/><\/figure>\n<\/figure>\n\n\n\n<ul class=\"wp-block-list\">\n<li><strong>Salud:<\/strong>\u00a0En esperanza de vida, el pa\u00eds mostr\u00f3 consistentemente mayores niveles de desigualdad que el promedio regional, con una diferencia creciente que alcanz\u00f3 un 73.4% en 2023. Este dato se relaciona con los desaf\u00edos que persisten en los servicios de universalizar la atenci\u00f3n primaria, y de forma espec\u00edfica en la salud materna y neonatal.<\/li>\n\n\n\n<li><strong>Educaci\u00f3n:\u00a0<\/strong>La desigualdad fue generalmente menor en la Rep\u00fablica Dominicana que en la regi\u00f3n, especialmente entre 2012 y 2023, aunque con algunas fluctuaciones.<\/li>\n\n\n\n<li><strong>Ingreso:<\/strong>\u00a0La desigualdad fue m\u00e1s alta en la regi\u00f3n que en la Rep\u00fablica Dominicana. El pa\u00eds mostr\u00f3 diferencias negativas en promedio (contracci\u00f3n) de alrededor de 30% entre 2020 y 2023, reflejando una menor disparidad relativa en el acceso a los ingresos que los dem\u00e1s pa\u00edses.<\/li>\n<\/ul>\n\n\n\n<p>A pesar de estas cifras agregadas y comparadas a nivel internacional, no es menos cierto que la desigualdad contin\u00faa siendo un desaf\u00edo significativo para el desarrollo nacional. La<a href=\"https:\/\/mapa.do.undp.org\/\" target=\"_blank\" rel=\"noreferrer noopener\">&nbsp;plataforma territorial de desarrollo humano del PNUD<\/a>&nbsp;en Rep\u00fablica Dominicana, que hace un zoom comparativo a lo interno del pa\u00eds, analiza que, entre 2010-2022, el pa\u00eds&nbsp;ha perdido&nbsp;<strong>cerca del 22% de su potencial de desarrollo humano debido a las desigualdades territoriales<\/strong>&nbsp;en el acceso a servicios b\u00e1sicos como salud, educaci\u00f3n y generaci\u00f3n de ingresos.&nbsp;<\/p>\n\n\n\n<p>Si bien a nivel pa\u00eds, Rep\u00fablica Dominicana est\u00e1 clasificado con un \u00cdndice de Desarrollo Humano Alto cuando se compara con otros pa\u00edses del mundo, a nivel territorial y entre regiones, el ejercicio muestra resultados mixtos. A saber, el desarrollo humano alto se concentra exclusivamente en la regi\u00f3n Ozama (Distrito Nacional y Santo Domingo), mientras que otras regiones presentan niveles medio alto, medio bajo o bajo. Siendo las m\u00e1s rezagadas las provincias fronterizas, y parad\u00f3jicamente, tambi\u00e9n Yuma (El Seibo, La Altagracia, La Romana), una de las regiones m\u00e1s tur\u00edsticas del pa\u00eds, especialmente donde se encuentra el polo tur\u00edstico de Punta Cana.<\/p>\n\n\n\n<p>Esta evoluci\u00f3n sugiere avances en la equidad del ingreso, pero tambi\u00e9n la necesidad de consolidar y territorializar estos logros, asegurando mejoras en otros aspectos del bienestar como la salud y la educaci\u00f3n. El pron\u00f3stico lineal sugiere que la Rep\u00fablica Dominicana alcanzar\u00eda la igualdad en t\u00e9rminos del IDH ajustado por desigualdad en aproximadamente 40 a\u00f1os, si mantiene el ritmo. Este pron\u00f3stico de por s\u00ed, ya avista un progreso lento para la reducci\u00f3n de la desigualdad, y no toma en cuenta posibles choques\u2014como crisis econ\u00f3micas globales o desastres naturales, que podr\u00edan ralentizar significativamente el progreso.<\/p>\n\n\n\n<p><strong>Por esto, mantener la atenci\u00f3n en acelerar la reducci\u00f3n de la desigualdad es una condici\u00f3n indispensable para lograr un desarrollo verdaderamente sostenible, inclusivo y resiliente.&nbsp;<\/strong>El dinamismo econ\u00f3mico avanza a un paso m\u00e1s r\u00e1pido que la reducci\u00f3n de la desigualdad, lo que revela que el crecimiento econ\u00f3mico no conlleva autom\u00e1ticamente una disminuci\u00f3n de las disparidades sociales.&nbsp;<\/p>\n\n\n\n<p>Esto resalta la urgencia de continuar implementando pol\u00edticas p\u00fablicas que fomenten la colaboraci\u00f3n entre todos los sectores, que aseguren inversiones alineadas a las prioridades nacionales en todo el territorio nacional, todo ello con el fin de asegurar que los beneficios del crecimiento se distribuyan de manera m\u00e1s equitativa y consciente y con un foco en las personas.<\/p>\n\n\n\n<figure class=\"wp-block-gallery has-nested-images columns-default is-cropped wp-block-gallery-3 is-layout-flex wp-block-gallery-is-layout-flex\">\n<figure class=\"wp-block-image size-large\"><img loading=\"lazy\" decoding=\"async\" width=\"1024\" height=\"576\" data-id=\"637673\" src=\"https:\/\/diariodominicano.com\/wp-content\/uploads\/2025\/09\/pnud-do-desigualdad2-1024x576.jpg\" alt=\"\" class=\"wp-image-637673\" srcset=\"https:\/\/diariodominicano.com\/wp-content\/uploads\/2025\/09\/pnud-do-desigualdad2-1024x576.jpg 1024w, https:\/\/diariodominicano.com\/wp-content\/uploads\/2025\/09\/pnud-do-desigualdad2-300x169.jpg 300w, https:\/\/diariodominicano.com\/wp-content\/uploads\/2025\/09\/pnud-do-desigualdad2-768x432.jpg 768w, https:\/\/diariodominicano.com\/wp-content\/uploads\/2025\/09\/pnud-do-desigualdad2-816x459.jpg 816w, https:\/\/diariodominicano.com\/wp-content\/uploads\/2025\/09\/pnud-do-desigualdad2.jpg 1052w\" sizes=\"auto, (max-width: 1024px) 100vw, 1024px\" \/><\/figure>\n<\/figure>\n\n\n\n<h3 class=\"wp-block-heading\"><strong>Una agenda para acelerar<\/strong><\/h3>\n\n\n\n<p>Para lograr avances sustantivos en menor tiempo, el pa\u00eds debe continuar redoblando sus esfuerzos en torno a medidas que aborden simult\u00e1neamente la redistribuci\u00f3n del ingreso y el acceso equitativo a los servicios de educaci\u00f3n y salud como primer pelda\u00f1o para ejercer otros derechos. Por ejemplo:<\/p>\n\n\n\n<ul class=\"wp-block-list\">\n<li><strong>Aprovechar el impulso\u00a0<\/strong>de la estrategia Meta 2036, fomentando una visi\u00f3n de sostenibilidad e inclusi\u00f3n, m\u00e1s all\u00e1 de la cifra del PIB, traduciendo el crecimiento econ\u00f3mico proyectado en bienestar para todas las personas y en todos los territorios, alineados a las prioridades de desarrollo nacionales.<\/li>\n\n\n\n<li><strong>Seguir fortaleciendo la planificaci\u00f3n territorial,\u00a0<\/strong>enfoc\u00e1ndose en reducir las barreras territoriales de acceso a servicios sociales, a trabajo decente4 y protegido y a fuentes de ingresos sostenibles: de las 10 regiones de planificaci\u00f3n, solo la zona Metropolitana tiene la categor\u00eda de desarrollo humano alto, 3 regiones en medio alto, 2 regiones en medio alto y 4 regiones en desarrollo humano bajo.<\/li>\n\n\n\n<li>Espec\u00edficamente, en cuanto a las tres dimensiones del desarrollo humano a nivel territorial, se requiere impulsar\u00a0<strong>mayor inversi\u00f3n en salud preventiva y acceso universal,<\/strong>\u00a0especialmente en comunidades rurales y en poblaciones hist\u00f3ricamente excluidas; profundizar \u00a0el\u00a0<strong>refuerzo de la calidad educativa con foco territorial y de g\u00e9nero<\/strong>, atendiendo a las disparidades en aprendizaje, permanencia escolar y oportunidades para j\u00f3venes e incorporando nuevas tecnolog\u00edas en la educaci\u00f3n y en emprendimientos; y promover\u00a0<strong>pol\u00edticas fiscales progresivas, y una protecci\u00f3n social universal y adaptativa<\/strong>, que redistribuya los ingresos y reduzca las vulnerabilidades.<\/li>\n\n\n\n<li><strong>Continuar atendiendo las brechas invisibles de g\u00e9nero\u2014<\/strong>como la brecha salarial o la distribuci\u00f3n inequitativa del cuidado\u2014pues una visi\u00f3n sensible al g\u00e9nero contribuye directamente a potenciar las opciones de desarrollo humano a nivel global, especialmente en la inserci\u00f3n productiva, el empoderamiento, la participaci\u00f3n pol\u00edtica, y la salud reproductiva.<\/li>\n\n\n\n<li><strong>Redoblar los esfuerzos de innovaci\u00f3n y digitalizaci\u00f3n,\u00a0<\/strong>con incentivos para el acceso a nuevas tecnolog\u00edas y herramientas del mundo digital, para aprovechar las oportunidades de inserci\u00f3n econ\u00f3mica de los adolescentes, j\u00f3venes y poblaciones vulnerabilizadas, evitando reproducir inequidades a futuro.<\/li>\n\n\n\n<li><strong>Dise\u00f1ar soluciones adaptativas<\/strong>\u00a0para la resiliencia de la poblaci\u00f3n pobre y en vulnerabilidad socioecon\u00f3mica frente a eventos clim\u00e1ticos extremos y no extremos.<\/li>\n<\/ul>\n\n\n\n<p>La desigualdad no solo desacelera el progreso, tambi\u00e9n lo fragmenta.&nbsp;Un crecimiento econ\u00f3mico inclusivo y sostenible permitir\u00eda a la Rep\u00fablica Dominicana avanzar de forma m\u00e1s r\u00e1pida y equitativa. Los medios est\u00e1n al alcance, sigamos trabajando para crecer sin dejar a nadie atr\u00e1s.&nbsp;<\/p>\n\n\n\n<hr class=\"wp-block-separator has-alpha-channel-opacity\"\/>\n\n\n\n<p><a href=\"https:\/\/www.undp.org\/es\/dominican-republic\/comunicados-de-prensa\/ni-tanto-ni-tan-poco-la-trampa-de-la-desigualdad-y-el-crecimiento-economico#_ftnref1\"><sub>[1]<\/sub><\/a><sub>&nbsp;El enfoque de desarrollo humano plantea que el progreso de los pa\u00edses no puede medirse solo a trav\u00e9s de la riqueza material que logran. Se requiere adoptar un enfoque multidimensional que va m\u00e1s all\u00e1 del ingreso y que incorpora adem\u00e1s las dimensiones de salud y de educaci\u00f3n, como 3 condiciones m\u00ednimas para el bienestar y la calidad de vida.<\/sub><\/p>\n\n\n\n<p><a href=\"https:\/\/www.undp.org\/es\/dominican-republic\/comunicados-de-prensa\/ni-tanto-ni-tan-poco-la-trampa-de-la-desigualdad-y-el-crecimiento-economico#_ftnref2\"><sub>[2]<\/sub><\/a><sub>&nbsp;Por ejemplo, los pa\u00edses clasificados con desarrollo humano muy alto pierden en promedio 10.2%.<\/sub><\/p>\n\n\n\n<p><a href=\"https:\/\/www.undp.org\/es\/dominican-republic\/comunicados-de-prensa\/ni-tanto-ni-tan-poco-la-trampa-de-la-desigualdad-y-el-crecimiento-economico#_ftnref1\"><sub>[3]<\/sub><\/a><sub>&nbsp;El \u00cdndice de Gini es un indicador que mide la concentraci\u00f3n de los ingresos de un pa\u00eds, calculando un valor que se encuentra entre 0 y 1. Mientras m\u00e1s cerca de 1 hay mayor concentraci\u00f3n y cercano a cero hay m\u00e1s equidad en la distribuci\u00f3n de los ingresos.&nbsp;<\/sub><\/p>\n\n\n\n<p><a href=\"https:\/\/www.undp.org\/es\/dominican-republic\/comunicados-de-prensa\/ni-tanto-ni-tan-poco-la-trampa-de-la-desigualdad-y-el-crecimiento-economico#_ftnref1\"><sub>[4]<\/sub><\/a><sub>&nbsp;Definici\u00f3n propuesta por la Organizaci\u00f3n Internacional del Trabajo para denominar el trabajo productivo en condici\u00f3n de equidad para ambos sexos, seguridad en el lugar de trabajo, con acceso a seguro de salud y al sistema previsional.&nbsp;<\/sub><\/p>\n\n\n\n<p>PNUD Rep\u00fablica Dominicana <a href=\"mailto:julia.ramirez@undp.org\">julia.ramirez@undp.org<\/a><\/p>\n","protected":false},"excerpt":{"rendered":"<p>La desigualdad socava el desarrollo social y econ\u00f3mico a largo plazo, frena la reducci\u00f3n de la pobreza y puede afectar el sentido de realizaci\u00f3n y autoestima de las personas. Esto tiene consecuencias directas en la vida de la gente, como la falta de acceso a oportunidades y servicios. Por esto, la cuesti\u00f3n de la desigualdad [&hellip;]<\/p>\n","protected":false},"author":7,"featured_media":637672,"comment_status":"closed","ping_status":"closed","sticky":true,"template":"","format":"standard","meta":{"footnotes":""},"categories":[18,27],"tags":[2244,312],"class_list":["post-637663","post","type-post","status-publish","format-standard","has-post-thumbnail","hentry","category-economia","category-portada","tag-pnud","tag-rd"],"_links":{"self":[{"href":"https:\/\/diariodominicano.com\/index.php?rest_route=\/wp\/v2\/posts\/637663","targetHints":{"allow":["GET"]}}],"collection":[{"href":"https:\/\/diariodominicano.com\/index.php?rest_route=\/wp\/v2\/posts"}],"about":[{"href":"https:\/\/diariodominicano.com\/index.php?rest_route=\/wp\/v2\/types\/post"}],"author":[{"embeddable":true,"href":"https:\/\/diariodominicano.com\/index.php?rest_route=\/wp\/v2\/users\/7"}],"replies":[{"embeddable":true,"href":"https:\/\/diariodominicano.com\/index.php?rest_route=%2Fwp%2Fv2%2Fcomments&post=637663"}],"version-history":[{"count":1,"href":"https:\/\/diariodominicano.com\/index.php?rest_route=\/wp\/v2\/posts\/637663\/revisions"}],"predecessor-version":[{"id":637680,"href":"https:\/\/diariodominicano.com\/index.php?rest_route=\/wp\/v2\/posts\/637663\/revisions\/637680"}],"wp:featuredmedia":[{"embeddable":true,"href":"https:\/\/diariodominicano.com\/index.php?rest_route=\/wp\/v2\/media\/637672"}],"wp:attachment":[{"href":"https:\/\/diariodominicano.com\/index.php?rest_route=%2Fwp%2Fv2%2Fmedia&parent=637663"}],"wp:term":[{"taxonomy":"category","embeddable":true,"href":"https:\/\/diariodominicano.com\/index.php?rest_route=%2Fwp%2Fv2%2Fcategories&post=637663"},{"taxonomy":"post_tag","embeddable":true,"href":"https:\/\/diariodominicano.com\/index.php?rest_route=%2Fwp%2Fv2%2Ftags&post=637663"}],"curies":[{"name":"wp","href":"https:\/\/api.w.org\/{rel}","templated":true}]}}