{"id":637599,"date":"2025-09-11T09:11:31","date_gmt":"2025-09-11T13:11:31","guid":{"rendered":"https:\/\/diariodominicano.com\/?p=637599"},"modified":"2025-09-11T09:32:39","modified_gmt":"2025-09-11T13:32:39","slug":"embajada-dominicana-en-mexico-fortalece-vinculos-en-cancun-y-merida","status":"publish","type":"post","link":"https:\/\/diariodominicano.com\/?p=637599","title":{"rendered":"Embajada dominicana en M\u00e9xico fortalece v\u00ednculos en Canc\u00fan y M\u00e9rida"},"content":{"rendered":"\n<p>El embajador Juan Bol\u00edvar D\u00edaz\u2002y la alcaldesa de M\u00e9rida,  Cecilia Patr\u00f3n<\/p>\n\n\n\n<p>Canc\u00fan\/M\u00e9rida, 9 de septiembre de 2025 \u2014 La Embajada y el Consulado General de la Rep\u00fablica Dominicana en M\u00e9xico desarrollaron una agenda oficial en Canc\u00fan y M\u00e9rida que combin\u00f3 diplomacia cultural, encuentros comunitarios y gestiones consulares, reafirmando el compromiso con la di\u00e1spora dominicana y el fortalecimiento de los lazos con autoridades mexicanas.<\/p>\n\n\n\n<figure class=\"wp-block-image size-full\"><img loading=\"lazy\" decoding=\"async\" width=\"589\" height=\"785\" src=\"https:\/\/diariodominicano.com\/wp-content\/uploads\/2025\/09\/image-1.png\" alt=\"\" class=\"wp-image-637601\" srcset=\"https:\/\/diariodominicano.com\/wp-content\/uploads\/2025\/09\/image-1.png 589w, https:\/\/diariodominicano.com\/wp-content\/uploads\/2025\/09\/image-1-225x300.png 225w\" sizes=\"auto, (max-width: 589px) 100vw, 589px\" \/><\/figure>\n\n\n\n<p>El Excmo. Sr. Embajador Juan Bol\u00edvar D\u00edaz Santana y el C\u00f3nsul General Roberto Rodr\u00edguez, acompa\u00f1ados por la C\u00f3nsul Honoraria en Canc\u00fan Dinangeli Acosta, el Primer Secretario Samuel Esteban, la vicec\u00f3nsul Caridad Hern\u00e1ndez y el vicec\u00f3nsul Runnier Valdez, encabezaron una serie de actividades que consolidaron la presencia dominicana en la regi\u00f3n.<\/p>\n\n\n\n<p>Uno de los momentos m\u00e1s relevantes fue la visita de cortes\u00eda a la alcaldesa de M\u00e9rida, Sra. Cecilia Patr\u00f3n, donde se reafirmaron los lazos de hermandad entre la Rep\u00fablica Dominicana y la capital yucateca.<\/p>\n\n\n\n<p>Durante el encuentro se abordaron futuros intercambios culturales y de cooperaci\u00f3n, resaltando la voluntad com\u00fan de impulsar proyectos bilaterales que fortalezcan el v\u00ednculo entre ambas comunidades.<\/p>\n\n\n\n<p>La alcaldesa estuvo acompa\u00f1ada por el Secretario de Participaci\u00f3n y Atenci\u00f3n Ciudadana, Carlos Manuel Carrillo Paredes; la Directora de Justicia Social, Flora Zapata; y el Director de Comunicaciones, Juan Manuel Arrigunaga. De parte de la misi\u00f3n dominicana asistieron tambi\u00e9n miembros de la comunidad, como la familia Glass, dominicanos residentes en M\u00e9rida.<\/p>\n\n\n\n<figure class=\"wp-block-image size-full\"><img loading=\"lazy\" decoding=\"async\" width=\"589\" height=\"393\" src=\"https:\/\/diariodominicano.com\/wp-content\/uploads\/2025\/09\/image-2.png\" alt=\"\" class=\"wp-image-637602\" srcset=\"https:\/\/diariodominicano.com\/wp-content\/uploads\/2025\/09\/image-2.png 589w, https:\/\/diariodominicano.com\/wp-content\/uploads\/2025\/09\/image-2-300x200.png 300w\" sizes=\"auto, (max-width: 589px) 100vw, 589px\" \/><\/figure>\n\n\n\n<p>En Canc\u00fan, la delegaci\u00f3n sostuvo un encuentro con estudiantes en la Universidad An\u00e1huac con la que se firm\u00f3 un convenio para otorgar becas a estudiantes dominicanos , tambi\u00e9n&nbsp; se&nbsp; realiz\u00f3 un operativo consular, adem\u00e1s de un almuerzo con la rectora Mtra. Yoani Paola Rodr\u00edguez Villegas para profundizar en los lazos acad\u00e9micos. La comunidad tambi\u00e9n comparti\u00f3 un emotivo encuentro en la residencia de la dominicana Maricarmen Arias, donde se reconoci\u00f3 a ella y a Cinthia Rodr\u00edguez por su apoyo a la di\u00e1spora.<\/p>\n\n\n\n<p>En M\u00e9rida, adem\u00e1s del operativo consular en el Hotel El Conquistador, el embajador D\u00edaz se reuni\u00f3 con una comisi\u00f3n del Gobierno de Yucat\u00e1n encabezada por la Secretaria de Cultura y las Artes, Mtra. Patricia Mart\u00edn Brice\u00f1o, y el Secretario de Turismo, Sr. Dar\u00edo Flota Ocampo, quienes expresaron su inter\u00e9s en desarrollar proyectos de intercambio cultural y tur\u00edstico con la Rep\u00fablica Dominicana.<\/p>\n\n\n\n<figure class=\"wp-block-image size-full\"><img loading=\"lazy\" decoding=\"async\" width=\"589\" height=\"393\" src=\"https:\/\/diariodominicano.com\/wp-content\/uploads\/2025\/09\/image-3.png\" alt=\"\" class=\"wp-image-637603\" srcset=\"https:\/\/diariodominicano.com\/wp-content\/uploads\/2025\/09\/image-3.png 589w, https:\/\/diariodominicano.com\/wp-content\/uploads\/2025\/09\/image-3-300x200.png 300w\" sizes=\"auto, (max-width: 589px) 100vw, 589px\" \/><\/figure>\n\n\n\n<p>La delegaci\u00f3n se traslad\u00f3 entre ambas ciudades a bordo del Tren Maya, en un gesto de integraci\u00f3n regional cortes\u00eda de la Secretar\u00eda de la Defensa Nacional y del Gobierno de M\u00e9rida.<\/p>\n\n\n\n<figure class=\"wp-block-image size-full\"><img loading=\"lazy\" decoding=\"async\" width=\"589\" height=\"441\" src=\"https:\/\/diariodominicano.com\/wp-content\/uploads\/2025\/09\/image-4.png\" alt=\"\" class=\"wp-image-637604\" srcset=\"https:\/\/diariodominicano.com\/wp-content\/uploads\/2025\/09\/image-4.png 589w, https:\/\/diariodominicano.com\/wp-content\/uploads\/2025\/09\/image-4-300x225.png 300w\" sizes=\"auto, (max-width: 589px) 100vw, 589px\" \/><\/figure>\n\n\n\n<p>Con esta agenda oficial, la misi\u00f3n diplom\u00e1tica reafirm\u00f3 que la Rep\u00fablica Dominicana acompa\u00f1a de cerca a su di\u00e1spora y abre nuevos caminos de cooperaci\u00f3n cultural, acad\u00e9mica y tur\u00edstica con M\u00e9xico, fortaleciendo los lazos de hermandad entre ambas naciones.<\/p>\n\n\n\n<p>Carlos Rojas<\/p>\n\n\n\n<p><a href=\"mailto:carlosrojas@embadom.org\" target=\"_blank\" rel=\"noreferrer noopener\">carlosrojas@embadom.org<\/a><\/p>\n\n\n\n<p>#Rep\u00falica Dominicana\u2003\u2003\u2003\u2003#Mexico\u2003\u2003\u2003\u2003\u2002Juan Bol\u00edvar Diaz<\/p>\n","protected":false},"excerpt":{"rendered":"<p>El embajador Juan Bol\u00edvar D\u00edaz\u2002y la alcaldesa de M\u00e9rida, Cecilia Patr\u00f3n Canc\u00fan\/M\u00e9rida, 9 de septiembre de 2025 \u2014 La Embajada y el Consulado General de la Rep\u00fablica Dominicana en M\u00e9xico desarrollaron una agenda oficial en Canc\u00fan y M\u00e9rida que combin\u00f3 diplomacia cultural, encuentros comunitarios y gestiones consulares, reafirmando el compromiso con la di\u00e1spora dominicana y [&hellip;]<\/p>\n","protected":false},"author":2,"featured_media":637608,"comment_status":"closed","ping_status":"closed","sticky":false,"template":"","format":"standard","meta":{"footnotes":""},"categories":[36,20,27],"tags":[],"class_list":["post-637599","post","type-post","status-publish","format-standard","has-post-thumbnail","hentry","category-hombresmujeresycosas","category-dominicana-hoy","category-portada"],"_links":{"self":[{"href":"https:\/\/diariodominicano.com\/index.php?rest_route=\/wp\/v2\/posts\/637599","targetHints":{"allow":["GET"]}}],"collection":[{"href":"https:\/\/diariodominicano.com\/index.php?rest_route=\/wp\/v2\/posts"}],"about":[{"href":"https:\/\/diariodominicano.com\/index.php?rest_route=\/wp\/v2\/types\/post"}],"author":[{"embeddable":true,"href":"https:\/\/diariodominicano.com\/index.php?rest_route=\/wp\/v2\/users\/2"}],"replies":[{"embeddable":true,"href":"https:\/\/diariodominicano.com\/index.php?rest_route=%2Fwp%2Fv2%2Fcomments&post=637599"}],"version-history":[{"count":5,"href":"https:\/\/diariodominicano.com\/index.php?rest_route=\/wp\/v2\/posts\/637599\/revisions"}],"predecessor-version":[{"id":637612,"href":"https:\/\/diariodominicano.com\/index.php?rest_route=\/wp\/v2\/posts\/637599\/revisions\/637612"}],"wp:featuredmedia":[{"embeddable":true,"href":"https:\/\/diariodominicano.com\/index.php?rest_route=\/wp\/v2\/media\/637608"}],"wp:attachment":[{"href":"https:\/\/diariodominicano.com\/index.php?rest_route=%2Fwp%2Fv2%2Fmedia&parent=637599"}],"wp:term":[{"taxonomy":"category","embeddable":true,"href":"https:\/\/diariodominicano.com\/index.php?rest_route=%2Fwp%2Fv2%2Fcategories&post=637599"},{"taxonomy":"post_tag","embeddable":true,"href":"https:\/\/diariodominicano.com\/index.php?rest_route=%2Fwp%2Fv2%2Ftags&post=637599"}],"curies":[{"name":"wp","href":"https:\/\/api.w.org\/{rel}","templated":true}]}}