{"id":637580,"date":"2025-09-11T03:51:03","date_gmt":"2025-09-11T07:51:03","guid":{"rendered":"https:\/\/diariodominicano.com\/?p=637580"},"modified":"2025-09-11T03:51:06","modified_gmt":"2025-09-11T07:51:06","slug":"senado-sesiona-en-san-pedro-de-macoris-al-conmemorarse-el-143-aniversario-de-la-ciudad","status":"publish","type":"post","link":"https:\/\/diariodominicano.com\/?p=637580","title":{"rendered":"Senado sesiona en San Pedro de Macor\u00eds al conmemorarse el 143 aniversario de la ciudad"},"content":{"rendered":"\n<p>San Pedro de Macor\u00eds. &#8211; El Senado de la Rep\u00fablica celebr\u00f3 una sesi\u00f3n hist\u00f3rica en la provincia de San Pedro de Macor\u00eds en el 143 aniversario de la ciudad y en la conmemoraci\u00f3n del 118 aniversario de su designaci\u00f3n como provincia.<\/p>\n\n\n\n<p>El pleno del Senado se traslad\u00f3 a la sede de la Universidad Central del Este, UCE, de la ciudad de San Pedro de Macor\u00eds, dando cumplimiento a una resoluci\u00f3n aprobada por los senadores, a solicitud de la senadora de esa demarcaci\u00f3n, Aracelis Villanueva.<\/p>\n\n\n\n<p>Previ\u00f3 al inicio de la sesi\u00f3n, el presidente del Senado, Ricardo de los Santos, se dirigi\u00f3 a los presentes, expresando que la C\u00e1mara Alta realiza esta sesi\u00f3n&nbsp;&nbsp; con la finalidad de mantener una cercan\u00eda con el pueblo dominicano.<\/p>\n\n\n\n<p>Durante su ponencia, el presidente de la C\u00e1mara Alta destac\u00f3 las caracter\u00edsticas que adornan la ciudad, como son: su cultura, arte, rubros agr\u00edcolas y la siembra de ca\u00f1a para producir az\u00facar.<\/p>\n\n\n\n<p>\u201cSan Pedro de Macor\u00eds es una ciudad creadora de grandes peloteros, como las Estrellas Orientales; de personalidades hist\u00f3ricas, como Pedro Mir y H\u00e9ctor Villegas; y formadora de hombres, mujeres y ni\u00f1os prominentes, destacados en distintas \u00e1reas\u201d.<\/p>\n\n\n\n<p>La senadora por esa demarcaci\u00f3n, Aracelis Villanueva, agot\u00f3 un turno se\u00f1alando que, \u201cPor primera vez en la historia, el Senado de la Rep\u00fablica se traslada a San pedro de Macor\u00eds como marco de fortaleza para nuestra institucionalidad\u201d.<\/p>\n\n\n\n<p>Refiri\u00e9ndose al presidente del Senado, indic\u00f3 que esta sesi\u00f3n rompi\u00f3 las expectativas: \u201cEs un&nbsp; hecho para la&nbsp; historia de lo que estamos haciendo en el Senado, porque ha sido la m\u00e1s numerosa, es&nbsp; la primera sesi\u00f3n celebrada fuera del Senado con 26 senadores presentes\u201d.<\/p>\n\n\n\n<p>En su discurso, la&nbsp; senadora destac\u00f3 los aportes de su tierra, consider\u00e1ndola como&nbsp; \u201ctierra de grandes poetas, y peloteros,&nbsp; que han llenado de orgullo nuestra cultura\u201d.<\/p>\n\n\n\n<p>En los trabajos legislativos de este mi\u00e9rcoles, en la provincia San Pedro de Macor\u00eds,&nbsp; el Senado de la Rep\u00fablica aprob\u00f3 en primera lectura el Proyecto de Ley que establece Exenciones Impositivas y Arancelarias para los Insumos y Equipos M\u00e9dicos Cardiovasculares, Oftalmol\u00f3gicos y Endocrinos, iniciativa presentada por la senadora de Puerto Palta, Ginnette Bournigal de Jim\u00e9nez.<\/p>\n\n\n\n<p>En primera lectura, los senadores aprobaron el Proyecto de Ley que regula el Ejercicio Profesional del Detective Privado, presentado por el senador Santiago Jos\u00e9 Zorrilla, y que tiene por objeto regular el ejercicio del detective privado en la Republica Dominicana.<\/p>\n\n\n\n<p>De igual manera, fue sancionado en primera lectura el Proyecto de Ley que declara las Corridas de Toro de la provincia el Seibo, Patrimonio Cultural Inmaterial de la Rep\u00fablica Dominicana, presentada por el mismo senador.<\/p>\n\n\n\n<p>Tambi\u00e9n se incluy\u00f3 el proyecto que&nbsp; declara el d\u00eda 10 de noviembre de cada a\u00f1o, como D\u00eda Nacional de la Mujer M\u00e9dico Dominicana, en honor a la doctora Evangelina Rodr\u00edguez, propuesta de las senadoras L\u00eda D\u00edaz de D\u00edaz, Ginnette Bournigal de Jim\u00e9nez, Aracelis Villanueva y Rafael Bar\u00f3n Duluc Rijo.<\/p>\n\n\n\n<p>En primera lectura fue aprobado el Proyecto de Ley que declara el 10 de septiembre como D\u00eda del Orgullo Petromacorisano, presentado por la senadora Aracelis Villanueva.<\/p>\n\n\n\n<p>En segunda lectura, el Senado aprob\u00f3 el proyecto que reorganiza el Sistema Dominicano para la Calidad (SIDOCAL), presentado por los senadores Alexis Victoria Yeb y Crist\u00f3bal Venerado Castillo.<\/p>\n\n\n\n<p>Tambi\u00e9n, fue aprobado el proyecto que declara el Casabe como Patrimonio Cultural, Inmaterial de la Naci\u00f3n Dominicana.<\/p>\n\n\n\n<p>En los trabajos tambi\u00e9n se aprob\u00f3 el proyecto que designa con el nombre de Edison Rodr\u00edguez Paulino el Multiuso del municipio Villa La Mata, provincia S\u00e1nchez Ramirez, iniciativa presentada por el presidente del Senado, Ricardo de los Santos.<\/p>\n\n\n\n<p>En los trabajos legislativos realizados desde la provincia San Pedro de Macoris, fueron aprobados varios proyectos de resoluciones entre estas, la que solicita al presidente Luis&nbsp; Abinader,&nbsp; que disponga se incluya en el Presupuesto General del Estado para el a\u00f1o 2026, la construcci\u00f3n de la carretera que comunica las secciones de Las Aguas y la Recta&nbsp; de Sanita, en el municipio Montecristi, presentada por el senador&nbsp; Bernardo Alem\u00e1n Rodr\u00edguez.<\/p>\n\n\n\n<p>Tambi\u00e9n, la resoluci\u00f3n que solicita al presidente Luis&nbsp; Abinader disponer la construcci\u00f3n de un Centro de Atenci\u00f3n Integral a la Primera Infancia (CAIPI) en el municipio de Rancho Arriba, provincia San Jos\u00e9 de Ocoa, presentado por el senador Milc\u00edades Aneudy Ortiz; as\u00ed como la construcci\u00f3n de un centro similar, en el municipio de Tenares, provincia Hermanas Mirabal, a solicitud de la senadora Mar\u00eda Mercedes Ortiz.<\/p>\n\n\n\n<p>Los senadores conocieron tambi\u00e9n la resoluci\u00f3n que reconoce a Carmen Heredia Ottenwalder, por su trayectoria y aportes en favor del Desarrollo del Arte y la Cultura en la Rep\u00fablica Dominicana, autor\u00eda de la senadora Mar\u00eda Mercedes Ortiz; y una resoluci\u00f3n que reconoce a Jeannette Miller, por su destacada trayectoria literaria y sus aportes a la literatura y poes\u00eda dominicana, del senador por la provincia Espaillat, Carlos G\u00f3mez.<\/p>\n\n\n\n<p>Tambi\u00e9n, la resoluci\u00f3n que solicita al presidente Luis Abinader, disponer la terminaci\u00f3n de la construcci\u00f3n del Centro de Atenci\u00f3n Integral a la Primera Infancia (CAIPI), ubicado en el sector de Villa Ol\u00edmpica, en la ciudad de Santiago los Caballeros, provincia Santiago, del senador Daniel Rivera. Y otra&nbsp; que reconoce de manera p\u00f3stuma, al maestro de las Artes Pl\u00e1sticas Dominicana, Jos\u00e9 Cestero, presentador por&nbsp; la senadora Mar\u00eda Mercedes Ortiz; y de la misma senadora,<\/p>\n\n\n\n<p>la que reconoce al cantante y compositor Frank Reyes por su destacada trayectoria y aportes en favor del desarrollo de la m\u00fasica y el arte en la Rep\u00fablica Dominicana.<\/p>\n\n\n\n<p>Otras iniciativas aprobadas son la resoluci\u00f3n que solicita al presidente Luis Abinader, disponer la construcci\u00f3n de un Centro de Convenciones en la provincia San Pedro de Macor\u00eds; y la que solicita a \u00c1ngel de la Cruz, presidente de la Comisi\u00f3n Presidencial de Apoyo al Desarrollo Provincial, la terminaci\u00f3n del destacamento policial en el municipio Quisqueya de la provincia San Pedro de Macor\u00eds, presentado por la senadora senadora Aracelis Villanueva.<\/p>\n\n\n\n<p>Asimismo, fue incluida la resoluci\u00f3n que solicita al ministro de Obras P\u00fablicas y Comunicaciones, Eduardo Estrella, el acondicionamiento y asfaltado del desv\u00edo de la carretera la Ceiba-Macao, secci\u00f3n el Salado, en el distrito municipal Ver\u00f3n-Punta Cana, municipio Hig\u00fcey, provincia La Altagracia, presentado por el senador de esa demarcaci\u00f3n Rafael Bar\u00f3n Duluc.<\/p>\n\n\n\n<p>De igual forma,&nbsp; se aprob\u00f3 la iniciativa que solicita&nbsp; al presidente Luis Abinader instruir al Ministerio de Obras P\u00fablicas y Comunicaciones (MOPC), la intervenci\u00f3n inmediata de la carretera del municipio Quisqueya, provincia San Pedro de Macor\u00eds de la senadora Aracelis Villanueva.<\/p>\n\n\n\n<p>Los legisladores sancionaron en \u00fanica lectura la resoluci\u00f3n que solicita a Eduardo Estrella, ministro de Obras P\u00fablicas y Comunicaciones, la reconstrucci\u00f3n de la carretera Mella tramo San Pedro de Macor\u00eds- Cruce de Cayacoa; as\u00ed&nbsp; como la que solicita al ministro de Medio Ambiente y Recursos Naturales, Pa\u00edno Henr\u00edquez, realizar los estudios correspondientes, a los fines de su recomendaci\u00f3n para que el presidente de&nbsp; Luis Abinader, declare como \u00e1rea de riesgo ambiental al Rio Soco, en la provincia San Pedro de Macor\u00eds.<\/p>\n\n\n\n<p>De igual manera, fue sancionada la resoluci\u00f3n que solicita al presidente Luis Abinader que disponga la ampliaci\u00f3n, modernizaci\u00f3n y equipamiento del recinto Universitario de la Universidad Aut\u00f3noma de Santo Domingo (UASD) en esa demarcaci\u00f3n.<\/p>\n\n\n\n<p>Asimismo, fue aprobada la&nbsp; iniciativa que solicita la conclusi\u00f3n de los trabajos de drenaje pluvial y acondicionamiento vial en la calle 20 de la ciudad de San Pedro de Macor\u00eds, a solicitud de la senadora Aracelis Villanueva.<\/p>\n\n\n\n<p>Senado<\/p>\n","protected":false},"excerpt":{"rendered":"<p>San Pedro de Macor\u00eds. &#8211; El Senado de la Rep\u00fablica celebr\u00f3 una sesi\u00f3n hist\u00f3rica en la provincia de San Pedro de Macor\u00eds en el 143 aniversario de la ciudad y en la conmemoraci\u00f3n del 118 aniversario de su designaci\u00f3n como provincia. El pleno del Senado se traslad\u00f3 a la sede de la Universidad Central del [&hellip;]<\/p>\n","protected":false},"author":7,"featured_media":637591,"comment_status":"closed","ping_status":"open","sticky":false,"template":"","format":"standard","meta":{"footnotes":""},"categories":[36],"tags":[2359],"class_list":["post-637580","post","type-post","status-publish","format-standard","has-post-thumbnail","hentry","category-hombresmujeresycosas","tag-senado"],"_links":{"self":[{"href":"https:\/\/diariodominicano.com\/index.php?rest_route=\/wp\/v2\/posts\/637580","targetHints":{"allow":["GET"]}}],"collection":[{"href":"https:\/\/diariodominicano.com\/index.php?rest_route=\/wp\/v2\/posts"}],"about":[{"href":"https:\/\/diariodominicano.com\/index.php?rest_route=\/wp\/v2\/types\/post"}],"author":[{"embeddable":true,"href":"https:\/\/diariodominicano.com\/index.php?rest_route=\/wp\/v2\/users\/7"}],"replies":[{"embeddable":true,"href":"https:\/\/diariodominicano.com\/index.php?rest_route=%2Fwp%2Fv2%2Fcomments&post=637580"}],"version-history":[{"count":1,"href":"https:\/\/diariodominicano.com\/index.php?rest_route=\/wp\/v2\/posts\/637580\/revisions"}],"predecessor-version":[{"id":637592,"href":"https:\/\/diariodominicano.com\/index.php?rest_route=\/wp\/v2\/posts\/637580\/revisions\/637592"}],"wp:featuredmedia":[{"embeddable":true,"href":"https:\/\/diariodominicano.com\/index.php?rest_route=\/wp\/v2\/media\/637591"}],"wp:attachment":[{"href":"https:\/\/diariodominicano.com\/index.php?rest_route=%2Fwp%2Fv2%2Fmedia&parent=637580"}],"wp:term":[{"taxonomy":"category","embeddable":true,"href":"https:\/\/diariodominicano.com\/index.php?rest_route=%2Fwp%2Fv2%2Fcategories&post=637580"},{"taxonomy":"post_tag","embeddable":true,"href":"https:\/\/diariodominicano.com\/index.php?rest_route=%2Fwp%2Fv2%2Ftags&post=637580"}],"curies":[{"name":"wp","href":"https:\/\/api.w.org\/{rel}","templated":true}]}}