{"id":637579,"date":"2025-09-11T03:36:42","date_gmt":"2025-09-11T07:36:42","guid":{"rendered":"https:\/\/diariodominicano.com\/?p=637579"},"modified":"2025-09-11T03:36:45","modified_gmt":"2025-09-11T07:36:45","slug":"cree-banreservas-invierte-mas-de-rd72-millones-en-proyectos-innovadores","status":"publish","type":"post","link":"https:\/\/diariodominicano.com\/?p=637579","title":{"rendered":"Cree Banreservas invierte m\u00e1s de RD$72 millones en proyectos innovadores\u00a0"},"content":{"rendered":"\n<p><em>El programa celebra encuentro para emprendedores Founder\u2019s Space 2025, edici\u00f3n Human Up&nbsp;<\/em><\/p>\n\n\n\n<p>El programa Cree del Banco de Reservas ha canalizado desde el 2015 el desembolso de m\u00e1s de RD$72 millones como inversi\u00f3n de capital para proyectos innovadores, inform\u00f3 la directora de Sostenibilidad y Responsabilidad Social del Banco, Raquel Giraldez, en el tradicional Encuentro de Emprendedores Founder\u2019s Space 2025.&nbsp;<\/p>\n\n\n\n<p>Giraldez destac\u00f3 que las empresas creadas por emprendedores respaldados por el programa se desarrollan gracias a los esfuerzos de Banreservas, lo que constituye una muestra tangible del compromiso con la innovaci\u00f3n, la colaboraci\u00f3n y el desarrollo econ\u00f3mico y social de la Rep\u00fablica Dominicana.<\/p>\n\n\n\n<figure class=\"wp-block-gallery has-nested-images columns-default is-cropped wp-block-gallery-1 is-layout-flex wp-block-gallery-is-layout-flex\">\n<figure class=\"wp-block-image size-large\"><img loading=\"lazy\" decoding=\"async\" width=\"681\" height=\"1024\" data-id=\"637589\" src=\"https:\/\/diariodominicano.com\/wp-content\/uploads\/2025\/09\/Raquel-Giraldez-directora-de-Sostenibilidad-y-Responsabilidad-Social-del-Banco-681x1024.jpeg\" alt=\"\" class=\"wp-image-637589\" srcset=\"https:\/\/diariodominicano.com\/wp-content\/uploads\/2025\/09\/Raquel-Giraldez-directora-de-Sostenibilidad-y-Responsabilidad-Social-del-Banco-681x1024.jpeg 681w, https:\/\/diariodominicano.com\/wp-content\/uploads\/2025\/09\/Raquel-Giraldez-directora-de-Sostenibilidad-y-Responsabilidad-Social-del-Banco-200x300.jpeg 200w, https:\/\/diariodominicano.com\/wp-content\/uploads\/2025\/09\/Raquel-Giraldez-directora-de-Sostenibilidad-y-Responsabilidad-Social-del-Banco.jpeg 692w\" sizes=\"auto, (max-width: 681px) 100vw, 681px\" \/><figcaption class=\"wp-element-caption\">Raquel Giraldez, directora de Sostenibilidad y Responsabilidad Social del Banco de Reservas, habla en el Encuentro de Emprendedores Founder\u2019s Space 2025 <\/figcaption><\/figure>\n<\/figure>\n\n\n\n<p>\u00abDesde el Banco de Reservas, a trav\u00e9s de la Direcci\u00f3n de Sostenibilidad y Responsabilidad Social y de nuestro Programa de Emprendedores Cree Banreservas, hemos asumido la firme convicci\u00f3n de que los emprendimientos que conforman nuestro portafolio no solo generan empleos y aportan al crecimiento econ\u00f3mico, sino que tambi\u00e9n brindan soluciones creativas a los desaf\u00edos que enfrenta nuestra sociedad\u00bb, expres\u00f3.<\/p>\n\n\n\n<figure class=\"wp-block-gallery has-nested-images columns-default is-cropped wp-block-gallery-2 is-layout-flex wp-block-gallery-is-layout-flex\">\n<figure class=\"wp-block-image size-large\"><img loading=\"lazy\" decoding=\"async\" width=\"1024\" height=\"681\" data-id=\"637588\" src=\"https:\/\/diariodominicano.com\/wp-content\/uploads\/2025\/09\/Carolina-Huertas-CEO-de-AgrodatAi-expone-el-tema-EmpatIA-sembrar-tecnologia-1024x681.jpeg\" alt=\"\" class=\"wp-image-637588\" srcset=\"https:\/\/diariodominicano.com\/wp-content\/uploads\/2025\/09\/Carolina-Huertas-CEO-de-AgrodatAi-expone-el-tema-EmpatIA-sembrar-tecnologia-1024x681.jpeg 1024w, https:\/\/diariodominicano.com\/wp-content\/uploads\/2025\/09\/Carolina-Huertas-CEO-de-AgrodatAi-expone-el-tema-EmpatIA-sembrar-tecnologia-300x200.jpeg 300w, https:\/\/diariodominicano.com\/wp-content\/uploads\/2025\/09\/Carolina-Huertas-CEO-de-AgrodatAi-expone-el-tema-EmpatIA-sembrar-tecnologia-768x511.jpeg 768w, https:\/\/diariodominicano.com\/wp-content\/uploads\/2025\/09\/Carolina-Huertas-CEO-de-AgrodatAi-expone-el-tema-EmpatIA-sembrar-tecnologia-816x543.jpeg 816w, https:\/\/diariodominicano.com\/wp-content\/uploads\/2025\/09\/Carolina-Huertas-CEO-de-AgrodatAi-expone-el-tema-EmpatIA-sembrar-tecnologia.jpeg 1040w\" sizes=\"auto, (max-width: 1024px) 100vw, 1024px\" \/><figcaption class=\"wp-element-caption\">Carolina Huertas, CEO de AgrodatAi, expone el tema EmpatIA: sembrar tecnolog\u00eda con alma en territorios olvidados, en el Encuentro de Emprendedores Founder\u2019s Space 2025, realizado por Cree Banreservas <\/figcaption><\/figure>\n<\/figure>\n\n\n\n<p>El encuentro Founder\u2019s Space 2025, edici\u00f3n \u201cHuman Up\u201d, fue enfocado en la salud mental, la inclusi\u00f3n y la \u00e9tica en el liderazgo, bajo el modelo de Innovaci\u00f3n Humanista, con la participaci\u00f3n de desarrolladores del ecosistema y expertos internacionales.<\/p>\n\n\n\n<p>Este evento fue dise\u00f1ado para \u2018reimaginar\u2019 el emprendimiento desde el cuidado, la conciencia y el impacto. En la edici\u00f3n de este a\u00f1o se impartieron las charlas <em>EmpatIA: sembrar tecnolog\u00eda con alma en territorios olvidados<\/em>, a cargo de Carolina Huertas, CEO de AgrodatAi, Colombia; <em>Autenticidad radical: liderar sin perder el alma<\/em>, de Macelo Mu\u00f1oz, coach de l\u00edderes, Chile; y el panel <em>Cuando levantar capital no alcanza: \u00e9tica, salud y diversidad en la nueva generaci\u00f3n emprendedora, <\/em>moderado por Erik D\u00edaz, creador del modelo Innovaci\u00f3n Humanista.<\/p>\n\n\n\n<p>Durante el panel se abordaron puntos clave, como el reto de la IA en los negocios, las heridas invisibles del ecosistema emprendedor, los pactos \u00e9ticos entre emprendedores e inversores, la salud mental como activo estrat\u00e9gico, y la inclusi\u00f3n m\u00e1s all\u00e1 de cuotas con el fin de transformar desde las ra\u00edces.&nbsp;<\/p>\n\n\n\n<p>Al finalizar, los invitados pudieron formar redes de trabajo, mentor\u00edas informales e intercambios con un conjunto de perfiles diversos, conocedores en tecnolog\u00eda, capital, formaci\u00f3n, cuidado y sistemas regenerativos, as\u00ed como ponerse en contexto con el ecosistema internacional de Colombia, Chile, M\u00e9xico y Espa\u00f1a<\/p>\n\n\n\n<p>Founder\u2019s Space es un encuentro que realiza el Banco de Reservas desde 2021 para los emprendedores que forman parte del programa Cree Banreservas, con el fin de brindar herramientas que ayuden a fortalecer sus negocios.<\/p>\n\n\n\n<p><strong>Vicepresidencia de Relaciones P\u00fablicas. Septiembre, 2025<\/strong><\/p>\n\n\n\n<p>Buz\u00f3n Gerencia de Medios de Comunicaci\u00f3n <a href=\"mailto:buzoninformefinancie@banreservas.com\">buzoninformefinancie@banreservas.com<\/a><\/p>\n","protected":false},"excerpt":{"rendered":"<p>El programa celebra encuentro para emprendedores Founder\u2019s Space 2025, edici\u00f3n Human Up&nbsp; El programa Cree del Banco de Reservas ha canalizado desde el 2015 el desembolso de m\u00e1s de RD$72 millones como inversi\u00f3n de capital para proyectos innovadores, inform\u00f3 la directora de Sostenibilidad y Responsabilidad Social del Banco, Raquel Giraldez, en el tradicional Encuentro de [&hellip;]<\/p>\n","protected":false},"author":7,"featured_media":637589,"comment_status":"closed","ping_status":"open","sticky":false,"template":"","format":"standard","meta":{"footnotes":""},"categories":[18],"tags":[1040],"class_list":["post-637579","post","type-post","status-publish","format-standard","has-post-thumbnail","hentry","category-economia","tag-cree-banreservas"],"_links":{"self":[{"href":"https:\/\/diariodominicano.com\/index.php?rest_route=\/wp\/v2\/posts\/637579","targetHints":{"allow":["GET"]}}],"collection":[{"href":"https:\/\/diariodominicano.com\/index.php?rest_route=\/wp\/v2\/posts"}],"about":[{"href":"https:\/\/diariodominicano.com\/index.php?rest_route=\/wp\/v2\/types\/post"}],"author":[{"embeddable":true,"href":"https:\/\/diariodominicano.com\/index.php?rest_route=\/wp\/v2\/users\/7"}],"replies":[{"embeddable":true,"href":"https:\/\/diariodominicano.com\/index.php?rest_route=%2Fwp%2Fv2%2Fcomments&post=637579"}],"version-history":[{"count":1,"href":"https:\/\/diariodominicano.com\/index.php?rest_route=\/wp\/v2\/posts\/637579\/revisions"}],"predecessor-version":[{"id":637590,"href":"https:\/\/diariodominicano.com\/index.php?rest_route=\/wp\/v2\/posts\/637579\/revisions\/637590"}],"wp:featuredmedia":[{"embeddable":true,"href":"https:\/\/diariodominicano.com\/index.php?rest_route=\/wp\/v2\/media\/637589"}],"wp:attachment":[{"href":"https:\/\/diariodominicano.com\/index.php?rest_route=%2Fwp%2Fv2%2Fmedia&parent=637579"}],"wp:term":[{"taxonomy":"category","embeddable":true,"href":"https:\/\/diariodominicano.com\/index.php?rest_route=%2Fwp%2Fv2%2Fcategories&post=637579"},{"taxonomy":"post_tag","embeddable":true,"href":"https:\/\/diariodominicano.com\/index.php?rest_route=%2Fwp%2Fv2%2Ftags&post=637579"}],"curies":[{"name":"wp","href":"https:\/\/api.w.org\/{rel}","templated":true}]}}