{"id":637567,"date":"2025-09-11T02:56:50","date_gmt":"2025-09-11T06:56:50","guid":{"rendered":"https:\/\/diariodominicano.com\/?p=637567"},"modified":"2025-09-11T02:59:20","modified_gmt":"2025-09-11T06:59:20","slug":"presidente-abinader-destaca-madurez-politica-en-dialogo-de-alto-nivel-sobre-haiti","status":"publish","type":"post","link":"https:\/\/diariodominicano.com\/?p=637567","title":{"rendered":"Abinader destaca madurez pol\u00edtica en di\u00e1logo de alto nivel sobre Hait\u00ed"},"content":{"rendered":"\n<h3 class=\"wp-block-heading\">Mandatario califica este hecho como \u00abmemorable\u00bb y \u00absin precedentes\u00bb, asegura  que con ello la democracia se fortalece.<\/h3>\n\n\n\n<p>10 de Septiembre 2025 | 09:45<\/p>\n\n\n\n<figure class=\"wp-block-image\"><img decoding=\"async\" src=\"https:\/\/platform-cdn.sharethis.com\/img\/facebook.svg\" alt=\"facebook sharing button\"\/><\/figure>\n\n\n\n<figure class=\"wp-block-image\"><img decoding=\"async\" src=\"https:\/\/platform-cdn.sharethis.com\/img\/sharethis.svg\" alt=\"sharethis sharing button\"\/><\/figure>\n\n\n\n<p>Diario Dominicano<\/p>\n\n\n\n<p>Santo Domingo, RD.-\u00a0<strong>El presidente Luis Abinader<\/strong>\u00a0felicit\u00f3 y\u00a0<strong>agradeci\u00f3 al liderazgo pol\u00edtico dominicano\u00a0<\/strong>por su participaci\u00f3n en el\u00a0<strong>di\u00e1logo de alto nivel sobre la crisis en Hait\u00ed,<\/strong>\u00a0convocado por el Poder Ejecutivo.\u00a0<\/p>\n\n\n\n<p>El mandatario calific\u00f3 como un hecho&nbsp;<em>\u00abmemorable\u00bb&nbsp;<\/em>y<em>&nbsp;\u00absin precedentes\u00bb,<\/em>&nbsp;<strong>el informe final elaborado por el Consejo Econ\u00f3mico y Social<\/strong>, nacido de las discusiones entre diversos sectores, destacando que&nbsp;<strong>la democracia se fortalece con la madurez pol\u00edtica mostrada.<\/strong><\/p>\n\n\n\n<p>Destac\u00f3 la&nbsp;<strong>receptividad de los distintos actores<\/strong>&nbsp;de la sociedad a la iniciativa del Gobierno de dialogar para&nbsp;<strong>unificar criterios y blindar al pa\u00eds<\/strong>&nbsp;ante posibles efectos de la&nbsp;<strong>crisis haitiana<\/strong>, la cual ha alcanzado su&nbsp;<strong>punto cr\u00edtico.&nbsp;<\/strong><\/p>\n\n\n\n<p>El presidente Abinader afirm\u00f3 que la&nbsp;<strong>unidad pol\u00edtica y social<\/strong>&nbsp;es fundamental para abordar los desaf\u00edos que plantea la situaci\u00f3n en Hait\u00ed y las&nbsp;<strong>implicaciones que acarrear\u00eda para el pa\u00eds.<\/strong><\/p>\n\n\n\n<p>Durante su intervenci\u00f3n en&nbsp;<strong>LA Semanal con la prensa<\/strong>, el pasado lunes, el gobernante dominicano anunci\u00f3 que en su pr\u00f3xima intervenci\u00f3n en la&nbsp;<strong>Asamblea General de la Organizaci\u00f3n de las Naciones Unidas<\/strong>, abordar\u00e1 el tema, destacando el&nbsp;<strong>abandono de la comunidad internacional hacia el vecino pa\u00eds<\/strong>, as\u00ed como los&nbsp;<strong>efectos y amenazas<\/strong>&nbsp;que supone la crisis social en la naci\u00f3n vecina para la Rep\u00fablica Dominicana.<\/p>\n\n\n\n<p>#Abinader\u2003\u2003\u2003\u2002#Haiti<\/p>\n","protected":false},"excerpt":{"rendered":"<p>Mandatario califica este hecho como \u00abmemorable\u00bb y \u00absin precedentes\u00bb, asegura que con ello la democracia se fortalece. 10 de Septiembre 2025 | 09:45 Diario Dominicano Santo Domingo, RD.-\u00a0El presidente Luis Abinader\u00a0felicit\u00f3 y\u00a0agradeci\u00f3 al liderazgo pol\u00edtico dominicano\u00a0por su participaci\u00f3n en el\u00a0di\u00e1logo de alto nivel sobre la crisis en Hait\u00ed,\u00a0convocado por el Poder Ejecutivo.\u00a0 El mandatario calific\u00f3 [&hellip;]<\/p>\n","protected":false},"author":2,"featured_media":637568,"comment_status":"closed","ping_status":"closed","sticky":false,"template":"","format":"standard","meta":{"footnotes":""},"categories":[20,112],"tags":[],"class_list":["post-637567","post","type-post","status-publish","format-standard","has-post-thumbnail","hentry","category-dominicana-hoy","category-haiti"],"_links":{"self":[{"href":"https:\/\/diariodominicano.com\/index.php?rest_route=\/wp\/v2\/posts\/637567","targetHints":{"allow":["GET"]}}],"collection":[{"href":"https:\/\/diariodominicano.com\/index.php?rest_route=\/wp\/v2\/posts"}],"about":[{"href":"https:\/\/diariodominicano.com\/index.php?rest_route=\/wp\/v2\/types\/post"}],"author":[{"embeddable":true,"href":"https:\/\/diariodominicano.com\/index.php?rest_route=\/wp\/v2\/users\/2"}],"replies":[{"embeddable":true,"href":"https:\/\/diariodominicano.com\/index.php?rest_route=%2Fwp%2Fv2%2Fcomments&post=637567"}],"version-history":[{"count":4,"href":"https:\/\/diariodominicano.com\/index.php?rest_route=\/wp\/v2\/posts\/637567\/revisions"}],"predecessor-version":[{"id":637572,"href":"https:\/\/diariodominicano.com\/index.php?rest_route=\/wp\/v2\/posts\/637567\/revisions\/637572"}],"wp:featuredmedia":[{"embeddable":true,"href":"https:\/\/diariodominicano.com\/index.php?rest_route=\/wp\/v2\/media\/637568"}],"wp:attachment":[{"href":"https:\/\/diariodominicano.com\/index.php?rest_route=%2Fwp%2Fv2%2Fmedia&parent=637567"}],"wp:term":[{"taxonomy":"category","embeddable":true,"href":"https:\/\/diariodominicano.com\/index.php?rest_route=%2Fwp%2Fv2%2Fcategories&post=637567"},{"taxonomy":"post_tag","embeddable":true,"href":"https:\/\/diariodominicano.com\/index.php?rest_route=%2Fwp%2Fv2%2Ftags&post=637567"}],"curies":[{"name":"wp","href":"https:\/\/api.w.org\/{rel}","templated":true}]}}