{"id":637564,"date":"2025-09-11T02:52:42","date_gmt":"2025-09-11T06:52:42","guid":{"rendered":"https:\/\/diariodominicano.com\/?p=637564"},"modified":"2025-09-11T02:52:53","modified_gmt":"2025-09-11T06:52:53","slug":"presidente-abinader-afirma-nueva-ley-de-contrataciones-publicas-concibe-la-compra-publica-como-una-politica-sostenible-de-desarrollo-economico-al-permitir-que-los-recursos-del-estado-lleguen-a-do","status":"publish","type":"post","link":"https:\/\/diariodominicano.com\/?p=637564","title":{"rendered":"Presidente Abinader afirma nueva Ley de Contrataciones P\u00fablicas concibe la compra p\u00fablica como una pol\u00edtica sostenible de desarrollo econ\u00f3mico al permitir que\u00a0los recursos del Estado lleguen a donde m\u00e1s se necesitan"},"content":{"rendered":"\n<p>\u00a0Califica  nueva Ley de Contrataciones P\u00fablicas como una herramienta que transforma las compras estatales y permite que los recursos p\u00fablicos lleguen a los m\u00e1s necesitados<\/p>\n\n\n\n<h3 class=\"wp-block-heading\">Destac\u00f3 que la  Ley 47-25 introduce mayores controles y sanciones m\u00e1s estrictas; hace que los procesos sean m\u00e1s confiables, transparentes y eficientes.<\/h3>\n\n\n\n<p>10 de Septiembre 2025 | 19:46<\/p>\n\n\n\n<p>Santo Domingo, RD.- El presidente Luis Abinader afirm\u00f3 el mi\u00e9rcoles que la\u00a0<strong>nueva Ley 47-25 de Contrataciones P\u00fablicas<\/strong>, adem\u00e1s de introducir\u00a0<strong>mayores controles<\/strong>\u00a0y un\u00a0<strong>r\u00e9gimen sancionador m\u00e1s estricto<\/strong>, concibe la compra p\u00fablica como una pol\u00edtica sostenible de desarrollo econ\u00f3mico al permitir que\u00a0<strong>los recursos del Estado lleguen a donde m\u00e1s se necesitan\u00a0<\/strong>mediante\u00a0<strong>procesos transparentes, eficientes e inclusivos<\/strong>.<\/p>\n\n\n\n<p><em>\u201cDe la manera en que compramos como Estado depende en gran medida la calidad de los servicios que ofrecemos, la confianza de la ciudadan\u00eda en sus instituciones y la capacidad de generar bienestar para la gente\u201d<\/em>, se\u00f1al\u00f3 el jefe de Estado.<\/p>\n\n\n\n<p>Al encabezar la inauguraci\u00f3n del&nbsp;<strong>primer Foro de Contrataciones P\u00fablicas&nbsp;<\/strong>bajo el lema \u201c<strong>Transformando la compra p\u00fablica en bienestar para la gente\u201d<\/strong>, destac\u00f3 que esta nueva ley privilegia la participaci\u00f3n de&nbsp;<strong>mipymes, mipymes mujeres y sectores tradicionalmente excluidos<\/strong>, adem\u00e1s se manda a crear requisitos simplificados para el&nbsp;<strong>Registro de Proveedores del Estado<\/strong>, a los fines de promover la participaci\u00f3n local.<\/p>\n\n\n\n<figure class=\"wp-block-image\"><img decoding=\"async\" src=\"https:\/\/presidencia.gob.do\/sites\/default\/files\/inline-images\/1000728630.jpg\" alt=\"\"\/><\/figure>\n\n\n\n<p>Todo esto permite dinamizar la econom\u00eda, generar empleos e incentivar la innovaci\u00f3n.<\/p>\n\n\n\n<p>Por eso, dijo, su gesti\u00f3n ha respaldado la&nbsp;<strong>agenda de modernizaci\u00f3n y transformaci\u00f3n<\/strong>&nbsp;de la Direcci\u00f3n General de Contrataciones P\u00fablicas.<\/p>\n\n\n\n<p><strong>Ley 47-25<\/strong><\/p>\n\n\n\n<p>Al ampliar los detalles de la nueva ley, el presidente Abinader indic\u00f3 que se establece la&nbsp;<strong>plataforma digital como \u00fanico canal v\u00e1lido<\/strong>&nbsp;para gestionar procesos de compras y se incorporan modalidades como la subasta inversa electr\u00f3nica, los acuerdos marco, la licitaci\u00f3n abreviada y el sorteo de obras menores, que permitir\u00e1n dar&nbsp;<strong>respuestas m\u00e1s \u00e1giles ante diversas necesidades.<\/strong><\/p>\n\n\n\n<p>Asimismo, se fortalece la&nbsp;<strong>trazabilidad<\/strong>, se reduce la discrecionalidad y se facilita la&nbsp;<strong>fiscalizaci\u00f3n en tiempo real<\/strong>, haciendo m\u00e1s eficientes y confiables las compras estatales.<\/p>\n\n\n\n<p><strong>Fortalecimiento de marcos normativos e incorporaci\u00f3n de tecnolog\u00edas<\/strong><\/p>\n\n\n\n<p>Mientras, el director general de Contrataciones P\u00fablicas,&nbsp;<strong>Carlos Pimentel<\/strong>, afirm\u00f3 que durante la gesti\u00f3n del presidente Abinader se han fortalecido los&nbsp;<strong>marcos normativos<\/strong>, la incorporaci\u00f3n de la&nbsp;<strong>tecnolog\u00eda<\/strong>&nbsp;y la participaci\u00f3n de&nbsp;<strong>mipymes y mujeres emprendedoras.<\/strong><\/p>\n\n\n\n<p><em>\u201cHoy iniciamos este foro con la convicci\u00f3n de que las compras p\u00fablicas no son un fin en s\u00ed mismas, sino un medio para construir un pa\u00eds m\u00e1s justo y pr\u00f3spero\u201d.<\/em><\/p>\n\n\n\n<p><strong>Sobre el foro<\/strong><\/p>\n\n\n\n<p>El mismo es organizado por el Centro de Estudios e Investigaciones en Contrataciones P\u00fablicas&nbsp;<strong>(CEICP)<\/strong>&nbsp;y participan representantes de organismos internacionales, acad\u00e9micos, encargados de unidades de compra de las instituciones del Estado y gobiernos locales, y organizaciones de la sociedad civil.<\/p>\n\n\n\n<figure class=\"wp-block-image\"><img decoding=\"async\" src=\"https:\/\/presidencia.gob.do\/sites\/default\/files\/inline-images\/1000728636.jpg\" alt=\"\"\/><\/figure>\n\n\n\n<p>Se trata de un espacio clave para difundir e implementar los&nbsp;<strong>enfoques normativos y metodol\u00f3gicos<\/strong>&nbsp;introducidos por la nueva Ley 47-25 de Contrataciones P\u00fablicas, y promover&nbsp;<strong>pr\u00e1cticas innovadoras y sostenibles<\/strong>&nbsp;que permitan optimizar los procesos de compras p\u00fablicas.<\/p>\n\n\n\n<p>Entre los temas abordados est\u00e1n: la gesti\u00f3n de la innovaci\u00f3n en la contrataci\u00f3n p\u00fablica, las contrataciones p\u00fablicas en una econom\u00eda de triple impacto, compras verdes y contrataci\u00f3n p\u00fablica inclusiva, as\u00ed como el rol de las mipymes y su contribuci\u00f3n al desarrollo nacional.<\/p>\n","protected":false},"excerpt":{"rendered":"<p>\u00a0Califica nueva Ley de Contrataciones P\u00fablicas como una herramienta que transforma las compras estatales y permite que los recursos p\u00fablicos lleguen a los m\u00e1s necesitados Destac\u00f3 que la Ley 47-25 introduce mayores controles y sanciones m\u00e1s estrictas; hace que los procesos sean m\u00e1s confiables, transparentes y eficientes. 10 de Septiembre 2025 | 19:46 Santo Domingo, [&hellip;]<\/p>\n","protected":false},"author":2,"featured_media":637565,"comment_status":"closed","ping_status":"closed","sticky":false,"template":"","format":"standard","meta":{"footnotes":""},"categories":[20,18,27],"tags":[],"class_list":["post-637564","post","type-post","status-publish","format-standard","has-post-thumbnail","hentry","category-dominicana-hoy","category-economia","category-portada"],"_links":{"self":[{"href":"https:\/\/diariodominicano.com\/index.php?rest_route=\/wp\/v2\/posts\/637564","targetHints":{"allow":["GET"]}}],"collection":[{"href":"https:\/\/diariodominicano.com\/index.php?rest_route=\/wp\/v2\/posts"}],"about":[{"href":"https:\/\/diariodominicano.com\/index.php?rest_route=\/wp\/v2\/types\/post"}],"author":[{"embeddable":true,"href":"https:\/\/diariodominicano.com\/index.php?rest_route=\/wp\/v2\/users\/2"}],"replies":[{"embeddable":true,"href":"https:\/\/diariodominicano.com\/index.php?rest_route=%2Fwp%2Fv2%2Fcomments&post=637564"}],"version-history":[{"count":1,"href":"https:\/\/diariodominicano.com\/index.php?rest_route=\/wp\/v2\/posts\/637564\/revisions"}],"predecessor-version":[{"id":637566,"href":"https:\/\/diariodominicano.com\/index.php?rest_route=\/wp\/v2\/posts\/637564\/revisions\/637566"}],"wp:featuredmedia":[{"embeddable":true,"href":"https:\/\/diariodominicano.com\/index.php?rest_route=\/wp\/v2\/media\/637565"}],"wp:attachment":[{"href":"https:\/\/diariodominicano.com\/index.php?rest_route=%2Fwp%2Fv2%2Fmedia&parent=637564"}],"wp:term":[{"taxonomy":"category","embeddable":true,"href":"https:\/\/diariodominicano.com\/index.php?rest_route=%2Fwp%2Fv2%2Fcategories&post=637564"},{"taxonomy":"post_tag","embeddable":true,"href":"https:\/\/diariodominicano.com\/index.php?rest_route=%2Fwp%2Fv2%2Ftags&post=637564"}],"curies":[{"name":"wp","href":"https:\/\/api.w.org\/{rel}","templated":true}]}}