{"id":637495,"date":"2025-09-11T00:56:06","date_gmt":"2025-09-11T04:56:06","guid":{"rendered":"https:\/\/diariodominicano.com\/?p=637495"},"modified":"2025-09-11T00:56:09","modified_gmt":"2025-09-11T04:56:09","slug":"isabel-allende-y-su-ultima-novela-a-feria-del-libro-de-montevideo","status":"publish","type":"post","link":"https:\/\/diariodominicano.com\/?p=637495","title":{"rendered":"Isabel Allende y su \u00faltima novela a Feria del Libro de Montevideo"},"content":{"rendered":"\n<p>Montevideo, 11 sep (Prensa Latina) La Feria Internacional del Libro de Montevideo comienza a ser noticia aqu\u00ed hoy, al anunciarse que la escritora chilena Isabel Allende se presentar\u00e1 en la m\u00e1xima cita literaria uruguaya.<\/p>\n\n\n\n<ul class=\"wp-block-list\">\n<li><a href=\"https:\/\/www.prensa-latina.cu\/2025\/09\/11\/\"><time>septiembre 11, 2025 | 00:24<\/time><\/a><\/li>\n<\/ul>\n\n\n\n<ul class=\"wp-block-list\">\n<li><a href=\"https:\/\/www.prensa-latina.cu\/2025\/09\/11\/isabel-allende-y-su-ultima-novela-a-feria-del-libro-de-montevideo\/#\"><\/a><\/li>\n\n\n\n<li><a href=\"https:\/\/www.prensa-latina.cu\/2025\/09\/11\/isabel-allende-y-su-ultima-novela-a-feria-del-libro-de-montevideo\/#\"><\/a><\/li>\n\n\n\n<li><a href=\"https:\/\/www.prensa-latina.cu\/2025\/09\/11\/isabel-allende-y-su-ultima-novela-a-feria-del-libro-de-montevideo\/#\"><\/a><\/li>\n\n\n\n<li><a href=\"https:\/\/www.prensa-latina.cu\/2025\/09\/11\/isabel-allende-y-su-ultima-novela-a-feria-del-libro-de-montevideo\/#\"><\/a><\/li>\n<\/ul>\n\n\n\n<p>La feria expondr\u00e1 obras y servir\u00e1 de tribuna de importantes autores, entre ellos la autora de \u201cLa casa de los esp\u00edritus\u201d, entre otros t\u00edtulos que son emblem\u00e1ticos de la literatura latinoamericana.<\/p>\n\n\n\n<p>Allende vuelve a Montevideo a 10 a\u00f1os de su \u00faltima visita. Ahora protagonizar\u00e1 un encuentro en el emblem\u00e1tico Teatro Sol\u00eds, donde sostendr\u00e1 una charla con la senadora y profesora de literatura Blanca Rodr\u00edguez.<\/p>\n\n\n\n<p>Ambas conversar\u00e1n sobre la \u00faltima entrega de la chilena, con t\u00edtulo \u201cMi nombre es Emilia del Valle\u201d.<\/p>\n\n\n\n<p>La reuni\u00f3n marcar\u00e1 la apertura de la feria, que como es usual sesionar\u00e1 desde una gran carpa instalada en la explanada de la Intendencia de Montevideo y en el atrio del Palacio Municipal.<\/p>\n\n\n\n<p>Adem\u00e1s estar\u00e1n en esta capital la escritora y periodista Rosa Montero, Premio Nacional de las Letras Espa\u00f1olas; la ecuatoriana Mar\u00eda Fernanda Ampuero, los argentinos Luciano Lamberti, Federico Falco, C\u00e9sar Gonz\u00e1les, Pablo Ramos y Claudia Pi\u00f1eiro, y la chilena Cynthia Rimsky, entre otros autores.<\/p>\n\n\n\n<p>idm\/ool<\/p>\n\n\n\n<ul class=\"wp-block-list\">\n<li>#<a href=\"https:\/\/www.prensa-latina.cu\/etiqueta\/feria\/\">feria<\/a>\u00a0#<a href=\"https:\/\/www.prensa-latina.cu\/etiqueta\/libro\/\">libro<\/a>\u00a0#<a href=\"https:\/\/www.prensa-latina.cu\/etiqueta\/uruguay\/\">uruguay<\/a><\/li>\n<\/ul>\n","protected":false},"excerpt":{"rendered":"<p>Montevideo, 11 sep (Prensa Latina) La Feria Internacional del Libro de Montevideo comienza a ser noticia aqu\u00ed hoy, al anunciarse que la escritora chilena Isabel Allende se presentar\u00e1 en la m\u00e1xima cita literaria uruguaya. La feria expondr\u00e1 obras y servir\u00e1 de tribuna de importantes autores, entre ellos la autora de \u201cLa casa de los esp\u00edritus\u201d, [&hellip;]<\/p>\n","protected":false},"author":2,"featured_media":331600,"comment_status":"closed","ping_status":"closed","sticky":false,"template":"","format":"standard","meta":{"footnotes":""},"categories":[21,36],"tags":[],"class_list":["post-637495","post","type-post","status-publish","format-standard","has-post-thumbnail","hentry","category-cultura","category-hombresmujeresycosas"],"_links":{"self":[{"href":"https:\/\/diariodominicano.com\/index.php?rest_route=\/wp\/v2\/posts\/637495","targetHints":{"allow":["GET"]}}],"collection":[{"href":"https:\/\/diariodominicano.com\/index.php?rest_route=\/wp\/v2\/posts"}],"about":[{"href":"https:\/\/diariodominicano.com\/index.php?rest_route=\/wp\/v2\/types\/post"}],"author":[{"embeddable":true,"href":"https:\/\/diariodominicano.com\/index.php?rest_route=\/wp\/v2\/users\/2"}],"replies":[{"embeddable":true,"href":"https:\/\/diariodominicano.com\/index.php?rest_route=%2Fwp%2Fv2%2Fcomments&post=637495"}],"version-history":[{"count":1,"href":"https:\/\/diariodominicano.com\/index.php?rest_route=\/wp\/v2\/posts\/637495\/revisions"}],"predecessor-version":[{"id":637496,"href":"https:\/\/diariodominicano.com\/index.php?rest_route=\/wp\/v2\/posts\/637495\/revisions\/637496"}],"wp:featuredmedia":[{"embeddable":true,"href":"https:\/\/diariodominicano.com\/index.php?rest_route=\/wp\/v2\/media\/331600"}],"wp:attachment":[{"href":"https:\/\/diariodominicano.com\/index.php?rest_route=%2Fwp%2Fv2%2Fmedia&parent=637495"}],"wp:term":[{"taxonomy":"category","embeddable":true,"href":"https:\/\/diariodominicano.com\/index.php?rest_route=%2Fwp%2Fv2%2Fcategories&post=637495"},{"taxonomy":"post_tag","embeddable":true,"href":"https:\/\/diariodominicano.com\/index.php?rest_route=%2Fwp%2Fv2%2Ftags&post=637495"}],"curies":[{"name":"wp","href":"https:\/\/api.w.org\/{rel}","templated":true}]}}