{"id":637460,"date":"2025-09-10T17:07:32","date_gmt":"2025-09-10T21:07:32","guid":{"rendered":"https:\/\/diariodominicano.com\/?p=637460"},"modified":"2025-09-11T00:48:45","modified_gmt":"2025-09-11T04:48:45","slug":"anuncian-clasificatorio-de-voleibol-de-playa-norceca-2025-2","status":"publish","type":"post","link":"https:\/\/diariodominicano.com\/?p=637460","title":{"rendered":"Brasil en vilo: magistrado del Supremo intenta salvar a Bolsonaro"},"content":{"rendered":"\n<p>Brasilia, 10 sep (Prensa Latina) El juez Luiz Fux sorprendi\u00f3 hoy al votar en la primera sala de la Corte Suprema de Brasil por la anulaci\u00f3n del juicio contra el expresidente Jair Bolsonaro y siete de sus aliados, acusados de tentativa golpista.<\/p>\n\n\n\n<ul class=\"wp-block-list\">\n<li><a href=\"https:\/\/www.prensa-latina.cu\/2025\/09\/10\/\"><time>septiembre 10, 2025 | 18:31<\/time><\/a><\/li>\n<\/ul>\n\n\n\n<ul class=\"wp-block-list\">\n<li><a href=\"https:\/\/www.prensa-latina.cu\/2025\/09\/10\/brasil-en-vilo-magistrado-del-supremo-intenta-salvar-a-bolsonaro\/#\"><\/a><\/li>\n\n\n\n<li><a href=\"https:\/\/www.prensa-latina.cu\/2025\/09\/10\/brasil-en-vilo-magistrado-del-supremo-intenta-salvar-a-bolsonaro\/#\"><\/a><\/li>\n\n\n\n<li><a href=\"https:\/\/www.prensa-latina.cu\/2025\/09\/10\/brasil-en-vilo-magistrado-del-supremo-intenta-salvar-a-bolsonaro\/#\"><\/a><\/li>\n\n\n\n<li><a href=\"https:\/\/www.prensa-latina.cu\/2025\/09\/10\/brasil-en-vilo-magistrado-del-supremo-intenta-salvar-a-bolsonaro\/#\"><\/a><\/li>\n<\/ul>\n\n\n\n<p>El magistrado aleg\u00f3 que el caso no deb\u00eda ser juzgado en el Supremo Tribunal Federal (STF), sino en la primera instancia judicial.<\/p>\n\n\n\n<p>Adem\u00e1s, propuso que, de mantenerse en la corte, el proceso sea evaluado por el pleno y no por una sala. Con esta postura, el marcador parcial qued\u00f3 dos a uno a favor de la condena de cinco pareces posibles.<\/p>\n\n\n\n<p>Los magistrados Alexandre de Moraes y Fl\u00e1vio Dino votaron por responsabilizar a Bolsonaro, mientras Fux abri\u00f3 espacio para cuestionamientos jur\u00eddicos sobre la competencia.<\/p>\n\n\n\n<p>Se espera que ma\u00f1ana se pronuncien los jueces C\u00e1rmen L\u00facia Antunes y Cristiano Zanin, este \u00faltimo presidente de la primera sala. Ambos votos ser\u00e1n decisivos para definir si el exgobernante (2019-2022) ser\u00e1 condenado o si prosperar\u00e1n maniobras dilatorias de la defensa.<\/p>\n\n\n\n<p>La reacci\u00f3n al voto de Fux fue inmediata. Seg\u00fan el columnista Jamil Chade, del portal UOL, asesores del presidente estadounidense, Donald Trump, celebraron la posici\u00f3n y afirmaron que el juez brasile\u00f1o \u00absuper\u00f3 las expectativas\u00bb, al ofrecer argumentos que pueden favorecer a Bolsonaro en futuras apelaciones.<\/p>\n\n\n\n<p>En Brasil, sin embargo, la cr\u00edtica predomin\u00f3. El periodista Reinaldo Azevedo calific\u00f3 el voto de vergonzoso, mientras el analista Eduardo Scolese coment\u00f3 que la decisi\u00f3n crea un vac\u00edo legal que podr\u00eda derivar en la nulidad del juicio en el futuro.<\/p>\n\n\n\n<p>Otros especialistas fueron m\u00e1s duros. Leonardo Sakamoto sostuvo que Fux busca preservar v\u00ednculos internacionales y colocarse en una posici\u00f3n pol\u00edtica favorable de cara a las elecciones de 2026, en caso de que un aliado de Bolsonaro conquiste la presidencia.<\/p>\n\n\n\n<p>La columnista Daniela Lima afirm\u00f3 que el voto abre camino para apelaciones en tribunales internacionales y podr\u00eda generar sanciones contra autoridades brasile\u00f1as. Para ella, Fux est\u00e1 aislado en el juzgado superior, pero act\u00faa de manera estrat\u00e9gica.<\/p>\n\n\n\n<p>El malestar alcanz\u00f3 incluso a colegas del STF. Seg\u00fan la reputada comunicadora Carla Ara\u00fajo, un ministro de la corte consider\u00f3 el voto muy disparatado y asegur\u00f3 que solo ofreci\u00f3 munici\u00f3n a los partidarios de Bolsonaro, en un momento decisivo.<\/p>\n\n\n\n<p>La votaci\u00f3n de ma\u00f1ana ser\u00e1 crucial. Si Antunes y Zanin confirman la condena, Bolsonaro y siete aliados quedar\u00e1n responsabilizados por complot golpista tras las justas comiciales de 2022. La disidencia de Fux, aunque pol\u00e9mica, no revertir\u00eda el resultado final.<\/p>\n\n\n\n<p>ga\/ocs<\/p>\n\n\n\n<ul class=\"wp-block-list\">\n<li>#<a href=\"https:\/\/www.prensa-latina.cu\/etiqueta\/anular\/\">anular<\/a>\u00a0#<a href=\"https:\/\/www.prensa-latina.cu\/etiqueta\/bolsonaro\/\">bolsonaro<\/a>\u00a0#<a href=\"https:\/\/www.prensa-latina.cu\/etiqueta\/brasil\/\">brasil<\/a>\u00a0#<a href=\"https:\/\/www.prensa-latina.cu\/etiqueta\/democracia\/\">democracia<\/a>\u00a0#<a href=\"https:\/\/www.prensa-latina.cu\/etiqueta\/juez\/\">juez<\/a>\u00a0#<a href=\"https:\/\/www.prensa-latina.cu\/etiqueta\/juicio\/\">juicio<\/a>\u00a0#<a href=\"https:\/\/www.prensa-latina.cu\/etiqueta\/pide\/\">pide<\/a>\u00a0#<a href=\"https:\/\/www.prensa-latina.cu\/etiqueta\/sorpresa\/\">sorpresa<\/a>\u00a0#<a href=\"https:\/\/www.prensa-latina.cu\/etiqueta\/supremo\/\">supremo<\/a>\u00a0#<a href=\"https:\/\/www.prensa-latina.cu\/etiqueta\/tentativagolpista\/\">tentativagolpista<\/a><\/li>\n<\/ul>\n\n\n\n<p><\/p>\n","protected":false},"excerpt":{"rendered":"<p>Brasilia, 10 sep (Prensa Latina) El juez Luiz Fux sorprendi\u00f3 hoy al votar en la primera sala de la Corte Suprema de Brasil por la anulaci\u00f3n del juicio contra el expresidente Jair Bolsonaro y siete de sus aliados, acusados de tentativa golpista. El magistrado aleg\u00f3 que el caso no deb\u00eda ser juzgado en el Supremo [&hellip;]<\/p>\n","protected":false},"author":7,"featured_media":637490,"comment_status":"closed","ping_status":"closed","sticky":false,"template":"","format":"standard","meta":{"footnotes":""},"categories":[23,24],"tags":[334],"class_list":["post-637460","post","type-post","status-publish","format-standard","has-post-thumbnail","hentry","category-internacional","category-justicia-y-derecho","tag-voleibol-playa-norceca"],"_links":{"self":[{"href":"https:\/\/diariodominicano.com\/index.php?rest_route=\/wp\/v2\/posts\/637460","targetHints":{"allow":["GET"]}}],"collection":[{"href":"https:\/\/diariodominicano.com\/index.php?rest_route=\/wp\/v2\/posts"}],"about":[{"href":"https:\/\/diariodominicano.com\/index.php?rest_route=\/wp\/v2\/types\/post"}],"author":[{"embeddable":true,"href":"https:\/\/diariodominicano.com\/index.php?rest_route=\/wp\/v2\/users\/7"}],"replies":[{"embeddable":true,"href":"https:\/\/diariodominicano.com\/index.php?rest_route=%2Fwp%2Fv2%2Fcomments&post=637460"}],"version-history":[{"count":2,"href":"https:\/\/diariodominicano.com\/index.php?rest_route=\/wp\/v2\/posts\/637460\/revisions"}],"predecessor-version":[{"id":637491,"href":"https:\/\/diariodominicano.com\/index.php?rest_route=\/wp\/v2\/posts\/637460\/revisions\/637491"}],"wp:featuredmedia":[{"embeddable":true,"href":"https:\/\/diariodominicano.com\/index.php?rest_route=\/wp\/v2\/media\/637490"}],"wp:attachment":[{"href":"https:\/\/diariodominicano.com\/index.php?rest_route=%2Fwp%2Fv2%2Fmedia&parent=637460"}],"wp:term":[{"taxonomy":"category","embeddable":true,"href":"https:\/\/diariodominicano.com\/index.php?rest_route=%2Fwp%2Fv2%2Fcategories&post=637460"},{"taxonomy":"post_tag","embeddable":true,"href":"https:\/\/diariodominicano.com\/index.php?rest_route=%2Fwp%2Fv2%2Ftags&post=637460"}],"curies":[{"name":"wp","href":"https:\/\/api.w.org\/{rel}","templated":true}]}}