{"id":637459,"date":"2025-09-10T16:32:01","date_gmt":"2025-09-10T20:32:01","guid":{"rendered":"https:\/\/diariodominicano.com\/?p=637459"},"modified":"2025-09-10T16:32:11","modified_gmt":"2025-09-10T20:32:11","slug":"bandex-da-la-bienvenida-a-su-nuevo-gerente-general-catalino-correa-hiciano","status":"publish","type":"post","link":"https:\/\/diariodominicano.com\/?p=637459","title":{"rendered":"BANDEX da la bienvenida a su nuevo Gerente General, Catalino Correa Hiciano"},"content":{"rendered":"\n<p><strong>Santo Domingo, RD. \u2013<\/strong>&nbsp;El ministro de Hacienda y Econom\u00eda, Mag\u00edn D\u00edaz, jurament\u00f3 este lunes 8 de septiembre a Catalino Correa Hiciano como nuevo Gerente General del Banco de Desarrollo y Exportaciones (BANDEX), durante un acto oficial celebrado en la sede de la entidad. La ceremonia reafirm\u00f3 la convicci\u00f3n del Gobierno de impulsar el fortalecimiento institucional y consolidar una banca de desarrollo enfocada en apoyar proyectos estrat\u00e9gicos e inclusivos en beneficio del pa\u00eds.<\/p>\n\n\n\n<p>La designaci\u00f3n de Correa Hiciano se oficializ\u00f3 mediante el Decreto n\u00fam. 498-25, emitido por el presidente Luis Abinader, que le confiere la responsabilidad de dirigir y representar a BANDEX como banca de desarrollo del Estado. Con esta decisi\u00f3n, la instituci\u00f3n reafirma su papel en el financiamiento de iniciativas sostenibles y de gran impacto social y econ\u00f3mico para la Rep\u00fablica Dominicana.<\/p>\n\n\n\n<figure class=\"wp-block-image size-large\"><img loading=\"lazy\" decoding=\"async\" width=\"1024\" height=\"684\" src=\"https:\/\/diariodominicano.com\/wp-content\/uploads\/2025\/09\/Ministro-de-Hacienda-y-Economia-Magin-Diaz-y-el-Gerente-General-de-Bandex-Catalino-Correa-Hicianoy-e-01-1024x684.jpg\" alt=\"\" class=\"wp-image-637481\" srcset=\"https:\/\/diariodominicano.com\/wp-content\/uploads\/2025\/09\/Ministro-de-Hacienda-y-Economia-Magin-Diaz-y-el-Gerente-General-de-Bandex-Catalino-Correa-Hicianoy-e-01-1024x684.jpg 1024w, https:\/\/diariodominicano.com\/wp-content\/uploads\/2025\/09\/Ministro-de-Hacienda-y-Economia-Magin-Diaz-y-el-Gerente-General-de-Bandex-Catalino-Correa-Hicianoy-e-01-300x200.jpg 300w, https:\/\/diariodominicano.com\/wp-content\/uploads\/2025\/09\/Ministro-de-Hacienda-y-Economia-Magin-Diaz-y-el-Gerente-General-de-Bandex-Catalino-Correa-Hicianoy-e-01-768x513.jpg 768w, https:\/\/diariodominicano.com\/wp-content\/uploads\/2025\/09\/Ministro-de-Hacienda-y-Economia-Magin-Diaz-y-el-Gerente-General-de-Bandex-Catalino-Correa-Hicianoy-e-01-816x545.jpg 816w, https:\/\/diariodominicano.com\/wp-content\/uploads\/2025\/09\/Ministro-de-Hacienda-y-Economia-Magin-Diaz-y-el-Gerente-General-de-Bandex-Catalino-Correa-Hicianoy-e-01.jpg 1122w\" sizes=\"auto, (max-width: 1024px) 100vw, 1024px\" \/><figcaption class=\"wp-element-caption\">Ministro de Hacienda y Econom\u00eda, Mag\u00edn D\u00edaz y el Gerente General de Bandex Catalino Correa Hicianoy e 01 <\/figcaption><\/figure>\n\n\n\n<p>Catalino Correa Hiciano es contador p\u00fablico autorizado y posee una reconocida formaci\u00f3n acad\u00e9mica. Es egresado de la Universidad Organizaci\u00f3n y M\u00e9todo (O&amp;M), con maestr\u00edas en Contabilidad Tributaria por la Universidad Aut\u00f3noma de Santo Domingo (UASD) y en Administraci\u00f3n de Negocios (MBA) por la Pontificia Universidad Cat\u00f3lica Madre y Maestra (PUCMM). Asimismo, curs\u00f3 una especializaci\u00f3n en prevenci\u00f3n del fraude fiscal y blanqueo de capitales en la Universidad Castilla-La Mancha, Espa\u00f1a.<\/p>\n\n\n\n<p>En su trayectoria profesional ha ejercido funciones de gran importancia en el sector p\u00fablico, entre ellas Tesorero Nacional, Contralor General de la Rep\u00fablica Dominicana y Director General de la Administradora de Subsidios Sociales (ADESS), donde impuls\u00f3 una profunda transformaci\u00f3n tecnol\u00f3gica que moderniz\u00f3 la entrega de subsidios sociales, garantizando mayor seguridad y eficiencia. Su gesti\u00f3n ha recibido reconocimientos de diversos gremios empresariales y comerciales, destacando su vocaci\u00f3n por la transparencia, la \u00e9tica y la modernizaci\u00f3n administrativa.<\/p>\n\n\n\n<p>Al asumir sus funciones, Correa Hiciano expres\u00f3 su agradecimiento al presidente Luis Abinader por la confianza depositada en \u00e9l y reafirm\u00f3 su compromiso de liderar a BANDEX con entrega, transparencia y lealtad. Se\u00f1al\u00f3 que asume este reto con un profundo sentido de responsabilidad, consciente de la misi\u00f3n del banco como motor del desarrollo productivo y exportador del pa\u00eds, con especial \u00e9nfasis en el fortalecimiento de las MIPYMES y los sectores estrat\u00e9gicos de la econom\u00eda nacional.<\/p>\n\n\n\n<p>La incorporaci\u00f3n de Correa Hiciano a la Gerencia General de BANDEX marca el inicio de una nueva etapa destinada a consolidar al banco como una entidad s\u00f3lida, innovadora y alineada a los objetivos de desarrollo nacional, contribuyendo al dinamismo productivo y al impulso de proyectos de alto impacto social y econ\u00f3mico en la Rep\u00fablica Dominicana.<\/p>\n\n\n\n<p>Lujan Eduardo Acevedo S\u00e1nchez <a href=\"mailto:lacevedo@bandex.com.do\">lacevedo@bandex.com.do<\/a><\/p>\n","protected":false},"excerpt":{"rendered":"<p>Santo Domingo, RD. \u2013&nbsp;El ministro de Hacienda y Econom\u00eda, Mag\u00edn D\u00edaz, jurament\u00f3 este lunes 8 de septiembre a Catalino Correa Hiciano como nuevo Gerente General del Banco de Desarrollo y Exportaciones (BANDEX), durante un acto oficial celebrado en la sede de la entidad. La ceremonia reafirm\u00f3 la convicci\u00f3n del Gobierno de impulsar el fortalecimiento institucional [&hellip;]<\/p>\n","protected":false},"author":7,"featured_media":637480,"comment_status":"closed","ping_status":"open","sticky":false,"template":"","format":"standard","meta":{"footnotes":""},"categories":[18],"tags":[3072],"class_list":["post-637459","post","type-post","status-publish","format-standard","has-post-thumbnail","hentry","category-economia","tag-bandex"],"_links":{"self":[{"href":"https:\/\/diariodominicano.com\/index.php?rest_route=\/wp\/v2\/posts\/637459","targetHints":{"allow":["GET"]}}],"collection":[{"href":"https:\/\/diariodominicano.com\/index.php?rest_route=\/wp\/v2\/posts"}],"about":[{"href":"https:\/\/diariodominicano.com\/index.php?rest_route=\/wp\/v2\/types\/post"}],"author":[{"embeddable":true,"href":"https:\/\/diariodominicano.com\/index.php?rest_route=\/wp\/v2\/users\/7"}],"replies":[{"embeddable":true,"href":"https:\/\/diariodominicano.com\/index.php?rest_route=%2Fwp%2Fv2%2Fcomments&post=637459"}],"version-history":[{"count":1,"href":"https:\/\/diariodominicano.com\/index.php?rest_route=\/wp\/v2\/posts\/637459\/revisions"}],"predecessor-version":[{"id":637482,"href":"https:\/\/diariodominicano.com\/index.php?rest_route=\/wp\/v2\/posts\/637459\/revisions\/637482"}],"wp:featuredmedia":[{"embeddable":true,"href":"https:\/\/diariodominicano.com\/index.php?rest_route=\/wp\/v2\/media\/637480"}],"wp:attachment":[{"href":"https:\/\/diariodominicano.com\/index.php?rest_route=%2Fwp%2Fv2%2Fmedia&parent=637459"}],"wp:term":[{"taxonomy":"category","embeddable":true,"href":"https:\/\/diariodominicano.com\/index.php?rest_route=%2Fwp%2Fv2%2Fcategories&post=637459"},{"taxonomy":"post_tag","embeddable":true,"href":"https:\/\/diariodominicano.com\/index.php?rest_route=%2Fwp%2Fv2%2Ftags&post=637459"}],"curies":[{"name":"wp","href":"https:\/\/api.w.org\/{rel}","templated":true}]}}