{"id":637442,"date":"2025-09-10T14:38:33","date_gmt":"2025-09-10T18:38:33","guid":{"rendered":"https:\/\/diariodominicano.com\/?p=637442"},"modified":"2025-09-11T00:52:40","modified_gmt":"2025-09-11T04:52:40","slug":"inabie-incorpora-atencion-psicologica-para-estudiantes-con-condiciones-fisicas-atendidas-por-sus-programas-de-salud","status":"publish","type":"post","link":"https:\/\/diariodominicano.com\/?p=637442","title":{"rendered":"INABIE anuncia  incorpora atenci\u00f3n psicol\u00f3gica para estudiantes con condiciones f\u00edsicas atendidas por sus programas de salud"},"content":{"rendered":"\n<p>Forma parte de los esfuerzos de la instituci\u00f3n para ofrecer a los estudiantes una atenci\u00f3n integral y oportuna<\/p>\n\n\n\n<p>Santo Domingo. &#8211; El Instituto Nacional de Bienestar Estudiantil (INABIE) anunci\u00f3 que incorpor\u00f3 a sus programas el servicio de Salud Psicol\u00f3gica, dirigido a ni\u00f1os, ni\u00f1as y adolescentes del sistema educativo p\u00fablico dominicano que presentan afectaciones emocionales asociadas a condiciones de salud visual, auditiva, bucal, nutricional o epidemiol\u00f3gica, diagnosticadas previamente.<\/p>\n\n\n\n<p>Al hacer el anuncio, el director ejecutivo de INABIE, Adolfo P\u00e9rez, dijo que este programa forma parte de los esfuerzos del INABIE para ofrecer una atenci\u00f3n integral y oportuna, y prevenir el desarrollo de trastornos psicol\u00f3gicos como ansiedad, depresi\u00f3n, baja autoestima o aislamiento social en la poblaci\u00f3n estudiantil.<\/p>\n\n\n\n<p>Especific\u00f3 que el servicio est\u00e1 dirigido a estudiantes del sistema p\u00fablico preuniversitario que reciben atenci\u00f3n en las divisiones de salud de esta instituci\u00f3n y que, como consecuencia de sus condiciones f\u00edsicas, pueden presentar dificultades emocionales.<\/p>\n\n\n\n<p>\u201cPor ejemplo, ni\u00f1os con estrabismo que sufren burlas, adolescentes con problemas auditivos que evitan la integraci\u00f3n escolar o estudiantes con condiciones dentales que afectan su autoestima\u201d, explic\u00f3.<\/p>\n\n\n\n<p>La doctora Ana Zabala, encargada del Departamento de Gesti\u00f3n de Salud Escolar de la Direcci\u00f3n de Salud y Nutrici\u00f3n de INABIE, dirigida por Luis Lizardo, detall\u00f3 que este programa, que busca fortalecer la salud emocional y el rendimiento acad\u00e9mico de los estudiantes, cuenta con atenci\u00f3n presencial individual y grupal e incluye servicios especializados, y brinda atenci\u00f3n psicol\u00f3gica especializada en<\/p>\n\n\n\n<p>\uf076 Terapia individual para estudiantes v\u00edctimas de bullying o discriminaci\u00f3n.<br>\uf076 Acompa\u00f1amiento emocional y orientaci\u00f3n para fortalecer la autoestima.<br>\uf076 Talleres psicoeducativos sobre prevenci\u00f3n del acoso escolar, manejo emocional y adaptaci\u00f3n escolar.<br>\uf076 Orientaci\u00f3n a padres, madres y tutores para garantizar un entorno de apoyo.<\/p>\n\n\n\n<p>Adem\u00e1s de los consultorios en la sede central del INABIE, el servicio tambi\u00e9n se ofrecer\u00e1 en escuelas seleccionadas durante jornadas integrales de salud.<\/p>\n\n\n\n<p>Esta iniciativa busca contribuir con la reducci\u00f3n del ausentismo y la deserci\u00f3n escolar y el fortalecimiento de la convivencia escolar.<\/p>\n\n\n\n<p>Los requisitos para optar por el servicio son<\/p>\n\n\n\n<p>\uf076 Tener al menos 10 a\u00f1os.<br>\uf076 Estar matriculado en una escuela p\u00fablica.<br>\uf076 Haber sido referido por alguna de las divisiones de salud del INABIE y,<br>\uf076 No presentar condiciones de salud especializada (como TEA).<\/p>\n\n\n\n<p>El proceso de cita debe ser gestionado por un adulto (docente, madre, padre o tutor), ya que se requiere consentimiento firmado para trabajar con el menor y se hace exclusivamente a trav\u00e9s de la plataforma web del INABIE (SISBIE) httpsinabie.gob.dohaz-tu-cita, donde se registran los referimientos y se agenda la atenci\u00f3n psicol\u00f3gica. Las consultas son ofrecidas de manera gratuita de lunes a viernes, en la sede de INABIE, situada en la avenida 27 de Febrero, n\u00famero 559, Manganagua, Distrito Nacional.<\/p>\n\n\n\n<p>Este nuevo servicio complementa el trabajo de las divisiones de salud de la entidad gubernamental, asegurando que los estudiantes no solo reciban tratamientos f\u00edsicos, sino tambi\u00e9n el apoyo emocional necesario para enfrentar sus condiciones con confianza y dignidad.<br>Para m\u00e1s informaci\u00f3n sobre c\u00f3mo acceder al servicio, visite www.inabie.gob.do<\/p>\n","protected":false},"excerpt":{"rendered":"<p>Forma parte de los esfuerzos de la instituci\u00f3n para ofrecer a los estudiantes una atenci\u00f3n integral y oportuna Santo Domingo. &#8211; El Instituto Nacional de Bienestar Estudiantil (INABIE) anunci\u00f3 que incorpor\u00f3 a sus programas el servicio de Salud Psicol\u00f3gica, dirigido a ni\u00f1os, ni\u00f1as y adolescentes del sistema educativo p\u00fablico dominicano que presentan afectaciones emocionales asociadas [&hellip;]<\/p>\n","protected":false},"author":7,"featured_media":637449,"comment_status":"closed","ping_status":"closed","sticky":false,"template":"","format":"standard","meta":{"footnotes":""},"categories":[20],"tags":[2544],"class_list":["post-637442","post","type-post","status-publish","format-standard","has-post-thumbnail","hentry","category-dominicana-hoy","tag-inabie"],"_links":{"self":[{"href":"https:\/\/diariodominicano.com\/index.php?rest_route=\/wp\/v2\/posts\/637442","targetHints":{"allow":["GET"]}}],"collection":[{"href":"https:\/\/diariodominicano.com\/index.php?rest_route=\/wp\/v2\/posts"}],"about":[{"href":"https:\/\/diariodominicano.com\/index.php?rest_route=\/wp\/v2\/types\/post"}],"author":[{"embeddable":true,"href":"https:\/\/diariodominicano.com\/index.php?rest_route=\/wp\/v2\/users\/7"}],"replies":[{"embeddable":true,"href":"https:\/\/diariodominicano.com\/index.php?rest_route=%2Fwp%2Fv2%2Fcomments&post=637442"}],"version-history":[{"count":3,"href":"https:\/\/diariodominicano.com\/index.php?rest_route=\/wp\/v2\/posts\/637442\/revisions"}],"predecessor-version":[{"id":637494,"href":"https:\/\/diariodominicano.com\/index.php?rest_route=\/wp\/v2\/posts\/637442\/revisions\/637494"}],"wp:featuredmedia":[{"embeddable":true,"href":"https:\/\/diariodominicano.com\/index.php?rest_route=\/wp\/v2\/media\/637449"}],"wp:attachment":[{"href":"https:\/\/diariodominicano.com\/index.php?rest_route=%2Fwp%2Fv2%2Fmedia&parent=637442"}],"wp:term":[{"taxonomy":"category","embeddable":true,"href":"https:\/\/diariodominicano.com\/index.php?rest_route=%2Fwp%2Fv2%2Fcategories&post=637442"},{"taxonomy":"post_tag","embeddable":true,"href":"https:\/\/diariodominicano.com\/index.php?rest_route=%2Fwp%2Fv2%2Ftags&post=637442"}],"curies":[{"name":"wp","href":"https:\/\/api.w.org\/{rel}","templated":true}]}}