{"id":637309,"date":"2025-09-10T03:20:55","date_gmt":"2025-09-10T07:20:55","guid":{"rendered":"https:\/\/diariodominicano.com\/?p=637309"},"modified":"2025-09-10T03:21:16","modified_gmt":"2025-09-10T07:21:16","slug":"gobierno-y-sector-privado-acuerdan-capacitar-y-crear-empleos-dignos-en-region-este-en-favor-del-turismo","status":"publish","type":"post","link":"https:\/\/diariodominicano.com\/?p=637309","title":{"rendered":"Gobierno y sector privado acuerdan capacitar y crear empleos dignos en regi\u00f3n Este en favor del turismo"},"content":{"rendered":"\n<h3 class=\"wp-block-heading\"><\/h3>\n\n\n\n<p>9 de Septiembre 2025 | 14:46<\/p>\n\n\n\n<figure class=\"wp-block-image\"><img decoding=\"async\" src=\"https:\/\/platform-cdn.sharethis.com\/img\/facebook.svg\" alt=\"facebook sharing button\"\/><\/figure>\n\n\n\n<figure class=\"wp-block-image\"><img decoding=\"async\" src=\"https:\/\/platform-cdn.sharethis.com\/img\/sharethis.svg\" alt=\"sharethis sharing button\"\/><\/figure>\n\n\n\n<p>Santo Domingo, RD.\u2013 Con el objetivo de transformar la\u00a0<strong>educaci\u00f3n superior<\/strong>\u00a0y potenciar las\u00a0<strong>oportunidades laborales en la regi\u00f3n Este<\/strong>\u00a0del pa\u00eds, el Ministerio de Educaci\u00f3n Superior, Ciencia y Tecnolog\u00eda\u00a0<strong>(Mescyt)<\/strong>\u00a0y el de\u00a0<strong>Trabajo<\/strong>, junto con la Universidad de La Romana\u00a0<strong>(Uniromana),<\/strong>\u00a0firmaron un convenio marco de\u00a0<strong>colaboraci\u00f3n institucional.<\/strong><\/p>\n\n\n\n<p>El acuerdo establece&nbsp;<strong>acciones conjuntas<\/strong>&nbsp;para la&nbsp;<strong>profesionalizaci\u00f3n<\/strong>&nbsp;de los habitantes de la zona mediante&nbsp;<strong>diplomados en enfermer\u00eda y gastronom\u00eda<\/strong>, que ser\u00e1n impartidos por Uniromana y financiados por el Mescyt a trav\u00e9s de convenios espec\u00edficos.&nbsp;<\/p>\n\n\n\n<p>Estas iniciativas buscan elevar la calidad educativa y mejorar la preparaci\u00f3n de los&nbsp;<strong>futuros profesionales del sector hotelero y de servicios<\/strong>.<\/p>\n\n\n\n<p>El Mescyt se encargar\u00e1 de otorgar las&nbsp;<strong>becas a los beneficiarios seleccionados&nbsp;<\/strong>mediante<strong>&nbsp;convocatoria p\u00fablica<\/strong>, para garantizar&nbsp;<strong>transparencia e igualdad de oportunidades.<\/strong><\/p>\n\n\n\n<p>En ese sentido, el&nbsp;<strong>Ministerio de Trabajo actuar\u00e1 como enlace<\/strong>&nbsp;para facilitar la inserci\u00f3n laboral de los egresados en hoteles e instituciones de la regi\u00f3n, fortaleciendo la empleabilidad y la&nbsp;<strong>vinculaci\u00f3n entre formaci\u00f3n acad\u00e9mica y mercado laboral.<\/strong><\/p>\n\n\n\n<p>En tanto que Uniromana ser\u00e1 responsable de la planificaci\u00f3n y ejecuci\u00f3n de los<strong>&nbsp;programas acad\u00e9micos<\/strong>, asegurando&nbsp;<strong>altos est\u00e1ndares de calidad educativa.<\/strong><\/p>\n\n\n\n<p><img loading=\"lazy\" decoding=\"async\" src=\"https:\/\/www.presidencia.gob.do\/sites\/default\/files\/inline-images\/IMG_7374.jpeg\" width=\"4160\" height=\"2776\"><br><br>El convenio contempla, adem\u00e1s, la promoci\u00f3n conjunta de las actividades, el&nbsp;<strong>respeto a la autonom\u00eda de cada instituci\u00f3n<\/strong>&nbsp;y mecanismos para resolver de manera amistosa cualquier controversia que pueda surgir durante su ejecuci\u00f3n.<\/p>\n\n\n\n<p>Seg\u00fan el acuerdo,&nbsp;<strong>la vigencia de dicho convenio ser\u00e1 de un a\u00f1o<\/strong>, desde el 2 de septiembre de 2025 hasta el 2 de septiembre de 2026, con posibilidad de modificaciones o rescisi\u00f3n por acuerdo mutuo.&nbsp;<\/p>\n\n\n\n<p>El ministro del Mescyt,&nbsp;<strong>Franklin Garc\u00eda Ferm\u00edn<\/strong>, destac\u00f3 que este acuerdo refuerza el&nbsp;<strong>compromiso del Gobierno dominicano<\/strong>&nbsp;con la educaci\u00f3n superior y el desarrollo profesional de la poblaci\u00f3n.<\/p>\n\n\n\n<p>De su lado,&nbsp;<strong>Eddy de Jes\u00fas Olivares Ortega<\/strong>, ministro de Trabajo, subray\u00f3 la importancia de articular<strong>&nbsp;educaci\u00f3n y empleo<\/strong>&nbsp;para impulsar la&nbsp;<strong>competitividad regional<\/strong>.<\/p>\n\n\n\n<p>Mientras que el rector de Uniromana,&nbsp;<strong>Manuel Hern\u00e1ndez Ruiz G\u00f3mez<\/strong>, resalt\u00f3 la relevancia de estos programas para formar&nbsp;<strong>profesionales altamente capacitados y preparados para los retos del mercado laboral.<\/strong><\/p>\n\n\n\n<p>Este convenio constituye un esfuerzo conjunto para elevar el nivel profesional de los habitantes de la regi\u00f3n Este, consolidando alianzas estrat\u00e9gicas entre instituciones p\u00fablicas y acad\u00e9micas y promoviendo el desarrollo socioecon\u00f3mico y educativo de la Rep\u00fablica Dominicana.<\/p>\n\n\n\n<p>Estuvieron presentes el presidente de la Fundaci\u00f3n Universitaria Iberoamericana (Funiber),\u00a0<strong>Santos Gracia Villar,<\/strong>\u00a0y el viceministro administrativo y financiero,\u00a0<strong>Jos\u00e9 A. Cancel.<\/strong><\/p>\n\n\n\n<p>Con informaci\u00f3n de la Presidencia de la Rep\u00fablica.<\/p>\n","protected":false},"excerpt":{"rendered":"<p>9 de Septiembre 2025 | 14:46 Santo Domingo, RD.\u2013 Con el objetivo de transformar la\u00a0educaci\u00f3n superior\u00a0y potenciar las\u00a0oportunidades laborales en la regi\u00f3n Este\u00a0del pa\u00eds, el Ministerio de Educaci\u00f3n Superior, Ciencia y Tecnolog\u00eda\u00a0(Mescyt)\u00a0y el de\u00a0Trabajo, junto con la Universidad de La Romana\u00a0(Uniromana),\u00a0firmaron un convenio marco de\u00a0colaboraci\u00f3n institucional. El acuerdo establece&nbsp;acciones conjuntas&nbsp;para la&nbsp;profesionalizaci\u00f3n&nbsp;de los habitantes de la [&hellip;]<\/p>\n","protected":false},"author":2,"featured_media":637310,"comment_status":"closed","ping_status":"closed","sticky":false,"template":"","format":"standard","meta":{"footnotes":""},"categories":[20,18],"tags":[],"class_list":["post-637309","post","type-post","status-publish","format-standard","has-post-thumbnail","hentry","category-dominicana-hoy","category-economia"],"_links":{"self":[{"href":"https:\/\/diariodominicano.com\/index.php?rest_route=\/wp\/v2\/posts\/637309","targetHints":{"allow":["GET"]}}],"collection":[{"href":"https:\/\/diariodominicano.com\/index.php?rest_route=\/wp\/v2\/posts"}],"about":[{"href":"https:\/\/diariodominicano.com\/index.php?rest_route=\/wp\/v2\/types\/post"}],"author":[{"embeddable":true,"href":"https:\/\/diariodominicano.com\/index.php?rest_route=\/wp\/v2\/users\/2"}],"replies":[{"embeddable":true,"href":"https:\/\/diariodominicano.com\/index.php?rest_route=%2Fwp%2Fv2%2Fcomments&post=637309"}],"version-history":[{"count":2,"href":"https:\/\/diariodominicano.com\/index.php?rest_route=\/wp\/v2\/posts\/637309\/revisions"}],"predecessor-version":[{"id":637313,"href":"https:\/\/diariodominicano.com\/index.php?rest_route=\/wp\/v2\/posts\/637309\/revisions\/637313"}],"wp:featuredmedia":[{"embeddable":true,"href":"https:\/\/diariodominicano.com\/index.php?rest_route=\/wp\/v2\/media\/637310"}],"wp:attachment":[{"href":"https:\/\/diariodominicano.com\/index.php?rest_route=%2Fwp%2Fv2%2Fmedia&parent=637309"}],"wp:term":[{"taxonomy":"category","embeddable":true,"href":"https:\/\/diariodominicano.com\/index.php?rest_route=%2Fwp%2Fv2%2Fcategories&post=637309"},{"taxonomy":"post_tag","embeddable":true,"href":"https:\/\/diariodominicano.com\/index.php?rest_route=%2Fwp%2Fv2%2Ftags&post=637309"}],"curies":[{"name":"wp","href":"https:\/\/api.w.org\/{rel}","templated":true}]}}