{"id":637253,"date":"2025-09-09T16:41:19","date_gmt":"2025-09-09T20:41:19","guid":{"rendered":"https:\/\/diariodominicano.com\/?p=637253"},"modified":"2025-09-10T03:03:47","modified_gmt":"2025-09-10T07:03:47","slug":"veinte-anos-de-prision-para-integrante-de-red-a-la-que-se-le-incautaron-860-paquetes-de-cocaina","status":"publish","type":"post","link":"https:\/\/diariodominicano.com\/?p=637253","title":{"rendered":"Condenan a 20 a\u00f1os de prisi\u00f3n a integrante de red a la que se le incautaron 860 paquetes de coca\u00edna"},"content":{"rendered":"\n<p>ARCHIVO:<\/p>\n\n\n\n<p><strong>SANTO DOMINGO (Rep\u00fablica Dominicana).-\u00a0<\/strong>Ante la contundencia de las pruebas aportadas por el Ministerio P\u00fablico, un tribunal colegiado de San Pedro de Macor\u00eds conden\u00f3 a 20 a\u00f1os de prisi\u00f3n a un hombre de nacionalidad colombiana que formaba parte de una red de narcotr\u00e1fico internacional a la que se le ocuparon m\u00e1s de 860 paquetes de coca\u00edna en una residencia de Juan Dolio, en el a\u00f1o 2017.<\/p>\n\n\n\n<p>El expediente instrumentado por el \u00f3rgano persecutor contra John Freddy Perozo Su\u00e1rez se\u00f1ala que el cargamento de drogas fue ocupado en una labor conjunta con varios equipos operacionales de la Direcci\u00f3n Nacional de Control de Drogas (DNCD), durante un allanamiento en una casa de la comunidad Guayacanes, del municipio Juan Dolio, en la provincia San Pedro de Macor\u00eds.<\/p>\n\n\n\n<p>El inmueble era utilizado como centro de acopio de grandes cantidades de drogas, donde se realizaban transacciones de venta y distribuci\u00f3n de distintas sustancias controladas.<\/p>\n\n\n\n<p>Los fiscales Carmen Mohammed y Santos Bastardo, a cargo de la investigaci\u00f3n, ejecutaron en la vivienda la orden de allanamiento y arresto No. 00070-2017, de fecha 13 de junio de 2017. En el lugar fue apresado Perozo Su\u00e1rez y se ocup\u00f3 la citada cantidad de drogas en un closet y el ba\u00f1o de una habitaci\u00f3n de la casa.<\/p>\n\n\n\n<p>Adem\u00e1s, durante el allanamiento se ocuparon dos (2) pistolas marcas Glock 17, Austria 9&#215;19, una n\u00famero ANC972, con su cargador y diecisiete (17)&nbsp; c\u00e1psulas para la misma,&nbsp; y la otra con numeraci\u00f3n borrada, con su cargador y treinta (30) c\u00e1psulas.<\/p>\n\n\n\n<p>Tambi\u00e9n, varios celulares, incluyendo un Iphone que el ahora condenado rompi\u00f3 luego de que las autoridades penetraran a la vivienda.<\/p>\n\n\n\n<p>Igualmente, las autoridades ocuparon documentos personales del extranjero, as\u00ed como tambi\u00e9n varias libretas y hojas con apuntes de los paquetes que hab\u00edan despachados y los pagos realizados, adem\u00e1s de 3 tanques de gas, los cuales, al ser revisados, se pudo determinar que eran utilizados para trasportar las sustancias sin que se levantara ninguna sospecha.<\/p>\n\n\n\n<p>Seg\u00fan se estableci\u00f3 en el proceso, la estructura criminal ten\u00eda categor\u00eda internacional y trafic\u00f3 grandes cargamentos de drogas que llevaban a la citada vivienda, donde luego eran contabilizadas y distribuidas.<\/p>\n\n\n\n<p>La fiscal litigante Katherin Vallejo Herrera, quien represent\u00f3 al Ministerio P\u00fablico en el proceso, aport\u00f3 pruebas al tribunal que demostraron la acusaci\u00f3n por la violaci\u00f3n de los art\u00edculos 4-A, 58-A, 59-A, 59-1, 60, 61, 75-lll, 85-B, C y E y 86 de la Ley 50-88 sobre Drogas y Sustancias Controladas.<\/p>\n\n\n\n<p>Los jueces Juan de la Cruz Rijo G\u00fc\u00edlamo, Katerine Santana Mej\u00eda y Delfina Phillipes Silvestre, por el Tribunal Colegiado de San Pedro de Macor\u00eds, dictaron la sentencia y ordenaron su cumplimiento en el Centro de Correcci\u00f3n y Rehabilitaci\u00f3n (CCR) de esa demarcaci\u00f3n.<\/p>\n\n\n\n<p><strong>Direcci\u00f3n General de Comunicaci\u00f3n, Prensa y RRPP<\/strong><\/p>\n\n\n\n<p><strong>Ministerio P\u00fablico RD<\/strong><\/p>\n\n\n\n<p>Comunicaciones PGR <a href=\"mailto:comunicaciones@pgr.gob.do\">comunicaciones@pgr.gob.do<\/a><\/p>\n","protected":false},"excerpt":{"rendered":"<p>ARCHIVO: SANTO DOMINGO (Rep\u00fablica Dominicana).-\u00a0Ante la contundencia de las pruebas aportadas por el Ministerio P\u00fablico, un tribunal colegiado de San Pedro de Macor\u00eds conden\u00f3 a 20 a\u00f1os de prisi\u00f3n a un hombre de nacionalidad colombiana que formaba parte de una red de narcotr\u00e1fico internacional a la que se le ocuparon m\u00e1s de 860 paquetes de [&hellip;]<\/p>\n","protected":false},"author":7,"featured_media":616219,"comment_status":"closed","ping_status":"closed","sticky":false,"template":"","format":"standard","meta":{"footnotes":""},"categories":[24,27],"tags":[171],"class_list":["post-637253","post","type-post","status-publish","format-standard","has-post-thumbnail","hentry","category-justicia-y-derecho","category-portada","tag-ministerio-publico"],"_links":{"self":[{"href":"https:\/\/diariodominicano.com\/index.php?rest_route=\/wp\/v2\/posts\/637253","targetHints":{"allow":["GET"]}}],"collection":[{"href":"https:\/\/diariodominicano.com\/index.php?rest_route=\/wp\/v2\/posts"}],"about":[{"href":"https:\/\/diariodominicano.com\/index.php?rest_route=\/wp\/v2\/types\/post"}],"author":[{"embeddable":true,"href":"https:\/\/diariodominicano.com\/index.php?rest_route=\/wp\/v2\/users\/7"}],"replies":[{"embeddable":true,"href":"https:\/\/diariodominicano.com\/index.php?rest_route=%2Fwp%2Fv2%2Fcomments&post=637253"}],"version-history":[{"count":3,"href":"https:\/\/diariodominicano.com\/index.php?rest_route=\/wp\/v2\/posts\/637253\/revisions"}],"predecessor-version":[{"id":637294,"href":"https:\/\/diariodominicano.com\/index.php?rest_route=\/wp\/v2\/posts\/637253\/revisions\/637294"}],"wp:featuredmedia":[{"embeddable":true,"href":"https:\/\/diariodominicano.com\/index.php?rest_route=\/wp\/v2\/media\/616219"}],"wp:attachment":[{"href":"https:\/\/diariodominicano.com\/index.php?rest_route=%2Fwp%2Fv2%2Fmedia&parent=637253"}],"wp:term":[{"taxonomy":"category","embeddable":true,"href":"https:\/\/diariodominicano.com\/index.php?rest_route=%2Fwp%2Fv2%2Fcategories&post=637253"},{"taxonomy":"post_tag","embeddable":true,"href":"https:\/\/diariodominicano.com\/index.php?rest_route=%2Fwp%2Fv2%2Ftags&post=637253"}],"curies":[{"name":"wp","href":"https:\/\/api.w.org\/{rel}","templated":true}]}}