{"id":637236,"date":"2025-09-09T09:47:05","date_gmt":"2025-09-09T13:47:05","guid":{"rendered":"https:\/\/diariodominicano.com\/?p=637236"},"modified":"2025-09-09T09:48:47","modified_gmt":"2025-09-09T13:48:47","slug":"abinader-encabeza-reunion-de-seguimiento-al-plan-de-seguridad-ciudadana-6","status":"publish","type":"post","link":"https:\/\/diariodominicano.com\/?p=637236","title":{"rendered":"Abinader encabeza reuni\u00f3n de seguimiento al Plan de Seguridad Ciudadana"},"content":{"rendered":"\n<h3 class=\"wp-block-heading\">La sesi\u00f3n de trabajo se llev\u00f3  a cabo en el Sal\u00f3n del Club de Oficiales del Palacio de la Polic\u00eda Nacional<\/h3>\n\n\n\n<p>8 de Septiembre 2025 |<\/p>\n\n\n\n<figure class=\"wp-block-image\"><img decoding=\"async\" src=\"https:\/\/platform-cdn.sharethis.com\/img\/facebook.svg\" alt=\"facebook sharing button\"\/><\/figure>\n\n\n\n<figure class=\"wp-block-image\"><img decoding=\"async\" src=\"https:\/\/platform-cdn.sharethis.com\/img\/sharethis.svg\" alt=\"sharethis sharing button\"\/><\/figure>\n\n\n\n<p>Santo Domingo.\u2013\u00a0<strong>El presidente Luis Abinader<\/strong>\u00a0encabez\u00f3 el lunes la reuni\u00f3n de\u00a0<strong>seguimiento al Plan de Seguridad Ciudadana<\/strong>, con el objetivo de reforzar las\u00a0<strong>estrategias<\/strong>\u00a0que se ejecutan en todo el pa\u00eds para garantizar\u00a0<strong>mayor protecci\u00f3n y tranquilidad a la poblaci\u00f3n<\/strong>.<\/p>\n\n\n\n<p>La sesi\u00f3n de trabajo se est\u00e1 llevando a cabo en el Sal\u00f3n del Club de Oficiales del Palacio de la Polic\u00eda Nacional. En ella se eval\u00faan las&nbsp;<strong>tareas cumplidas<\/strong>&nbsp;hasta la fecha, los&nbsp;<strong>resultados alcanzados<\/strong>&nbsp;y las nuevas&nbsp;<strong>disposiciones que ser\u00e1n adoptadas<\/strong>&nbsp;para continuar elevando los&nbsp;<strong>niveles de seguridad,<\/strong>&nbsp;en beneficio de los dominicanos.<\/p>\n\n\n\n<p>En compa\u00f1\u00eda del mandatario, se encuentran el ministro de la Presidencia,&nbsp;<strong>Jos\u00e9 Ignacio Paliza<\/strong>; de Interior y Polic\u00eda,&nbsp;<strong>Faride Raful<\/strong>; de Defensa, teniente general&nbsp;<strong>Carlos Antonio Fern\u00e1ndez Onofre<\/strong>; de Educaci\u00f3n,&nbsp;<strong>Luis Miguel De Camps<\/strong>; la procuradora General de la Rep\u00fablica,&nbsp;<strong>Yeni Berenice Reynoso<\/strong>; el director de la Polic\u00eda Nacional, mayor general&nbsp;<strong>Ram\u00f3n Antonio Guzm\u00e1n Peralta,<\/strong>&nbsp;y el viceministro de la Presidencia para Proyectos Especiales y Coordinaci\u00f3n de Seguridad,&nbsp;<strong>Roger G. Pujols<\/strong>.<\/p>\n\n\n\n<p>Tambi\u00e9n, el presidente de la Direcci\u00f3n Nacional de Control de Drogas (DNCD), vicealmirante&nbsp;<strong>Jos\u00e9 Manuel Cabrera Ulloa<\/strong>, y el del Consejo Nacional de Drogas (CND),&nbsp;<strong>Alejandro de Jes\u00fas Abreu<\/strong>; el subdirector general de la Polic\u00eda Nacional y director central de Transformaci\u00f3n Policial, general&nbsp;<strong>Juan Hilario Guzm\u00e1n Bad\u00eda<\/strong>; el titular de la Direcci\u00f3n de Prensa del Presidente,&nbsp;<strong>Alberto Caminero<\/strong>; el de la Comisi\u00f3n Militar y Policial (Comipol), coronel&nbsp;<strong>Luis Rafael Herrera Almonte<\/strong>; de la Direcci\u00f3n General de Seguridad de Tr\u00e1nsito y Transporte Terrestre (Digesett), general&nbsp;<strong>Pascual Cruz M\u00e9ndez<\/strong>; de Inteligencia Migratoria, general de brigada piloto&nbsp;<strong>Juan Vicente Carlos Vicente P\u00e9rez<\/strong>, FARD; del&nbsp; Sistema Nacional de Atenci\u00f3n a Emergencias 911, coronel piloto&nbsp;<strong>Randolfo Rijo<\/strong>, y el de Asuntos Internos de la Polic\u00eda Nacional, general&nbsp;<strong>Werner N\u00fa\u00f1ez Quezada<\/strong>, as\u00ed como el asesor ejecutivo para Asuntos de Seguridad,&nbsp;<strong>John Huvane<\/strong>.<\/p>\n\n\n\n<p>Adem\u00e1s, el director de la Polic\u00eda Escolar, coronel&nbsp;<strong>Mart\u00edn Miguel Tapia S\u00e1nchez<\/strong>, y el de Prisiones,&nbsp;<strong>Roberto Hern\u00e1ndez Basilio<\/strong>, junto con el comisionado ejecutivo para Reforma Policial,&nbsp;<strong>Luis Ernesto Garc\u00eda Hern\u00e1ndez.<\/strong><\/p>\n\n\n\n<p>Del mismo modo, asisten el coronel&nbsp;<strong>Pablo Alexander Bel\u00e9n<\/strong>, en representaci\u00f3n del comandante del Ej\u00e9rcito Nacional, mayor general&nbsp;<strong>Jorge Iv\u00e1n Camino P\u00e9rez<\/strong>; el coronel paracaidista&nbsp;<strong>Osvaldo W. Montero Mena<\/strong>, en representaci\u00f3n de la Fuerza A\u00e9rea, y el capit\u00e1n de nav\u00edo&nbsp;<strong>Rafael Garc\u00eda Aybar<\/strong>, en representaci\u00f3n del comandante general de la Armada de Rep\u00fablica Dominicana, y del Comando Conjunto Unificado, el vicealmirante&nbsp;<strong>Agust\u00edn Alberto Morillo Rodr\u00edguez.&nbsp;<\/strong><\/p>\n\n\n\n<p>En la reuni\u00f3n participan una&nbsp;<strong>comisi\u00f3n de fiscales<\/strong>&nbsp;integrada por la del Distrito Nacional, Rosalba Ramos; de San Crist\u00f3bal, Ramona Santana; de La Vega, Aura Luz Garc\u00eda; de Mar\u00eda Trinidad S\u00e1nchez, Juan Antonio Mateo Cipri\u00e1n; de La Altagracia, Claudia Garrido; de San Pedro de Macor\u00eds, Suleyka Mateo, y de Duarte, Smaily Yamel Rodr\u00edguez.&nbsp;<\/p>\n\n\n\n<p>Igualmente, el fiscal titular de Santo Domingo Este, Milc\u00edades Guzm\u00e1n; de Santo Domingo Oeste, Eduard L\u00f3pez; de Valverde, V\u00edctor Mej\u00eda; de Hermanas Mirabal, Zoila Agustina Rodr\u00edguez Ynfante; de Barahona, Wellington Matos Espinal; de Peravia, \u00c1ngel Dar\u00edo Tejeda Fabal; de Dajab\u00f3n, Yeisin Alc\u00e1ntara; de Espaillat, Yorelbin Rivas, y de La Romana, Kevin Santana.<\/p>\n\n\n\n<p>Con informaci\u00f3n de la Presidencia de la Rep\u00fablica.<\/p>\n","protected":false},"excerpt":{"rendered":"<p>La sesi\u00f3n de trabajo se llev\u00f3 a cabo en el Sal\u00f3n del Club de Oficiales del Palacio de la Polic\u00eda Nacional 8 de Septiembre 2025 | Santo Domingo.\u2013\u00a0El presidente Luis Abinader\u00a0encabez\u00f3 el lunes la reuni\u00f3n de\u00a0seguimiento al Plan de Seguridad Ciudadana, con el objetivo de reforzar las\u00a0estrategias\u00a0que se ejecutan en todo el pa\u00eds para garantizar\u00a0mayor [&hellip;]<\/p>\n","protected":false},"author":2,"featured_media":637237,"comment_status":"closed","ping_status":"closed","sticky":false,"template":"","format":"standard","meta":{"footnotes":""},"categories":[20,22],"tags":[],"class_list":["post-637236","post","type-post","status-publish","format-standard","has-post-thumbnail","hentry","category-dominicana-hoy","category-politica"],"_links":{"self":[{"href":"https:\/\/diariodominicano.com\/index.php?rest_route=\/wp\/v2\/posts\/637236","targetHints":{"allow":["GET"]}}],"collection":[{"href":"https:\/\/diariodominicano.com\/index.php?rest_route=\/wp\/v2\/posts"}],"about":[{"href":"https:\/\/diariodominicano.com\/index.php?rest_route=\/wp\/v2\/types\/post"}],"author":[{"embeddable":true,"href":"https:\/\/diariodominicano.com\/index.php?rest_route=\/wp\/v2\/users\/2"}],"replies":[{"embeddable":true,"href":"https:\/\/diariodominicano.com\/index.php?rest_route=%2Fwp%2Fv2%2Fcomments&post=637236"}],"version-history":[{"count":2,"href":"https:\/\/diariodominicano.com\/index.php?rest_route=\/wp\/v2\/posts\/637236\/revisions"}],"predecessor-version":[{"id":637239,"href":"https:\/\/diariodominicano.com\/index.php?rest_route=\/wp\/v2\/posts\/637236\/revisions\/637239"}],"wp:featuredmedia":[{"embeddable":true,"href":"https:\/\/diariodominicano.com\/index.php?rest_route=\/wp\/v2\/media\/637237"}],"wp:attachment":[{"href":"https:\/\/diariodominicano.com\/index.php?rest_route=%2Fwp%2Fv2%2Fmedia&parent=637236"}],"wp:term":[{"taxonomy":"category","embeddable":true,"href":"https:\/\/diariodominicano.com\/index.php?rest_route=%2Fwp%2Fv2%2Fcategories&post=637236"},{"taxonomy":"post_tag","embeddable":true,"href":"https:\/\/diariodominicano.com\/index.php?rest_route=%2Fwp%2Fv2%2Ftags&post=637236"}],"curies":[{"name":"wp","href":"https:\/\/api.w.org\/{rel}","templated":true}]}}