{"id":637229,"date":"2025-09-09T09:40:54","date_gmt":"2025-09-09T13:40:54","guid":{"rendered":"https:\/\/diariodominicano.com\/?p=637229"},"modified":"2025-09-09T09:42:54","modified_gmt":"2025-09-09T13:42:54","slug":"valoran-posicion-alberto-tavares-para-la-integracion-funcional-diaspora-en-sociedad-rd","status":"publish","type":"post","link":"https:\/\/diariodominicano.com\/?p=637229","title":{"rendered":"Valoran posici\u00f3n Alberto Tavares para la integraci\u00f3n funcional di\u00e1spora en sociedad RD"},"content":{"rendered":"\n<p>Alberto Tavarez<\/p>\n\n\n\n<p><strong>Por Ram\u00f3n Mercedes<\/strong><\/p>\n\n\n\n<p><strong>NUEVA YORK.-<\/strong>\u00a0La posici\u00f3n p\u00fablica y comprometedora que ha asumido desde la Rep\u00fablica Dominicana el abogado y comunicador Alberto Tavares de \u00abpasar de la representaci\u00f3n a la integraci\u00f3n funcional de la di\u00e1spora en la sociedad dominicana\u00bb ha sido valorada por m\u00faltiples quisqueyanos residentes en esta ciudad.<\/p>\n\n\n\n<p><\/p>\n\n\n\n<p>Carlos Ml. Torres, Awilda de Jes\u00fas, Mar\u00eda Contreras, Isidro Rivera, Hugo Rodr\u00edguez, H\u00e9ctor Luna, Pastor Su\u00e1rez, Elvin Guzm\u00e1n, Miguel Adames, Isabel B\u00e1ez y V\u00edctor Ure\u00f1a, entre otros, indican que Tavares plante\u00f3 que es tiempo de que los dominicanos en el exterior no s\u00f3lo est\u00e9n representados en los organismos de direcci\u00f3n de los partidos pol\u00edticos y las institucionales del Estado, sino de que tengan una integraci\u00f3n funcional en la econom\u00eda, entre otros sectores.<\/p>\n\n\n\n<p>&nbsp;En el marco de una reuni\u00f3n virtual realizada el pasado domingo con dirigentes de la Fuerza del Pueblo (FP) en esta ciudad, Tavares candidato a la Direcci\u00f3n Pol\u00edtica (DP) de esta organizaci\u00f3n, expres\u00f3 que los dominicanos en el exterior tienen una importancia estrat\u00e9gica en&nbsp;&nbsp;el proceso de desarrollo de la Rep\u00fablica Dominicana.<\/p>\n\n\n\n<p>El profesional del derecho, quien vivi\u00f3 y ejerci\u00f3 el periodismo por varios a\u00f1os en NYC, sostiene que su incorporaci\u00f3n a la DP puede contribuir a fortalecer una l\u00ednea opositora firme y propositiva, basada en el compromiso social y en el fomento de la \u00e9tica de la responsabilidad en la pr\u00e1ctica pol\u00edtica, en aras de mejorar la calidad de la democracia dominicana.<\/p>\n\n\n\n<p>La reuni\u00f3n virtual tuvo su sede en NY, y estuvo encabezada por los dirigentes de la FP en el exterior Marcos Cross, Carlos F\u00e9lix y M\u00e1ximo Corcino, entre otros, quienes tambi\u00e9n aspiran a ocupar un puesto en la m\u00e1xima instancia ejecutiva de la FP.<\/p>\n\n\n\n<p>La conducci\u00f3n y moderaci\u00f3n de la actividad estuvo a cargo de Odell Suero, Subsecretario de Comunicaciones del partido en la Gran Manzana.<\/p>\n","protected":false},"excerpt":{"rendered":"<p>Alberto Tavarez Por Ram\u00f3n Mercedes NUEVA YORK.-\u00a0La posici\u00f3n p\u00fablica y comprometedora que ha asumido desde la Rep\u00fablica Dominicana el abogado y comunicador Alberto Tavares de \u00abpasar de la representaci\u00f3n a la integraci\u00f3n funcional de la di\u00e1spora en la sociedad dominicana\u00bb ha sido valorada por m\u00faltiples quisqueyanos residentes en esta ciudad. Carlos Ml. Torres, Awilda de [&hellip;]<\/p>\n","protected":false},"author":2,"featured_media":637235,"comment_status":"closed","ping_status":"closed","sticky":false,"template":"","format":"standard","meta":{"footnotes":""},"categories":[20,22],"tags":[],"class_list":["post-637229","post","type-post","status-publish","format-standard","has-post-thumbnail","hentry","category-dominicana-hoy","category-politica"],"_links":{"self":[{"href":"https:\/\/diariodominicano.com\/index.php?rest_route=\/wp\/v2\/posts\/637229","targetHints":{"allow":["GET"]}}],"collection":[{"href":"https:\/\/diariodominicano.com\/index.php?rest_route=\/wp\/v2\/posts"}],"about":[{"href":"https:\/\/diariodominicano.com\/index.php?rest_route=\/wp\/v2\/types\/post"}],"author":[{"embeddable":true,"href":"https:\/\/diariodominicano.com\/index.php?rest_route=\/wp\/v2\/users\/2"}],"replies":[{"embeddable":true,"href":"https:\/\/diariodominicano.com\/index.php?rest_route=%2Fwp%2Fv2%2Fcomments&post=637229"}],"version-history":[{"count":3,"href":"https:\/\/diariodominicano.com\/index.php?rest_route=\/wp\/v2\/posts\/637229\/revisions"}],"predecessor-version":[{"id":637234,"href":"https:\/\/diariodominicano.com\/index.php?rest_route=\/wp\/v2\/posts\/637229\/revisions\/637234"}],"wp:featuredmedia":[{"embeddable":true,"href":"https:\/\/diariodominicano.com\/index.php?rest_route=\/wp\/v2\/media\/637235"}],"wp:attachment":[{"href":"https:\/\/diariodominicano.com\/index.php?rest_route=%2Fwp%2Fv2%2Fmedia&parent=637229"}],"wp:term":[{"taxonomy":"category","embeddable":true,"href":"https:\/\/diariodominicano.com\/index.php?rest_route=%2Fwp%2Fv2%2Fcategories&post=637229"},{"taxonomy":"post_tag","embeddable":true,"href":"https:\/\/diariodominicano.com\/index.php?rest_route=%2Fwp%2Fv2%2Ftags&post=637229"}],"curies":[{"name":"wp","href":"https:\/\/api.w.org\/{rel}","templated":true}]}}