{"id":637223,"date":"2025-09-09T09:37:01","date_gmt":"2025-09-09T13:37:01","guid":{"rendered":"https:\/\/diariodominicano.com\/?p=637223"},"modified":"2025-09-09T09:37:07","modified_gmt":"2025-09-09T13:37:07","slug":"mandatario-advierte-sobre-sanciones-drasticas-en-terminos-de-justicia-para-quienes-sustraigan-fondos-publicos","status":"publish","type":"post","link":"https:\/\/diariodominicano.com\/?p=637223","title":{"rendered":"Mandatario  advierte sobre sanciones dr\u00e1sticas en t\u00e9rminos de justicia para quienes sustraigan fondos p\u00fablicos"},"content":{"rendered":"\n<h3 class=\"wp-block-heading\">Al referirse sobre presuntas irregularidades en SeNaSa, dijo que desde noviembre del 2024 el Gobierno instruy\u00f3 al Ministerio P\u00fablico, C\u00e1mara de Cuentas y organismos de control para indagar el caso.<\/h3>\n\n\n\n<p>8 de Septiembre 2025 <\/p>\n\n\n\n<figure class=\"wp-block-image\"><img decoding=\"async\" src=\"https:\/\/platform-cdn.sharethis.com\/img\/facebook.svg\" alt=\"facebook sharing button\"\/><\/figure>\n\n\n\n<figure class=\"wp-block-image\"><img decoding=\"async\" src=\"https:\/\/platform-cdn.sharethis.com\/img\/sharethis.svg\" alt=\"sharethis sharing button\"\/><\/figure>\n\n\n\n<p>Santo Domingo, RD.\u2013\u00a0<strong>El presidente Luis Abinader<\/strong>\u00a0advirti\u00f3 este lunes que\u00a0<strong>toda persona que haya sustra\u00eddo fondos p\u00fablicos<\/strong>,\u00a0<em>\u201cy especialmente de salud, debe enfrentar consecuencias dr\u00e1sticas en t\u00e9rminos de la justicia\u201d.<\/em><\/p>\n\n\n\n<p>As\u00ed se refiri\u00f3 el mandatario al ser consultado  sobre\u00a0<strong>irregularidades en el Seguro Nacional de Salud (SeNaSa)<\/strong>, e indic\u00f3 que fue<strong>\u00a0el propio Gobierno<\/strong>\u00a0dominicano quien autoriz\u00f3 al Ministerio P\u00fablico en noviembre de 2024 a iniciar la\u00a0<strong>investigaci\u00f3n sobre esta denuncia.<\/strong><\/p>\n\n\n\n<p>El mandatario explic\u00f3 que, adem\u00e1s de la acci\u00f3n del&nbsp;<strong>Ministerio P\u00fablico, la C\u00e1mara de Cuentas<\/strong>&nbsp;lleva varios meses realizando una auditor\u00eda, as\u00ed como la Superintendencia de Salud y Riesgo Laboral&nbsp;<strong>(Sisalril)<\/strong>, mientras que la&nbsp;<strong>Procuradur\u00eda y la Direcci\u00f3n de Antifraude<\/strong>&nbsp;tambi\u00e9n desarrollan indagatorias paralelas.<\/p>\n\n\n\n<p>El presidente Abinader fue enf\u00e1tico en que cualquier persona que haya sustra\u00eddo fondos p\u00fablicos,<em>&nbsp;\u201cy especialmente de salud, debe enfrentar consecuencias dr\u00e1sticas en t\u00e9rminos de la justicia\u201d.<\/em><\/p>\n\n\n\n<p>A\u00f1adi\u00f3 que&nbsp;<strong>las pesquisas se originaron directamente desde el Ejecutivo,<\/strong>&nbsp;antes de que salieran a la luz p\u00fablica reportajes period\u00edsticos sobre el caso.<\/p>\n\n\n\n<p>Reiter\u00f3 que su administraci\u00f3n mantiene\u00a0<strong>la voluntad firme<\/strong>\u00a0de que\u00a0<strong>aplicar sanciones<\/strong>\u00a0a quienes incurran en\u00a0<strong>pr\u00e1cticas il\u00edcitas con los recursos destinados al bienestar de la poblaci\u00f3n<\/strong>.<\/p>\n\n\n\n<p>Con informaci\u00f3n de la Presidencia de la Rep\u00fablica.<\/p>\n","protected":false},"excerpt":{"rendered":"<p>Al referirse sobre presuntas irregularidades en SeNaSa, dijo que desde noviembre del 2024 el Gobierno instruy\u00f3 al Ministerio P\u00fablico, C\u00e1mara de Cuentas y organismos de control para indagar el caso. 8 de Septiembre 2025 Santo Domingo, RD.\u2013\u00a0El presidente Luis Abinader\u00a0advirti\u00f3 este lunes que\u00a0toda persona que haya sustra\u00eddo fondos p\u00fablicos,\u00a0\u201cy especialmente de salud, debe enfrentar consecuencias [&hellip;]<\/p>\n","protected":false},"author":2,"featured_media":637227,"comment_status":"closed","ping_status":"closed","sticky":false,"template":"","format":"standard","meta":{"footnotes":""},"categories":[20,22],"tags":[],"class_list":["post-637223","post","type-post","status-publish","format-standard","has-post-thumbnail","hentry","category-dominicana-hoy","category-politica"],"_links":{"self":[{"href":"https:\/\/diariodominicano.com\/index.php?rest_route=\/wp\/v2\/posts\/637223","targetHints":{"allow":["GET"]}}],"collection":[{"href":"https:\/\/diariodominicano.com\/index.php?rest_route=\/wp\/v2\/posts"}],"about":[{"href":"https:\/\/diariodominicano.com\/index.php?rest_route=\/wp\/v2\/types\/post"}],"author":[{"embeddable":true,"href":"https:\/\/diariodominicano.com\/index.php?rest_route=\/wp\/v2\/users\/2"}],"replies":[{"embeddable":true,"href":"https:\/\/diariodominicano.com\/index.php?rest_route=%2Fwp%2Fv2%2Fcomments&post=637223"}],"version-history":[{"count":1,"href":"https:\/\/diariodominicano.com\/index.php?rest_route=\/wp\/v2\/posts\/637223\/revisions"}],"predecessor-version":[{"id":637228,"href":"https:\/\/diariodominicano.com\/index.php?rest_route=\/wp\/v2\/posts\/637223\/revisions\/637228"}],"wp:featuredmedia":[{"embeddable":true,"href":"https:\/\/diariodominicano.com\/index.php?rest_route=\/wp\/v2\/media\/637227"}],"wp:attachment":[{"href":"https:\/\/diariodominicano.com\/index.php?rest_route=%2Fwp%2Fv2%2Fmedia&parent=637223"}],"wp:term":[{"taxonomy":"category","embeddable":true,"href":"https:\/\/diariodominicano.com\/index.php?rest_route=%2Fwp%2Fv2%2Fcategories&post=637223"},{"taxonomy":"post_tag","embeddable":true,"href":"https:\/\/diariodominicano.com\/index.php?rest_route=%2Fwp%2Fv2%2Ftags&post=637223"}],"curies":[{"name":"wp","href":"https:\/\/api.w.org\/{rel}","templated":true}]}}