{"id":637184,"date":"2025-09-09T01:36:19","date_gmt":"2025-09-09T05:36:19","guid":{"rendered":"https:\/\/diariodominicano.com\/?p=637184"},"modified":"2025-09-09T01:36:22","modified_gmt":"2025-09-09T05:36:22","slug":"ministerio-publico-solicita-prision-preventiva-para-hombre-que-registro-defunciones-con-informacion-falsa","status":"publish","type":"post","link":"https:\/\/diariodominicano.com\/?p=637184","title":{"rendered":"Ministerio P\u00fablico solicita prisi\u00f3n preventiva para hombre que registr\u00f3 defunciones con informaci\u00f3n falsa"},"content":{"rendered":"\n<p><em><u>La audiencia fue aplazada para el pr\u00f3ximo viernes, 12 de septiembre, a partir de las 9:00 de la ma\u00f1ana<\/u><\/em><\/p>\n\n\n\n<p><strong>SANTO DOMINGO (Rep\u00fablica Dominicana).-<\/strong>&nbsp;El Ministerio P\u00fablico solicit\u00f3 a un tribunal de Valverde que imponga un a\u00f1o de prisi\u00f3n preventiva contra un hombre que, con informaci\u00f3n falsa, registr\u00f3 varias defunciones ante unidades m\u00e9dicas y oficial\u00edas del Estado Civil de la Junta Central Electoral (JCE).<\/p>\n\n\n\n<p>M\u00e1ximo Mendoza fue arrestado en Mao, Valverde, durante un allanamiento ejecutado en su vivienda, al establecerse con diferentes evidencias que se dedicaba a la falsificaci\u00f3n y uso fraudulento de documentos p\u00fablicos para cometer el hecho delictivo.<\/p>\n\n\n\n<p>El imputado, que cometi\u00f3 los hechos entre diciembre de 2024 y junio de este 2025, pretend\u00eda da\u00f1ar a las personas que declaraba muerta por supuestas deudas econ\u00f3micas pendientes. Hasta el momento se han identificado seis v\u00edctimas, completando el proceso de cinco de ellas en Salud P\u00fablica y posteriormente en la Junta Central Electoral, y una sexta que solo registr\u00f3 en el Ministerio de Salud.<\/p>\n\n\n\n<p>Los registros de defunci\u00f3n fueron llenados por distintos m\u00e9dicos en pasant\u00edas y sin exequ\u00e1tur para ejercer la profesi\u00f3n. El imputado utilizaba la estrategia de solicitar el servicio a los m\u00e9dicos en distintos turnos, tanto en la Unidad de Atenci\u00f3n Primaria de Mao como en la del municipio Esperanza.<\/p>\n\n\n\n<p>Uno de los aspectos comunes encontrados en el delito ha sido que algunas de las v\u00edctimas, personas en condiciones de vulnerabilidad econ\u00f3mica, realizaban negociaciones de pr\u00e9stamos personales utilizando como respaldo los beneficios sociales que recib\u00edan a trav\u00e9s de programas estatales de asistencia social. Estos beneficios consist\u00edan en un capital mensual por la suma de dos mil cien pesos (RD$2,100), destinados a cubrir necesidades b\u00e1sicas.<\/p>\n\n\n\n<p>El imputado, aprovech\u00e1ndose de la precariedad de estas personas, les ofrec\u00eda pr\u00e9stamos por montos de entre cinco mil y quince mil pesos que cobraba reteniendo las tarjetas de asistencia social. En los casos en que no pod\u00eda cobrar recurr\u00eda a la maniobra de presentarse ante distintas Unidades de Atenci\u00f3n Primaria (UNAP) de los municipios Mao y Esperanza para asentar el fallecimiento de la persona fingiendo ser familiar directo de las v\u00edctimas, como primo, t\u00edo y esposo.<\/p>\n\n\n\n<p>Su conducta constituye una violaci\u00f3n al C\u00f3digo Penal dominicano, por el uso y alteraci\u00f3n de documentos p\u00fablicos, basado en informaci\u00f3n falsa. Tambi\u00e9n, una violaci\u00f3n al art\u00edculo 208 de la Ley Org\u00e1nica de los actos del Estado Civil No. 4-23, el cual se refiere a la falsedad.<\/p>\n\n\n\n<p>El Ministerio P\u00fablico indic\u00f3 que dentro de las maniobras utilizadas por el imputado se destaca tambi\u00e9n su capacidad para fingir estados de aflicci\u00f3n emocional y f\u00edsica, simulando angustia y vulnerabilidad en momentos claves, especialmente al presentarse en centros de salud.<\/p>\n\n\n\n<p>El Ministerio P\u00fablico, representado por los fiscales V\u00edctor Manuel Mej\u00eda Rodr\u00edguez (titular de Valverde) y Esther Mar\u00eda Gonz\u00e1lez Peguero, representante ante la Junta Central Electoral, solicit\u00f3 la prisi\u00f3n preventiva al considerarla como la medida id\u00f3nea y proporcional a la gravedad de los hechos, a fin de garantizar la presencia del imputado en todos los actos del proceso.<\/p>\n\n\n\n<p>Los fiscales tambi\u00e9n solicitaron que el caso sea declarado de tramitaci\u00f3n compleja conforme a lo establecido en el art\u00edculo 369 y siguientes del C\u00f3digo Procesal Penal Dominicano, modificado por la Ley 10-15, en raz\u00f3n de la multiplicidad de v\u00edctimas, la reiteraci\u00f3n de los hechos, el uso de documentos p\u00fablicos falsificados y la afectaci\u00f3n directa a los sistemas de salud y registral, lo que exige una investigaci\u00f3n m\u00e1s t\u00e9cnica y prolongada.<\/p>\n\n\n\n<p>En este caso el Ministerio P\u00fablico cuenta con la colaboraci\u00f3n de la Direcci\u00f3n Central de Investigaciones (Dicrim) de la Polic\u00eda Nacional y de la Direcci\u00f3n de Seguridad de la Junta Central Electoral.<\/p>\n\n\n\n<p>Los fiscales litigantes Esther Mar\u00eda Gonz\u00e1lez Peguero y Domingo Tejada representaron al Ministerio P\u00fablico en la audiencia donde la jueza Yiberty Polanco Herr\u00e1n, de la Oficina Judicial de Servicios de Atenci\u00f3n Permanente de Valverde, decidi\u00f3 su aplazamiento para el pr\u00f3ximo viernes, 12 de septiembre, a partir de las 9:00 de la ma\u00f1ana, luego de acoger una solicitud de la defensa del imputado.<\/p>\n\n\n\n<p><strong>Direcci\u00f3n General de Comunicaci\u00f3n, Prensa y RRPP<\/strong><\/p>\n\n\n\n<p><strong>Ministerio P\u00fablico RD<\/strong><\/p>\n\n\n\n<p>Comunicaciones PGR <a href=\"mailto:comunicaciones@pgr.gob.do\">comunicaciones@pgr.gob.do<\/a><\/p>\n","protected":false},"excerpt":{"rendered":"<p>La audiencia fue aplazada para el pr\u00f3ximo viernes, 12 de septiembre, a partir de las 9:00 de la ma\u00f1ana SANTO DOMINGO (Rep\u00fablica Dominicana).-&nbsp;El Ministerio P\u00fablico solicit\u00f3 a un tribunal de Valverde que imponga un a\u00f1o de prisi\u00f3n preventiva contra un hombre que, con informaci\u00f3n falsa, registr\u00f3 varias defunciones ante unidades m\u00e9dicas y oficial\u00edas del Estado [&hellip;]<\/p>\n","protected":false},"author":7,"featured_media":495896,"comment_status":"closed","ping_status":"closed","sticky":false,"template":"","format":"standard","meta":{"footnotes":""},"categories":[24],"tags":[171],"class_list":["post-637184","post","type-post","status-publish","format-standard","has-post-thumbnail","hentry","category-justicia-y-derecho","tag-ministerio-publico"],"_links":{"self":[{"href":"https:\/\/diariodominicano.com\/index.php?rest_route=\/wp\/v2\/posts\/637184","targetHints":{"allow":["GET"]}}],"collection":[{"href":"https:\/\/diariodominicano.com\/index.php?rest_route=\/wp\/v2\/posts"}],"about":[{"href":"https:\/\/diariodominicano.com\/index.php?rest_route=\/wp\/v2\/types\/post"}],"author":[{"embeddable":true,"href":"https:\/\/diariodominicano.com\/index.php?rest_route=\/wp\/v2\/users\/7"}],"replies":[{"embeddable":true,"href":"https:\/\/diariodominicano.com\/index.php?rest_route=%2Fwp%2Fv2%2Fcomments&post=637184"}],"version-history":[{"count":1,"href":"https:\/\/diariodominicano.com\/index.php?rest_route=\/wp\/v2\/posts\/637184\/revisions"}],"predecessor-version":[{"id":637197,"href":"https:\/\/diariodominicano.com\/index.php?rest_route=\/wp\/v2\/posts\/637184\/revisions\/637197"}],"wp:featuredmedia":[{"embeddable":true,"href":"https:\/\/diariodominicano.com\/index.php?rest_route=\/wp\/v2\/media\/495896"}],"wp:attachment":[{"href":"https:\/\/diariodominicano.com\/index.php?rest_route=%2Fwp%2Fv2%2Fmedia&parent=637184"}],"wp:term":[{"taxonomy":"category","embeddable":true,"href":"https:\/\/diariodominicano.com\/index.php?rest_route=%2Fwp%2Fv2%2Fcategories&post=637184"},{"taxonomy":"post_tag","embeddable":true,"href":"https:\/\/diariodominicano.com\/index.php?rest_route=%2Fwp%2Fv2%2Ftags&post=637184"}],"curies":[{"name":"wp","href":"https:\/\/api.w.org\/{rel}","templated":true}]}}