{"id":637183,"date":"2025-09-09T01:04:02","date_gmt":"2025-09-09T05:04:02","guid":{"rendered":"https:\/\/diariodominicano.com\/?p=637183"},"modified":"2025-09-09T01:04:05","modified_gmt":"2025-09-09T05:04:05","slug":"rd-lista-para-medirse-ante-la-mundialista-jordania-este-martes","status":"publish","type":"post","link":"https:\/\/diariodominicano.com\/?p=637183","title":{"rendered":"RD lista para medirse ante la\u00a0 mundialista Jordania este martes"},"content":{"rendered":"\n<p>Rep\u00fablica Dominicana enfrenta a Jordania este martes en el Amman International Stadium a partir de la 1:00 de la tarde, partido amistoso en el marco de la presente Fecha FIFA. El seleccionado dominicano afrontar\u00e1 este examen con caras nuevas que buscan hacerse un lugar para los pr\u00f3ximos partidos oficiales.<\/p>\n\n\n\n<p>CDN Deportes transmitir\u00e1 en vivo el cotejo para todo el pa\u00eds.<\/p>\n\n\n\n<p>Este ser\u00e1 el primero de dos partidos amistosos de la Selecci\u00f3n Dominicana de F\u00fatbol ante rivales mundialistas. El segundo ser\u00e1 frente a Uruguay en octubre.<\/p>\n\n\n\n<p>La escuadra quisqueyana se instal\u00f3 en suelo jordano desde el pasado s\u00e1bado con algunas novedades en la convocatoria. Desde entonces despleg\u00f3 tres entrenamientos que sirvieron para preparar el desaf\u00edo.<\/p>\n\n\n\n<figure class=\"wp-block-image size-full\"><img loading=\"lazy\" decoding=\"async\" width=\"994\" height=\"663\" src=\"https:\/\/diariodominicano.com\/wp-content\/uploads\/2025\/09\/RD-lista-medirse-ante-la-mundialista-Jordania-este-martes.jpeg\" alt=\"\" class=\"wp-image-637194\" srcset=\"https:\/\/diariodominicano.com\/wp-content\/uploads\/2025\/09\/RD-lista-medirse-ante-la-mundialista-Jordania-este-martes.jpeg 994w, https:\/\/diariodominicano.com\/wp-content\/uploads\/2025\/09\/RD-lista-medirse-ante-la-mundialista-Jordania-este-martes-300x200.jpeg 300w, https:\/\/diariodominicano.com\/wp-content\/uploads\/2025\/09\/RD-lista-medirse-ante-la-mundialista-Jordania-este-martes-768x512.jpeg 768w, https:\/\/diariodominicano.com\/wp-content\/uploads\/2025\/09\/RD-lista-medirse-ante-la-mundialista-Jordania-este-martes-816x544.jpeg 816w\" sizes=\"auto, (max-width: 994px) 100vw, 994px\" \/><\/figure>\n\n\n\n<p>Peter Federico Gonz\u00e1lez fue transferido del Getafe CF al Real Valladolid en las horas previas al viaje de la selecci\u00f3n, por lo que el atacante solicit\u00f3 no ir a Jordania para poder presentarse de inmediato ante su nuevo club.<\/p>\n\n\n\n<p>Jimmy Kaparos transita una situaci\u00f3n similar al ser cambiado hacia el Patro Eisden Maasmechelen de B\u00e9lgica, su nuevo equipo le solicit\u00f3 quedarse para someterse a un conjunto de evaluaciones. El mediocampista busca tener continuidad, algo que en su anterior conjunto no estaba sucediendo.<\/p>\n\n\n\n<p>En tanto que, el defensor Edgar Pujol fue incluido entre los convocados luego de que el compromiso que iba a disputar con su club fue suspendido.<\/p>\n\n\n\n<p>El seleccionador nacional Marcelo Neveleff afirm\u00f3, \u201cLas dos situaciones (Peter Gonz\u00e1lez y Jimmy Kaparos) a nosotros nos conviene mientras jueguen en sus clubes, que puedan conseguir buena cantidad de minutos y ritmo competitivo. Mientras que a Pujol lo hab\u00edamos considerado desde el principio, pero ten\u00eda un partido importante con su club que luego fue suspendido y por lo tanto decidimos traerlo\u201d.<\/p>\n\n\n\n<p>La convocatoria de la Selecci\u00f3n Dominicana est\u00e1 compuesta por los Porteros: Xavier Vald\u00e9z (Nashville SC \u2013 USA), Miguel Lloyd (Cibao FC \u2013 RD) y Anthony N\u00fa\u00f1ez (Mansfield Town FC \u2013 Inglaterra). Defensores: Joao Urb\u00e1ez (FC Flamurtari Vlor\u00eb \u2013 Albania), Marlon Mena (Parma Calcio 1913 \u2013 Italia), Miguel Beltr\u00e9 (CD Azuqueca \u2013 Espa\u00f1a), Jos\u00e9 J\u00fanior Francisco (Moca FC \u2013 RD), Jos\u00e9 Carlos Abreu (Delfines del Este \u2013 RD), Michael Sambataro (CSD Liniers \u2013 Argentina), J\u00fanior Firpo (Real Betis \u2013 Espa\u00f1a), Juan Familia Castillo (RKC Waalwuk \u2013 Holanda) y Edgar Pujol (Racing Club de Ferrol \u2013 Espa\u00f1a).<\/p>\n\n\n\n<p>Mediocampistas: Jean Carlos L\u00f3pez (Cibao FC \u2013 RD), Lucas Bret\u00f3n (M\u00e1laga CF \u2013 Espa\u00f1a), Pablo Rosario (OGC Nice \u2013 Francia), Omar De La Cruz (Cibao FC \u2013 RD), Fabi\u00e1n Messina (Arenas Club de Getxo \u2013 Espa\u00f1a) y Ronaldo V\u00e1squez (Sumqayit PFK \u2013 Azerbaiy\u00e1n). Delanteros: Javier Roces (Cibao FC \u2013 RD), Juan Carlos Pineda (PFC Beroe \u2013 Bulgaria), Dorny Romero (Club Bol\u00edvar \u2013 Bolivia) y Erick Japa (Umecit FC \u2013 Panam\u00e1).<\/p>\n\n\n\n<p>Jordania est\u00e1 clasificada a la Copa Mundial FIFA 2026, la que ser\u00e1 su primera participaci\u00f3n mundialista.<\/p>\n\n\n\n<p><strong>Johnny Nieto<\/strong><\/p>\n\n\n\n<p><strong>Departamento de Comunicaciones F.D.F.<\/strong><\/p>\n\n\n\n<p>Fedofutbol Prensa <a href=\"mailto:fedofutbolprensa2019@gmail.com\">fedofutbolprensa2019@gmail.com<\/a><\/p>\n\n\n\n<p>#Fedofutbol<\/p>\n","protected":false},"excerpt":{"rendered":"<p>Rep\u00fablica Dominicana enfrenta a Jordania este martes en el Amman International Stadium a partir de la 1:00 de la tarde, partido amistoso en el marco de la presente Fecha FIFA. El seleccionado dominicano afrontar\u00e1 este examen con caras nuevas que buscan hacerse un lugar para los pr\u00f3ximos partidos oficiales. CDN Deportes transmitir\u00e1 en vivo el [&hellip;]<\/p>\n","protected":false},"author":7,"featured_media":637195,"comment_status":"closed","ping_status":"closed","sticky":false,"template":"","format":"standard","meta":{"footnotes":""},"categories":[17],"tags":[1532,2756],"class_list":["post-637183","post","type-post","status-publish","format-standard","has-post-thumbnail","hentry","category-deportes","tag-fedofutbol","tag-fifa"],"_links":{"self":[{"href":"https:\/\/diariodominicano.com\/index.php?rest_route=\/wp\/v2\/posts\/637183","targetHints":{"allow":["GET"]}}],"collection":[{"href":"https:\/\/diariodominicano.com\/index.php?rest_route=\/wp\/v2\/posts"}],"about":[{"href":"https:\/\/diariodominicano.com\/index.php?rest_route=\/wp\/v2\/types\/post"}],"author":[{"embeddable":true,"href":"https:\/\/diariodominicano.com\/index.php?rest_route=\/wp\/v2\/users\/7"}],"replies":[{"embeddable":true,"href":"https:\/\/diariodominicano.com\/index.php?rest_route=%2Fwp%2Fv2%2Fcomments&post=637183"}],"version-history":[{"count":1,"href":"https:\/\/diariodominicano.com\/index.php?rest_route=\/wp\/v2\/posts\/637183\/revisions"}],"predecessor-version":[{"id":637196,"href":"https:\/\/diariodominicano.com\/index.php?rest_route=\/wp\/v2\/posts\/637183\/revisions\/637196"}],"wp:featuredmedia":[{"embeddable":true,"href":"https:\/\/diariodominicano.com\/index.php?rest_route=\/wp\/v2\/media\/637195"}],"wp:attachment":[{"href":"https:\/\/diariodominicano.com\/index.php?rest_route=%2Fwp%2Fv2%2Fmedia&parent=637183"}],"wp:term":[{"taxonomy":"category","embeddable":true,"href":"https:\/\/diariodominicano.com\/index.php?rest_route=%2Fwp%2Fv2%2Fcategories&post=637183"},{"taxonomy":"post_tag","embeddable":true,"href":"https:\/\/diariodominicano.com\/index.php?rest_route=%2Fwp%2Fv2%2Ftags&post=637183"}],"curies":[{"name":"wp","href":"https:\/\/api.w.org\/{rel}","templated":true}]}}