{"id":637124,"date":"2025-09-08T18:10:30","date_gmt":"2025-09-08T22:10:30","guid":{"rendered":"https:\/\/diariodominicano.com\/?p=637124"},"modified":"2025-09-08T18:10:37","modified_gmt":"2025-09-08T22:10:37","slug":"geisy-pena-inspira-mujeres-con-mujer-en-victoria-tras-superar-adversidades-en-espana","status":"publish","type":"post","link":"https:\/\/diariodominicano.com\/?p=637124","title":{"rendered":"Geisy Pe\u00f1a inspira mujeres con \u2018Mujer en Victoria\u2019 tras superar adversidades en Espa\u00f1a"},"content":{"rendered":"\n<p><strong>Geisy Pe\u00f1a Turb\u00ed<\/strong>&nbsp;desarroll\u00f3 un proyecto de empoderamiento para mujeres tras un proceso de superaci\u00f3n personal en Madrid. La abogada dominicana vivi\u00f3 momentos de vulnerabilidad que la llevaron a solicitar ayuda social, experiencia que posteriormente transform\u00f3 en&nbsp;<strong>\u00abMujer en Victoria\u00bb<\/strong>, libro y movimiento inspiracional.<\/p>\n\n\n\n<p>\u00abUtilic\u00e9 todos esos obst\u00e1culos como motivaci\u00f3n para inspirar, para salir adelante y en vez de utilizarlo como una excusa para quedarme en el letargo\u00bb, explic\u00f3 Pe\u00f1a sobre su proceso de transformaci\u00f3n personal tras atravesar momentos de vulnerabilidad.<\/p>\n\n\n\n<p>Libro como herramienta de inspiraci\u00f3n<\/p>\n\n\n\n<p>\u00abMujer en Victoria\u00bb est\u00e1 dirigido a mujeres que han atravesado procesos dif\u00edciles y sienten que la vida tiene m\u00e1s que ofrecerles. El libro ser\u00e1 presentado el<strong>&nbsp;12 de septiembre a las 19:00 horas&nbsp;<\/strong>en la&nbsp;<strong>Biblioteca P\u00fablica Retiro Elena Fort\u00fan de Madrid<\/strong>&nbsp;y se encuentra disponible en Amazon<\/p>\n\n\n\n<p>\u00abQuise transmitir lo resilientes que somos las mujeres, lo poderoso que es tener la voluntad de salir adelante\u00bb, explic\u00f3 la autora sobre su motivaci\u00f3n para escribir la obra. El proyecto trasciende la publicaci\u00f3n para convertirse en un movimiento de empoderamiento.<\/p>\n\n\n\n<p>La especialista en contrataci\u00f3n p\u00fablica se\u00f1ala que las mujeres enfrentan barreras adicionales, especialmente las de origen extranjero.<\/p>\n\n\n\n<p>\u00ab<strong>Si eres una mujer de color, ya ah\u00ed las aguas se paran\u00bb, indic\u00f3 sobre los desaf\u00edos espec\u00edficos que aborda su propuesta.<\/strong><\/p>\n\n\n\n<p>Trayectoria desde San Crist\u00f3bal hasta Madrid<\/p>\n\n\n\n<p>Natural de San Crist\u00f3bal, Pe\u00f1a lleg\u00f3 inicialmente a Madrid en 2011 con una beca del Ministerio de Educaci\u00f3n para cursar un M\u00e1ster Universitario en Derecho Empresarial. Regres\u00f3 a Rep\u00fablica Dominicana, pero volvi\u00f3 definitivamente a Espa\u00f1a en 2014 por motivos familiares.<\/p>\n\n\n\n<p>&nbsp;Su carrera evolucion\u00f3 desde empleos por debajo de su cualificaci\u00f3n profesional hacia la especializaci\u00f3n en contrataci\u00f3n p\u00fablica. Actualmente participa en procesos de preparaci\u00f3n, adjudicaci\u00f3n y ejecuci\u00f3n de contratos en empresas p\u00fablicas y fundaciones del sector espa\u00f1ol.<\/p>\n\n\n\n<p>Amo Dominicana <a href=\"mailto:amodominicana1@gmail.com\">amodominicana1@gmail.com<\/a><\/p>\n","protected":false},"excerpt":{"rendered":"<p>Geisy Pe\u00f1a Turb\u00ed&nbsp;desarroll\u00f3 un proyecto de empoderamiento para mujeres tras un proceso de superaci\u00f3n personal en Madrid. La abogada dominicana vivi\u00f3 momentos de vulnerabilidad que la llevaron a solicitar ayuda social, experiencia que posteriormente transform\u00f3 en&nbsp;\u00abMujer en Victoria\u00bb, libro y movimiento inspiracional. \u00abUtilic\u00e9 todos esos obst\u00e1culos como motivaci\u00f3n para inspirar, para salir adelante y en [&hellip;]<\/p>\n","protected":false},"author":7,"featured_media":637147,"comment_status":"closed","ping_status":"closed","sticky":false,"template":"","format":"standard","meta":{"footnotes":""},"categories":[21],"tags":[3129,3127,3128],"class_list":["post-637124","post","type-post","status-publish","format-standard","has-post-thumbnail","hentry","category-cultura","tag-espana","tag-geisy-pena","tag-mujer-en-victoria"],"_links":{"self":[{"href":"https:\/\/diariodominicano.com\/index.php?rest_route=\/wp\/v2\/posts\/637124","targetHints":{"allow":["GET"]}}],"collection":[{"href":"https:\/\/diariodominicano.com\/index.php?rest_route=\/wp\/v2\/posts"}],"about":[{"href":"https:\/\/diariodominicano.com\/index.php?rest_route=\/wp\/v2\/types\/post"}],"author":[{"embeddable":true,"href":"https:\/\/diariodominicano.com\/index.php?rest_route=\/wp\/v2\/users\/7"}],"replies":[{"embeddable":true,"href":"https:\/\/diariodominicano.com\/index.php?rest_route=%2Fwp%2Fv2%2Fcomments&post=637124"}],"version-history":[{"count":1,"href":"https:\/\/diariodominicano.com\/index.php?rest_route=\/wp\/v2\/posts\/637124\/revisions"}],"predecessor-version":[{"id":637148,"href":"https:\/\/diariodominicano.com\/index.php?rest_route=\/wp\/v2\/posts\/637124\/revisions\/637148"}],"wp:featuredmedia":[{"embeddable":true,"href":"https:\/\/diariodominicano.com\/index.php?rest_route=\/wp\/v2\/media\/637147"}],"wp:attachment":[{"href":"https:\/\/diariodominicano.com\/index.php?rest_route=%2Fwp%2Fv2%2Fmedia&parent=637124"}],"wp:term":[{"taxonomy":"category","embeddable":true,"href":"https:\/\/diariodominicano.com\/index.php?rest_route=%2Fwp%2Fv2%2Fcategories&post=637124"},{"taxonomy":"post_tag","embeddable":true,"href":"https:\/\/diariodominicano.com\/index.php?rest_route=%2Fwp%2Fv2%2Ftags&post=637124"}],"curies":[{"name":"wp","href":"https:\/\/api.w.org\/{rel}","templated":true}]}}