{"id":637080,"date":"2025-09-08T11:48:11","date_gmt":"2025-09-08T15:48:11","guid":{"rendered":"https:\/\/diariodominicano.com\/?p=637080"},"modified":"2025-09-08T11:51:08","modified_gmt":"2025-09-08T15:51:08","slug":"enterate-ny-131","status":"publish","type":"post","link":"https:\/\/diariodominicano.com\/?p=637080","title":{"rendered":"Ent\u00e9rate NY"},"content":{"rendered":"\n<p><strong>PERIODISMO INFORMATIVO Y CR\u00cdTICO AL SERVICIO DE LA COMUNIDAD<\/strong><\/p>\n\n\n\n<p><strong>Por Ram\u00f3n Mercedes<\/strong><\/p>\n\n\n\n<p>\u25baAclarando:\u00a0<\/p>\n\n\n\n<p>La misi\u00f3n y el objetivo de esta columna, como bien lo indica su lema, \u00abPeriodismo Informativo y Cr\u00edtico al Servicio de la Comunidad\u00bb, es dar a conocer y poner en aviso a los dominicanos residentes en NYC sobre situaciones que no salen a la luz p\u00fablica y les pueden afectar o favorecer. No somos analistas como muchos nos han solicitado.<\/p>\n\n\n\n<p><strong>\u25ba\u00bf2,442 desaparecidos en RD?:<\/strong><\/p>\n\n\n\n<p>\u00a0Los dominicanos del exterior al viajar a la RD deben tener en cuenta lo siguiente: Es un hecho alarmante que desde julio de 2022 hasta febrero de 2025 se han reportado 2,442 personas desaparecidas, principalmente de Santo Domingo y Santiago, seg\u00fan la Asociaci\u00f3n Dominicana de Familiares de Desaparecidos (Asodofade).<\/p>\n\n\n\n<p><strong>Ver =<\/strong>&nbsp;<a href=\"https:\/\/cdn.com.do\/nacionales\/alerta-por-epidemia-de-desapariciones-en-republica-dominicana\/\" rel=\"noreferrer noopener\" target=\"_blank\">https:\/\/cdn.com.do\/nacionales\/alerta-por-epidemia-de-desapariciones-en-republica-dominicana\/<\/a><\/p>\n\n\n\n<p><strong>\u25baAbinader en NY:<\/strong>\u00a0<\/p>\n\n\n\n<figure class=\"wp-block-image size-full\"><img loading=\"lazy\" decoding=\"async\" width=\"577\" height=\"450\" src=\"https:\/\/diariodominicano.com\/wp-content\/uploads\/2025\/09\/Parrafo-3.-Abinader-en-NY.jpg\" alt=\"\" class=\"wp-image-637083\" srcset=\"https:\/\/diariodominicano.com\/wp-content\/uploads\/2025\/09\/Parrafo-3.-Abinader-en-NY.jpg 577w, https:\/\/diariodominicano.com\/wp-content\/uploads\/2025\/09\/Parrafo-3.-Abinader-en-NY-300x234.jpg 300w\" sizes=\"auto, (max-width: 577px) 100vw, 577px\" \/><\/figure>\n\n\n\n<p>Todav\u00eda no se sabe con exactitud el d\u00eda que el presidente Luis Abinader llegar\u00e1 a NYC para participar de la Asamblea General de la ONU. El debate general de alto nivel se llevar\u00e1 a cabo del 23 al 27 de este mes. Adem\u00e1s, se realizar\u00e1 un evento para los Objetivos de Desarrollo Sostenible (ODS) el 22 de septiembre y se conmemorar\u00e1 el 80\u00ba aniversario del organismo, buscando generar consenso sobre los desaf\u00edos globales actuales. Una prestante dama del perreme\u00edsmo en la RD, con mucha influencia entre los \u00abperremeeces\u00bb de NY nos inform\u00f3; ni quito ni pongo: El mandatario estar\u00e1 en la Gran Manzana para esas fechas. An\u00edbal Belliard, de Nagua, igual que el c\u00f3nsul Ch\u00fa V\u00e1squez, es el jefe de la avanzada presidencial. Tiene dos semanas en NYC, haciendo visitas y reuniones, entre otras responsabilidades. Hay \u00abcompa\u00f1eros\u00bb haciendo cartas de peticiones de nombramiento al Presidente al mont\u00f3n. Otros, llevando sus trajes a la lavander\u00eda y otros tomando prestado a sus amigos del mismo side, para lucirle al No. 1 cuando lo vean en el hotel, porque el mandatario no tiene entre sus planes visitar el local del PRM, diiicen.<\/p>\n\n\n\n<p><strong>\u25baLeonel en NY:<\/strong><\/p>\n\n\n\n<figure class=\"wp-block-image size-full\"><img loading=\"lazy\" decoding=\"async\" width=\"513\" height=\"339\" src=\"https:\/\/diariodominicano.com\/wp-content\/uploads\/2025\/09\/Parrafo-4.-Leonel-en-NY.jpg\" alt=\"\" class=\"wp-image-637085\" srcset=\"https:\/\/diariodominicano.com\/wp-content\/uploads\/2025\/09\/Parrafo-4.-Leonel-en-NY.jpg 513w, https:\/\/diariodominicano.com\/wp-content\/uploads\/2025\/09\/Parrafo-4.-Leonel-en-NY-300x198.jpg 300w\" sizes=\"auto, (max-width: 513px) 100vw, 513px\" \/><\/figure>\n\n\n\n<p>\u00a0Es costumbre en el expresidente Leonel Fern\u00e1ndez venir para esta \u00e9poca a realizar m\u00faltiples encuentros y contactos con personalidades de todo el mundo que se dan cita en la ONU. Asimismo, con empresarios de USA, acad\u00e9micos y dirigentes de su partido. \u00abUna Leona\u00bb, pidiendo reserva de su identidad, nos dijo: Ni quito ni pongo: La situaci\u00f3n de los aspirantes del exterior a la Direcci\u00f3n Pol\u00edtica (DP) de la FP est\u00e1 de lo m\u00e1s interesante, algunos dan por descartado a Gregorio Morrobel, Carlos Feliz, M\u00e1ximo Corcino, Dominico Cabral y a una recua de aspirantes sin posibilidades, mientras que las expectativas reales se centran en Marcos Cross (de Espa\u00f1a) y Leidy Laura (de USA), quienes est\u00e1n de t\u00fa a t\u00fa en RD. Diiicen que Laura y su esposo, el ex diputado Alfredo Rodr\u00edguez, han tocado todas las puertas e invertido dema$iado tiempo para tratar de que ella pueda entrar a la alta direcci\u00f3n. Si no llega en esta ocasi\u00f3n, su flamante esposo tendr\u00e1 que buscar asilo pol\u00edtico \u00a1Huumm! Mientras, otros opinan que Carlos Feliz, Morrobel, Corcino y Dominico est\u00e1n viviendo tiempo extra de su gastado liderazgo; se mantienen en las posiciones por amarres de aposento con algunos de la Direcci\u00f3n Central (DC) que son fieles a cambio de mantenerse inamovibles. \u00a1Wepa! Diiicen que esos compa\u00f1eros no llegar\u00e1n a un 15% de los sufragios porque el descr\u00e9dito en RD es su carta de presentaci\u00f3n. \u00a1Uff!<\/p>\n\n\n\n<p><strong>\u25baEl Le\u00f3n \u00a1vuelve y vuelve!:<\/strong>\u00a0<\/p>\n\n\n\n<p>La misma Leona nos inform\u00f3 que varios miembros del PRSC-NY est\u00e1n despolvando trajes que ten\u00edan mucho no usaban ya que su partido estaba inm\u00f3vil. La prestante dama, quien tuviera muy buenas relaciones en los gobiernos de Balaguer, confi\u00f3 a\u00a0<strong>Ent\u00e9rate NY<\/strong>\u00a0que muchos \u00abcompatriotas\u00bb se van con \u00abEl Le\u00f3n\u00bb y hay un encuentro pautado durante su pr\u00f3xima visita a los \u00abnuevayores\u00bb, para los \u00abcolorados\u00bb iniciar desde ya, hasta el 2028 el slogan: \u00abvuelve y vuelve\u00bb, \u00abvuelve y vuelve\u00bb. \u00a1Ay, ay, ay!<\/p>\n\n\n\n<p><strong>\u25baDNI en NYC:<\/strong><\/p>\n\n\n\n<figure class=\"wp-block-image size-full\"><img loading=\"lazy\" decoding=\"async\" width=\"483\" height=\"265\" src=\"https:\/\/diariodominicano.com\/wp-content\/uploads\/2025\/09\/Parrafo-6.-DNI-en-NYC.jpg\" alt=\"\" class=\"wp-image-637088\" srcset=\"https:\/\/diariodominicano.com\/wp-content\/uploads\/2025\/09\/Parrafo-6.-DNI-en-NYC.jpg 483w, https:\/\/diariodominicano.com\/wp-content\/uploads\/2025\/09\/Parrafo-6.-DNI-en-NYC-300x165.jpg 300w\" sizes=\"auto, (max-width: 483px) 100vw, 483px\" \/><\/figure>\n\n\n\n<p>\u00a0Diiicen que los agentes del DNI en los nuevayores, m\u00e1s de 100, est\u00e1n en estos d\u00edas muy activos privando en que son m\u00e1s que Eliot Ness y Los Intocables, Telly Savalas (Kojak) y que los detectives del NYPD. \u00a1Wow! Ahora, dice la fuente, quieren estar en los eventos, sentarse en lugares donde haya pol\u00edticos y comunitarios, con grabadoras en los bolsillos, al estilo El Gordo-NY, para o\u00edr; quieren que les digan sobre cosas que preguntan. Los informantes como se les llama (comunitarios, pol\u00edticos, periodistas, profesionales, empleados p\u00fablicos, bodegueros, taxistas y fot\u00f3grafos enganchados) no quieren que les llamen \u00absoplones\u00bb, \u00abdelatores\u00bb, ni \u00abconfidentes\u00bb. Hay que llamarlos \u00abexpertos en seguridad nacional de RD\u00bb. Un ciudadano en el Alto Manhattan vocifer\u00f3: \u00abLa mona aunque se vista de seda, mona queda\u00bb, siguen siendo \u00abcalieses\u00bb y\/o \u00abchivatos\u00bb. \u00a1Ay! En el pasado reciente se afirm\u00f3 que el DNI ten\u00eda m\u00e1s de 15 mil \u00abexpertos en seguridad nacional en RD\u00bb (calieses) \u00a1Uff!<\/p>\n\n\n\n<p><strong>Ver =<\/strong>&nbsp;<a href=\"https:\/\/listindiario.com\/la-republica\/2019\/03\/15\/557512\/ojos-y-oidos-atentos-en-salvaguardar-la-seguridad-nacional.html\" rel=\"noreferrer noopener\" target=\"_blank\">https:\/\/listindiario.com\/la-republica\/2019\/03\/15\/557512\/ojos-y-oidos-atentos-en-salvaguardar-la-seguridad-nacional.html<\/a><\/p>\n\n\n\n<p><strong>\u25baAtenci\u00f3n dominicanos en el mundo:<\/strong><\/p>\n\n\n\n<figure class=\"wp-block-image size-full\"><img loading=\"lazy\" decoding=\"async\" width=\"588\" height=\"386\" src=\"https:\/\/diariodominicano.com\/wp-content\/uploads\/2025\/09\/Parrafo-7.-Atencion-dominicanos-en-el-mundo.jpg\" alt=\"\" class=\"wp-image-637089\" srcset=\"https:\/\/diariodominicano.com\/wp-content\/uploads\/2025\/09\/Parrafo-7.-Atencion-dominicanos-en-el-mundo.jpg 588w, https:\/\/diariodominicano.com\/wp-content\/uploads\/2025\/09\/Parrafo-7.-Atencion-dominicanos-en-el-mundo-300x197.jpg 300w\" sizes=\"auto, (max-width: 588px) 100vw, 588px\" \/><\/figure>\n\n\n\n<p><strong>\u00a0<\/strong>La denuncia que hiciera la semana pasada Julio Mart\u00ednez Pozo, director del programa El Sol de la Ma\u00f1ana, ha causado alarma entre dominicanos en esta ciudad, NJ, Ct. y Pensilvania. Nos han escrito a trav\u00e9s de WhatsApp, E-Mail y correos electr\u00f3nicos, afirmando estar aterrados en sus centros de labores (barber\u00eda, bases de taxis, bodegas, restaurant, salones de belleza, consultorios y tiendas, entre otros lugares) por la estafa tan sofisticada. Mart\u00ednez Pozo afirm\u00f3 que la inteligencia artificial generativa puede tomar la imagen y voz de cualquier persona y emitir mensajes que parezcan que son de esa persona, para usarlo de manera fraudulenta. Muy f\u00e1cilmente una persona llama en nombre de un amigo y se entiende que est\u00e1s hablando con ese amigo, y le plantea cualquier cosa. Hay que desarrollar claves de comunicaci\u00f3n. Es conveniente y beneficio establecer un c\u00f3digo entre sus gentes; como Juan Pablo Duarte, El Malec\u00f3n, 2150, y comprobarlo despu\u00e9s de una de esas llamadas solicit\u00e1ndole tal o cual cosa.\u00a0<strong>Ver =<\/strong>\u00a0<a href=\"https:\/\/www.youtube.com\/watch?v=hdgNvU-u_3E\" target=\"_blank\" rel=\"noreferrer noopener\">https:\/\/www.youtube.com\/watch?v=hdgNvU-u_3E<\/a>\u00a0<\/p>\n\n\n\n<p><strong>\u25baPara muchos:<\/strong>\u00a0<\/p>\n\n\n\n<p>Nos escriben desde el Alto Manhattan. Ni quito ni pongo. Por considerarlo de importante e inter\u00e9s para una gran cantidad de \u00abmequetrefe\u00bb, \u00abbotarate\u00bb, \u00abfantoche\u00bb, \u00abmamarracho\u00bb, \u00abchiquilicuatre\u00bb, \u00abchisgarab\u00eds\u00bb, \u00abtarambana\u00bb, \u00abzascandil\u00bb, entre otros calificativos para las personas entrometidas, reproducido el env\u00edo de este art\u00edculo:\u00a0<strong><em>\u00abHay gente que solo le busca sentido a la vida jodiendo a otro\u00bb.<\/em><\/strong><\/p>\n\n\n\n<p><strong><em>Ver&nbsp;<\/em><\/strong><a href=\"https:\/\/elpregonerord.com\/ana-simo-hay-gente-que-solo-le-busca-sentido-a-la-vida-jodiendo-a-otro\/\" rel=\"noreferrer noopener\" target=\"_blank\">https:\/\/elpregonerord.com\/ana-simo-hay-gente-que-solo-le-busca-sentido-a-la-vida-jodiendo-a-otro\/<\/a><\/p>\n\n\n\n<p>\u25baEl Buck Canel dominicano:\u00a0<\/p>\n\n\n\n<figure class=\"wp-block-image size-full\"><img loading=\"lazy\" decoding=\"async\" width=\"483\" height=\"360\" src=\"https:\/\/diariodominicano.com\/wp-content\/uploads\/2025\/09\/Parrafo-9.-El-Buck-Canel-dominicano.jpg\" alt=\"\" class=\"wp-image-637091\" srcset=\"https:\/\/diariodominicano.com\/wp-content\/uploads\/2025\/09\/Parrafo-9.-El-Buck-Canel-dominicano.jpg 483w, https:\/\/diariodominicano.com\/wp-content\/uploads\/2025\/09\/Parrafo-9.-El-Buck-Canel-dominicano-300x224.jpg 300w\" sizes=\"auto, (max-width: 483px) 100vw, 483px\" \/><\/figure>\n\n\n\n<p>Muchos recuerdan al \u00edcono de la narraci\u00f3n deportiva hispana en Grandes Ligas, Buck Canel (No se vayan que esto se pone bueno). Observadores quisqueyanos en el Alto Manhattan, diiicen que el Buck Canel de la RD lo es el infalible narrador dominicano (de Moca) en Grandes Ligas en NY, Gabriel Balc\u00e1cer. Un fen\u00f3meno frente al micr\u00f3fono. \u00c9l junto a la tambi\u00e9n locutora\u00a0\u00a0Yanelin Ciprian, hicieron gala de una precisa alocuci\u00f3n, durante la inauguraci\u00f3n y clausura de los reci\u00e9n juegos Juan Pablo Duarte, ante miles de fan\u00e1ticos, el ministro de cultura, Kelvin Cruz, el c\u00f3nsul Ch\u00fa V\u00e1squez y otras autoridades del estado y NYC. El reconocido periodista Tony Balbuena define a ambos locutores: \u00abConnotado cronista deportivo de larga data y la talentosa y joven Ciprian impusieron, en escenario multitudinario, la entonaci\u00f3n, fluidez y buena dicci\u00f3n desde el inicio hasta el final. El diestro manejo en tarima hizo sinton\u00eda con el p\u00fablico presente. Recibieron elogios de los presentes y otros reconocieron la gran labor de los conductores del ceremonial de clausura.\u00a0<strong>Ent\u00e9rate NY<\/strong>\u00a0felicita a esas personas consagradas de la narraci\u00f3n deportiva, que vienen desde hace alg\u00fan tiempo enalteciendo la dominicanidad y poniendo en alto la bandera tricolor en playas extranjeras. \u00a1Felicidades!<\/p>\n\n\n\n<p><strong>\u25baDe la Embajada EUA-RD:<\/strong>\u00a0<\/p>\n\n\n\n<p>El Departamento de Estado de los EE. UU. recomienda a los ciudadanos estadounidenses adquirir un seguro de viaje antes de salir al extranjero. Contar con un seguro de viaje es un paso fundamental que no debe pasarse por alto. En RD, la atenci\u00f3n m\u00e9dica requiere pago por adelantado, incluso en casos de emergencia, y los costos pueden aumentar r\u00e1pidamente. El seguro de viaje puede cubrir visitas al hospital, vuelos cancelados, equipaje perdido e incluso evacuaciones m\u00e9dicas si fueran necesarias. Muchos planes tambi\u00e9n ofrecen asistencia en ingl\u00e9s las 24 horas del d\u00eda, lo que garantiza apoyo en situaciones inesperadas. Esta tranquilidad permite a los viajeros disfrutar su estad\u00eda sin preocupaciones.<\/p>\n\n\n\n<p><strong>\u25baUn valor dominicano en NY:<\/strong><\/p>\n\n\n\n<figure class=\"wp-block-image size-full\"><img loading=\"lazy\" decoding=\"async\" width=\"553\" height=\"679\" src=\"https:\/\/diariodominicano.com\/wp-content\/uploads\/2025\/09\/Parrafo-11.-Un-valor-dominicano.-en-NY.jpg\" alt=\"\" class=\"wp-image-637093\" srcset=\"https:\/\/diariodominicano.com\/wp-content\/uploads\/2025\/09\/Parrafo-11.-Un-valor-dominicano.-en-NY.jpg 553w, https:\/\/diariodominicano.com\/wp-content\/uploads\/2025\/09\/Parrafo-11.-Un-valor-dominicano.-en-NY-244x300.jpg 244w\" sizes=\"auto, (max-width: 553px) 100vw, 553px\" \/><\/figure>\n\n\n\n<p>\u00a0Dar\u00edo Abreu, reconocido periodista dominicano en NYC desde hace d\u00e9cadas, viene luchando por los mejores intereses de sus connacionales en la Gran Manzana, tanto en lo social y comunitario. Ha pertenecido a varias organizaciones comunitarias dedicando gran parte de su tiempo a trabajar desinteresadamente por el bien de su comunidad. Laborado en el consulado dominicano NY convirti\u00e9ndose en un empleado ejemplar, Mantiene como norte un pensamiento del Che Guevara\u00a0<strong>=<\/strong>\u00a0\u00abEn la tierra hace falta personas que trabajen m\u00e1s y critiquen menos, que construyan m\u00e1s y destruyan menos, que prometan menos y resuelvan m\u00e1s, que esperen recibir menos y dar m\u00e1s, que digan mejor ahora que ma\u00f1ana. Si usted lo ve caminar por ah\u00ed, como lo hace de costumbre, d\u00edgale \u00abDar\u00edo, usted es un valor dominicano en NY\u00bb<\/p>\n\n\n\n<p><strong>\u25baUn valor dominicano en NY:<\/strong>&nbsp;Dar\u00edo Abreu, reconocido periodista dominicano en NYC desde hace d\u00e9cadas, viene luchando por los mejores intereses de sus connacionales en la Gran Manzana, tanto en lo social y comunitario. Ha pertenecido a varias organizaciones comunitarias dedicando gran parte de su tiempo a trabajar desinteresadamente por el bien de su comunidad. Laborado en el consulado dominicano NY convirti\u00e9ndose en un empleado ejemplar, Mantiene como norte un pensamiento del Che Guevara = \u00abEn la tierra hace falta personas que trabajen m\u00e1s y critiquen menos, que construyan m\u00e1s y destruyan menos, que prometan menos y resuelvan m\u00e1s, que esperen recibir menos y dar m\u00e1s, que digan mejor ahora que ma\u00f1ana. Si usted lo ve caminar por ah\u00ed, como lo hace de costumbre, d\u00edgale \u00abDar\u00edo, usted es un valor dominicano en NY\u00bb<\/p>\n\n\n\n<p><strong>\u25ba<\/strong><strong>Cultura General:<\/strong>\u00a0<\/p>\n\n\n\n<p>El kamasutra es un texto hinduista que habla sobre el comportamiento sexual de los seres humanos. Este libro ense\u00f1a el arte de cortejar a una mujer, c\u00f3mo seducir a un hombre y t\u00e9cnicas para complacerse mutuamente.\u00a0<strong>Ver =<\/strong>\u00a0<a href=\"https:\/\/www.eltiempo.com\/cultura\/gente\/kamasutra-la-postura-del-arquero-es-una-posicion-sexual-que-aumenta-el-placer-780961\" target=\"_blank\" rel=\"noreferrer noopener\">https:\/\/www.eltiempo.com\/cultura\/gente\/kamasutra-la-postura-del-arquero-es-una-posicion-sexual-que-aumenta-el-placer-780961<\/a>\u00a0<\/p>\n\n\n\n<p>\u25baSalud:\u00a0<\/p>\n\n\n\n<p>Si \u00faltimamente sientes irritaci\u00f3n, fatiga o estr\u00e9s en la RD, puede que la causa est\u00e9 m\u00e1s cerca de lo que imaginas. Aunque parezca imposible de creer, los constantes apagones que han afectado durante semanas a la RD, pueden tener un impacto negativo en la salud de la poblaci\u00f3n, seg\u00fan la doctora Mircia Pacheco de Ram\u00edrez.<\/p>\n\n\n\n<p>\u25baServicio comunitario:<\/p>\n\n\n\n<p>\u00a0Ayuda para pagar el tel\u00e9fono, a trav\u00e9s del programa Lifeline el Gobierno ofrece ayuda. M\u00e1s informaci\u00f3n\u00a0<strong>=<\/strong>\u00a0<a href=\"http:\/\/www.fcc.gov\/\" target=\"_blank\" rel=\"noreferrer noopener\">www.fcc.gov<\/a><\/p>\n\n\n\n<p><strong>\u25baSobre el espa\u00f1ol:<\/strong><\/p>\n\n\n\n<p>\u00a0Imp\u00fadico\u00a0<strong>=<\/strong>\u00a0Descarado, falto de pudor.<\/p>\n\n\n\n<p>\u25baFrase:&nbsp;\u00abDe tal palo, tal astilla\u00bb&nbsp;<strong>=<\/strong>&nbsp;Significa que los hijos tienden a heredar caracter\u00edsticas f\u00edsicas, de car\u00e1cter o de comportamiento de sus padres.<\/p>\n\n\n\n<p><strong>\u25baD\u00f3lar y Euro hasta este domingo 7<\/strong>:<\/p>\n\n\n\n<p> Compra del d\u00f3lar 62.60 y venta 64.02; Compra euro 72.50 y venta 76.63<\/p>\n\n\n\n<p><strong>\u25baCombustibles:<\/strong>\u00a0<\/p>\n\n\n\n<p>Del 6 al 12 de agosto: Gasolina Premium a $290.10. Regular a $272.50. Gasoil Optimo $242.10. Regular a $224.80. Gas Licuado a $137.20. Gas Natural $43.97<\/p>\n\n\n\n<p><strong>\u25baPara comunicarse con nosotros:<\/strong>&nbsp;Escribir a&nbsp;<a href=\"mailto:santodomingoaldia@yahoo.com\" rel=\"noreferrer noopener\" target=\"_blank\">santodomingoaldia@yahoo.com<\/a>&nbsp;&nbsp;<\/p>\n","protected":false},"excerpt":{"rendered":"<p>PERIODISMO INFORMATIVO Y CR\u00cdTICO AL SERVICIO DE LA COMUNIDAD Por Ram\u00f3n Mercedes \u25baAclarando:\u00a0 La misi\u00f3n y el objetivo de esta columna, como bien lo indica su lema, \u00abPeriodismo Informativo y Cr\u00edtico al Servicio de la Comunidad\u00bb, es dar a conocer y poner en aviso a los dominicanos residentes en NYC sobre situaciones que no salen [&hellip;]<\/p>\n","protected":false},"author":2,"featured_media":404115,"comment_status":"closed","ping_status":"closed","sticky":false,"template":"","format":"standard","meta":{"footnotes":""},"categories":[21,36],"tags":[],"class_list":["post-637080","post","type-post","status-publish","format-standard","has-post-thumbnail","hentry","category-cultura","category-hombresmujeresycosas"],"_links":{"self":[{"href":"https:\/\/diariodominicano.com\/index.php?rest_route=\/wp\/v2\/posts\/637080","targetHints":{"allow":["GET"]}}],"collection":[{"href":"https:\/\/diariodominicano.com\/index.php?rest_route=\/wp\/v2\/posts"}],"about":[{"href":"https:\/\/diariodominicano.com\/index.php?rest_route=\/wp\/v2\/types\/post"}],"author":[{"embeddable":true,"href":"https:\/\/diariodominicano.com\/index.php?rest_route=\/wp\/v2\/users\/2"}],"replies":[{"embeddable":true,"href":"https:\/\/diariodominicano.com\/index.php?rest_route=%2Fwp%2Fv2%2Fcomments&post=637080"}],"version-history":[{"count":2,"href":"https:\/\/diariodominicano.com\/index.php?rest_route=\/wp\/v2\/posts\/637080\/revisions"}],"predecessor-version":[{"id":637095,"href":"https:\/\/diariodominicano.com\/index.php?rest_route=\/wp\/v2\/posts\/637080\/revisions\/637095"}],"wp:featuredmedia":[{"embeddable":true,"href":"https:\/\/diariodominicano.com\/index.php?rest_route=\/wp\/v2\/media\/404115"}],"wp:attachment":[{"href":"https:\/\/diariodominicano.com\/index.php?rest_route=%2Fwp%2Fv2%2Fmedia&parent=637080"}],"wp:term":[{"taxonomy":"category","embeddable":true,"href":"https:\/\/diariodominicano.com\/index.php?rest_route=%2Fwp%2Fv2%2Fcategories&post=637080"},{"taxonomy":"post_tag","embeddable":true,"href":"https:\/\/diariodominicano.com\/index.php?rest_route=%2Fwp%2Fv2%2Ftags&post=637080"}],"curies":[{"name":"wp","href":"https:\/\/api.w.org\/{rel}","templated":true}]}}