{"id":636876,"date":"2025-09-07T18:51:49","date_gmt":"2025-09-07T22:51:49","guid":{"rendered":"https:\/\/diariodominicano.com\/?p=636876"},"modified":"2025-09-07T18:51:51","modified_gmt":"2025-09-07T22:51:51","slug":"senador-moises-ayala-rinde-cuentas-de-su-primer-ano-de-gestion-2024-2025","status":"publish","type":"post","link":"https:\/\/diariodominicano.com\/?p=636876","title":{"rendered":"Senador Mois\u00e9s Ayala rinde cuentas de su primer a\u00f1o de gesti\u00f3n 2024-2025"},"content":{"rendered":"\n<p>Barahona.- Con el lema \u201cUn a\u00f1o de resultados\u201d, el senador Mois\u00e9s Ayala, representante de la provincia Barahona, realiz\u00f3 su rendici\u00f3n de cuentas correspondiente al primer a\u00f1o de gesti\u00f3n 2024-2025, en cumplimiento al art\u00edculo 92 de la Constituci\u00f3n Dominicana que establece que, los legisladores deber\u00e1n ofrecer cada a\u00f1o un informe detallado sobre su labor legislativa.<\/p>\n\n\n\n<p>El encuentro tuvo como objetivo ofrecer a la ciudadan\u00eda un informe claro, transparente y completo sobre las iniciativas legislativas y los compromisos cumplidos a favor &nbsp;de la provincia, la regi\u00f3n y el pa\u00eds.<\/p>\n\n\n\n<figure class=\"wp-block-image\"><img decoding=\"async\" src=\"https:\/\/diariodominicano.com\/wp-content\/uploads\/2025\/09\/Senador-Moises-Ayala-rinde-cuentas-de-su-primer-ano-de-gestion-2024-2025-1024x681.jpeg\" alt=\"\"\/><\/figure>\n\n\n\n<p>El acto cont\u00f3 con la presencia del presidente del Senado, Ricardo de los Santos y de los senadores Guillermo Lama (Bahoruco); Gustavo Lara (San Crist\u00f3bal); y Johnson Encarnaci\u00f3n (El\u00edas Pi\u00f1a); as\u00ed como familiares, funcionarios, autoridades, miembros de la prensa y comunitarios que acompa\u00f1aron al legislador.<\/p>\n\n\n\n<figure class=\"wp-block-image\"><img decoding=\"async\" src=\"https:\/\/diariodominicano.com\/wp-content\/uploads\/2025\/09\/Senador-Moises-Ayala-rinde-cuentas-de-su-primer-ano-gestion-2024-2025-1024x681.jpeg\" alt=\"\"\/><\/figure>\n\n\n\n<p>Durante su disertaci\u00f3n, el senador Ayala, detall\u00f3 los logros alcanzados y avances sobre proyectos de resoluciones y leyes sometidas en el Senado de la Rep\u00fablica, que fueron presentadas a trav\u00e9s de una proyecci\u00f3n audiovisual.<\/p>\n\n\n\n<p>Mois\u00e9s Ayala destac\u00f3 la iniciativa referente a los operativos m\u00e9dicos en beneficio de mujeres afectadas de gigantomastia, adem\u00e1s explic\u00f3 sobre la utilizaci\u00f3n de los fondos solidarios destinados a la Gesti\u00f3n de la Oficina Senatorial, asegurando que se manejan con transparencia y en beneficio de la provincia Barahona.<\/p>\n\n\n\n<p>Asimismo, present\u00f3 los aportes &nbsp;sociales y &nbsp;gestiones a favor de la poblaci\u00f3n, indicando que \u201cen asistencia social, el 8% solo se utiliza para gastos de oficina, mientras que el 92% es para ayuda de los barahoneros en salud, educaci\u00f3n, servicios funerarios, &nbsp;juventud, deporte, y en apoyo a gestiones para becas estudiantiles, infraestructuras, y servicios comunitarios, demostrando la diversidad y alcance de su gesti\u00f3n.<\/p>\n\n\n\n<p>El legislador resalt\u00f3, adem\u00e1s, &nbsp;el &nbsp;proyecto para impulsar el desarrollo en toda la regi\u00f3n Sur, as\u00ed como su ardua labor en ocho comisiones permanentes de trabajo, presidiendo la Comisi\u00f3n de Econom\u00eda, Planificaci\u00f3n y Desarrollo.<\/p>\n\n\n\n<p>Tambi\u00e9n, &nbsp;se refiri\u00f3 a su participaci\u00f3n en comisiones bicamerales y especiales, donde presidi\u00f3 la comisi\u00f3n especial relativo a la fusi\u00f3n de los ministerios de Hacienda y de Econom\u00eda y Planificaci\u00f3n, y, actualmente preside la Comisi\u00f3n Especial de Salud Mental, de la cual &nbsp;expres\u00f3 se est\u00e1 \u201ctrabajando para que en cada hospital de los municipios cabecera de las 31 provincias &nbsp;y el Distrito Nacional, hayan centros de atenci\u00f3n en crisis para los pacientes psiqui\u00e1tricos para poder combatir el da\u00f1o y la enfermedad mental\u201d, en virtud a la cantidad de muertes que ocurren en el pa\u00eds.<\/p>\n\n\n\n<p>Mois\u00e9s Ayala destac\u00f3 los proyectos de impacto provincial como el Hospital Oncol\u00f3gico de Barahona, as\u00ed como propuestas de alcance nacional.<\/p>\n\n\n\n<p>\u201cCreo que hemos hecho una gran labor, en funci\u00f3n de legislar, fiscalizar y representar, pues yo no solamente represento al partido del gobierno, yo represento a cada barahonero &nbsp;y barahonera de los diferentes partidos pol\u00edticos, &nbsp;a cada hombre y mujer dominicano y dominicana, buscando en el Congreso Nacional lo mejor para mi gente\u201d, indic\u00f3 el legislador Mois\u00e9s Ayala.<\/p>\n\n\n\n<p>Previo al acto formal de rendici\u00f3n de cuentas, se desarroll\u00f3 un di\u00e1logo al estilo panel con la participaci\u00f3n del presidente del Senado, Ricardo de los Santos, quien mostr\u00f3 su respaldo a la labor legislativa del senador Mois\u00e9s Ayala, al igual que los senadores &nbsp;Guillermo Lama de Bahoruco y Johnson Encarnaci\u00f3n de El\u00edas Pi\u00f1a.<\/p>\n\n\n\n<p>La ceremonia se llev\u00f3 a cabo en el Centro Cristiano de Resurrecci\u00f3n y Vida de Barahona, donde el legislador estuvo acompa\u00f1ado de su esposa, la doctora Carmen Nohanna Cabral y de su &nbsp;madre, do\u00f1a Josefa Altagracia P\u00e9rez.<\/p>\n\n\n\n<p>Adem\u00e1s, asistieron los diputados &nbsp;Aquiles Ledesma, Jos\u00e9 del Carmen Montero y Sara F\u00e9liz, as\u00ed como el director ejecutivo del Instituto Nacional de Aguas Potables y Alcantarillados (INAPA), Wellington Arnaud, la gobernadora provincial, Oneida Feliz Medina, el director ejecutivo del Instituto para el Desarrollo del Suroeste (INDESUR), Noel Octavio Suberv\u00ed Nin; el director de la Policia Nacional de la regi\u00f3n Sur, el general Claudio Gonz\u00e1lez Moquete; el director regional de la Direcci\u00f3n General de Seguridad de Tr\u00e1nsito y Transporte Terrestre (DIGESETT), Coronel Miguel Antonio Guzm\u00e1n, autoridades judiciales, invitados especiales y otras personalidades.<\/p>\n\n\n\n<p>La bendici\u00f3n en el masivo evento, estuvo a cargo del padre \u00c1ngel Cuevas, p\u00e1rroco de la catedral Nuestra Se\u00f1ora del Rosario de Barahona.<\/p>\n\n\n\n<p>Por Ofra Rodr\u00edguez<\/p>\n\n\n\n<p>#Barahona<\/p>\n\n\n\n<p>#Mois\u00e9sAyala<\/p>\n\n\n\n<p>#Senador<\/p>\n","protected":false},"excerpt":{"rendered":"<p>Barahona.- Con el lema \u201cUn a\u00f1o de resultados\u201d, el senador Mois\u00e9s Ayala, representante de la provincia Barahona, realiz\u00f3 su rendici\u00f3n de cuentas correspondiente al primer a\u00f1o de gesti\u00f3n 2024-2025, en cumplimiento al art\u00edculo 92 de la Constituci\u00f3n Dominicana que establece que, los legisladores deber\u00e1n ofrecer cada a\u00f1o un informe detallado sobre su labor legislativa. El [&hellip;]<\/p>\n","protected":false},"author":7,"featured_media":636915,"comment_status":"closed","ping_status":"closed","sticky":false,"template":"","format":"standard","meta":{"footnotes":""},"categories":[36],"tags":[2359],"class_list":["post-636876","post","type-post","status-publish","format-standard","has-post-thumbnail","hentry","category-hombresmujeresycosas","tag-senado"],"_links":{"self":[{"href":"https:\/\/diariodominicano.com\/index.php?rest_route=\/wp\/v2\/posts\/636876","targetHints":{"allow":["GET"]}}],"collection":[{"href":"https:\/\/diariodominicano.com\/index.php?rest_route=\/wp\/v2\/posts"}],"about":[{"href":"https:\/\/diariodominicano.com\/index.php?rest_route=\/wp\/v2\/types\/post"}],"author":[{"embeddable":true,"href":"https:\/\/diariodominicano.com\/index.php?rest_route=\/wp\/v2\/users\/7"}],"replies":[{"embeddable":true,"href":"https:\/\/diariodominicano.com\/index.php?rest_route=%2Fwp%2Fv2%2Fcomments&post=636876"}],"version-history":[{"count":1,"href":"https:\/\/diariodominicano.com\/index.php?rest_route=\/wp\/v2\/posts\/636876\/revisions"}],"predecessor-version":[{"id":636917,"href":"https:\/\/diariodominicano.com\/index.php?rest_route=\/wp\/v2\/posts\/636876\/revisions\/636917"}],"wp:featuredmedia":[{"embeddable":true,"href":"https:\/\/diariodominicano.com\/index.php?rest_route=\/wp\/v2\/media\/636915"}],"wp:attachment":[{"href":"https:\/\/diariodominicano.com\/index.php?rest_route=%2Fwp%2Fv2%2Fmedia&parent=636876"}],"wp:term":[{"taxonomy":"category","embeddable":true,"href":"https:\/\/diariodominicano.com\/index.php?rest_route=%2Fwp%2Fv2%2Fcategories&post=636876"},{"taxonomy":"post_tag","embeddable":true,"href":"https:\/\/diariodominicano.com\/index.php?rest_route=%2Fwp%2Fv2%2Ftags&post=636876"}],"curies":[{"name":"wp","href":"https:\/\/api.w.org\/{rel}","templated":true}]}}