{"id":636754,"date":"2025-09-06T23:48:45","date_gmt":"2025-09-07T03:48:45","guid":{"rendered":"https:\/\/diariodominicano.com\/?p=636754"},"modified":"2025-09-07T00:01:27","modified_gmt":"2025-09-07T04:01:27","slug":"pleno-de-la-junta-central-electoral-recibe-propuestas-para-aspirantes-a-miembros-de-juntas-electorales-en-santiago-la-vega-y-sfm","status":"publish","type":"post","link":"https:\/\/diariodominicano.com\/?p=636754","title":{"rendered":"Pleno de la Junta Central Electoral  recibe propuestas para aspirantes a miembros de Juntas Electorales en Santiago, La Vega y SFM"},"content":{"rendered":"\n<p>La actividad fue encabezada por el presidente de la JCE, Rom\u00e1n Andr\u00e9s J\u00e1quez Liranzo, junto a los miembros titulares Dolores Fern\u00e1ndez S\u00e1nchez, Samir Chami Isa, Hirayda Fern\u00e1ndez Guzm\u00e1n y Rafael Armando Vallejo Santelises.<\/p>\n\n\n\n<figure class=\"wp-block-image size-large\"><img loading=\"lazy\" decoding=\"async\" width=\"1024\" height=\"683\" src=\"https:\/\/diariodominicano.com\/wp-content\/uploads\/2025\/09\/Roman-Jaquez-2-1024x683.jpeg\" alt=\"\" class=\"wp-image-636757\" srcset=\"https:\/\/diariodominicano.com\/wp-content\/uploads\/2025\/09\/Roman-Jaquez-2-1024x683.jpeg 1024w, https:\/\/diariodominicano.com\/wp-content\/uploads\/2025\/09\/Roman-Jaquez-2-300x200.jpeg 300w, https:\/\/diariodominicano.com\/wp-content\/uploads\/2025\/09\/Roman-Jaquez-2-768x512.jpeg 768w, https:\/\/diariodominicano.com\/wp-content\/uploads\/2025\/09\/Roman-Jaquez-2-1536x1024.jpeg 1536w, https:\/\/diariodominicano.com\/wp-content\/uploads\/2025\/09\/Roman-Jaquez-2-816x544.jpeg 816w, https:\/\/diariodominicano.com\/wp-content\/uploads\/2025\/09\/Roman-Jaquez-2.jpeg 1599w\" sizes=\"auto, (max-width: 1024px) 100vw, 1024px\" \/><\/figure>\n\n\n\n<p>El presidente de la JCE,  Rom\u00e1n Andr\u00e9s J\u00e1quez Liranzo, junto a los miembros titulares Dolores Fern\u00e1ndez S\u00e1nchez, Samir Chami Isa, Hirayda Fern\u00e1ndez Guzm\u00e1n y Rafael Armando Vallejo Santelises.<\/p>\n\n\n\n<figure class=\"wp-block-image size-large\"><img loading=\"lazy\" decoding=\"async\" width=\"1024\" height=\"683\" src=\"https:\/\/diariodominicano.com\/wp-content\/uploads\/2025\/09\/Conf.-13-1024x683.jpeg\" alt=\"\" class=\"wp-image-636768\" srcset=\"https:\/\/diariodominicano.com\/wp-content\/uploads\/2025\/09\/Conf.-13-1024x683.jpeg 1024w, https:\/\/diariodominicano.com\/wp-content\/uploads\/2025\/09\/Conf.-13-300x200.jpeg 300w, https:\/\/diariodominicano.com\/wp-content\/uploads\/2025\/09\/Conf.-13-768x512.jpeg 768w, https:\/\/diariodominicano.com\/wp-content\/uploads\/2025\/09\/Conf.-13-1536x1024.jpeg 1536w, https:\/\/diariodominicano.com\/wp-content\/uploads\/2025\/09\/Conf.-13-816x544.jpeg 816w, https:\/\/diariodominicano.com\/wp-content\/uploads\/2025\/09\/Conf.-13.jpeg 1599w\" sizes=\"auto, (max-width: 1024px) 100vw, 1024px\" \/><\/figure>\n\n\n\n<p>Enlaces de videos:\u00a0<a href=\"https:\/\/www.swisstransfer.com\/d\/80d15588-454b-4677-8126-51a7bd5f9a92\" target=\"_blank\" rel=\"noreferrer noopener\">https:\/\/www.swisstransfer.com\/d\/80d15588-454b-4677-8126-51a7bd5f9a92<\/a><\/p>\n\n\n\n<p>Diario Dominicano<\/p>\n\n\n\n<p>San Francisco de Macor\u00eds, RD. \u2013 El Pleno de la Junta Central Electoral (JCE) recibi\u00f3 esta semana las propuestas de aspirantes a miembros de Juntas Electorales en los municipios de Santiago, La Vega y San Francisco de Macor\u00eds, con miras a las elecciones de 2028.<\/p>\n\n\n\n<p>El \u00d3rgano Electoral inform\u00f3 que el  proceso forma parte de los esfuerzos de la JCE para garantizar la transparencia y la participaci\u00f3n ciudadana en el sistema electoral dominicano.<\/p>\n\n\n\n<figure class=\"wp-block-image size-large\"><img loading=\"lazy\" decoding=\"async\" width=\"1024\" height=\"683\" src=\"https:\/\/diariodominicano.com\/wp-content\/uploads\/2025\/09\/Conf.-02-1024x683.jpeg\" alt=\"\" class=\"wp-image-636759\" srcset=\"https:\/\/diariodominicano.com\/wp-content\/uploads\/2025\/09\/Conf.-02-1024x683.jpeg 1024w, https:\/\/diariodominicano.com\/wp-content\/uploads\/2025\/09\/Conf.-02-300x200.jpeg 300w, https:\/\/diariodominicano.com\/wp-content\/uploads\/2025\/09\/Conf.-02-768x512.jpeg 768w, https:\/\/diariodominicano.com\/wp-content\/uploads\/2025\/09\/Conf.-02-1536x1024.jpeg 1536w, https:\/\/diariodominicano.com\/wp-content\/uploads\/2025\/09\/Conf.-02-816x544.jpeg 816w, https:\/\/diariodominicano.com\/wp-content\/uploads\/2025\/09\/Conf.-02.jpeg 1599w\" sizes=\"auto, (max-width: 1024px) 100vw, 1024px\" \/><\/figure>\n\n\n\n<p>La actividad estuvo encabezada por el presidente de la JCE, Rom\u00e1n Andr\u00e9s J\u00e1quez Liranzo, junto a los miembros titulares Dolores Fern\u00e1ndez S\u00e1nchez, Samir Chami Isa, Hirayda Fern\u00e1ndez Guzm\u00e1n y Rafael Armando Vallejo Santelises.<\/p>\n\n\n\n<p>Estuvieron, adem\u00e1s, los secretarios administrativos Clara Castellanos, en Santiago; Maureen Rodr\u00edguez, en La Vega; y Mart\u00edn Ortega, en San Francisco de Macor\u00eds, acompa\u00f1ados de los miembros titulares y suplentes de las respectivas Juntas Electorales.<\/p>\n\n\n\n<figure class=\"wp-block-image size-large\"><img loading=\"lazy\" decoding=\"async\" width=\"1024\" height=\"683\" src=\"https:\/\/diariodominicano.com\/wp-content\/uploads\/2025\/09\/Conf.-03-1024x683.jpeg\" alt=\"\" class=\"wp-image-636760\" srcset=\"https:\/\/diariodominicano.com\/wp-content\/uploads\/2025\/09\/Conf.-03-1024x683.jpeg 1024w, https:\/\/diariodominicano.com\/wp-content\/uploads\/2025\/09\/Conf.-03-300x200.jpeg 300w, https:\/\/diariodominicano.com\/wp-content\/uploads\/2025\/09\/Conf.-03-768x512.jpeg 768w, https:\/\/diariodominicano.com\/wp-content\/uploads\/2025\/09\/Conf.-03-1536x1024.jpeg 1536w, https:\/\/diariodominicano.com\/wp-content\/uploads\/2025\/09\/Conf.-03-816x544.jpeg 816w, https:\/\/diariodominicano.com\/wp-content\/uploads\/2025\/09\/Conf.-03.jpeg 1599w\" sizes=\"auto, (max-width: 1024px) 100vw, 1024px\" \/><\/figure>\n\n\n\n<p>Tambi\u00e9n se cont\u00f3 con la presencia de representantes de las distintas organizaciones pol\u00edticas, miembros de la sociedad civil y de las iglesias.<\/p>\n\n\n\n<p>En cada uno de los encuentros los ciudadanos y ciudadanas interesados en formar parte de estas Juntas Electorales, tuvieron la oportunidad de presentar sus propuestas y demostrar su compromiso con el fortalecimiento de la democracia en el pa\u00eds.<\/p>\n\n\n\n<figure class=\"wp-block-image size-large\"><img loading=\"lazy\" decoding=\"async\" width=\"683\" height=\"1024\" src=\"https:\/\/diariodominicano.com\/wp-content\/uploads\/2025\/09\/Conf.-04-683x1024.jpeg\" alt=\"\" class=\"wp-image-636761\" srcset=\"https:\/\/diariodominicano.com\/wp-content\/uploads\/2025\/09\/Conf.-04-683x1024.jpeg 683w, https:\/\/diariodominicano.com\/wp-content\/uploads\/2025\/09\/Conf.-04-200x300.jpeg 200w, https:\/\/diariodominicano.com\/wp-content\/uploads\/2025\/09\/Conf.-04-768x1152.jpeg 768w, https:\/\/diariodominicano.com\/wp-content\/uploads\/2025\/09\/Conf.-04-1024x1536.jpeg 1024w, https:\/\/diariodominicano.com\/wp-content\/uploads\/2025\/09\/Conf.-04-816x1224.jpeg 816w, https:\/\/diariodominicano.com\/wp-content\/uploads\/2025\/09\/Conf.-04.jpeg 1066w\" sizes=\"auto, (max-width: 683px) 100vw, 683px\" \/><\/figure>\n\n\n\n<p>Las comisiones de Juntas Electorales y Partidos, Agrupaciones y Movimientos Pol\u00edticos, coordinadas por el miembro titular Samir Rafael Chami Isa, trabajan simult\u00e1neamente para recibir las propuestas de los aspirantes a miembros de las 162 Juntas Electorales a nivel nacional y las 23 del exterior.<\/p>\n\n\n\n<p>La JCE estableci\u00f3 un cronograma de actividades en diferentes localidades, con el objetivo de fomentar la inclusi\u00f3n y la diversidad en la selecci\u00f3n de los miembros que desempe\u00f1ar\u00e1n un papel crucial en el proceso electoral.<\/p>\n\n\n\n<p>Rom\u00e1n Andr\u00e9s J\u00e1quez Liranzo destac\u00f3 la importancia de contar con personas comprometidas y capacitadas en las Juntas Electorales, para garantizar un proceso electoral justo y transparente.<\/p>\n\n\n\n<figure class=\"wp-block-image size-large\"><img loading=\"lazy\" decoding=\"async\" width=\"1024\" height=\"682\" src=\"https:\/\/diariodominicano.com\/wp-content\/uploads\/2025\/09\/JCE-Conf.-09-1024x682.jpeg\" alt=\"\" class=\"wp-image-636764\" srcset=\"https:\/\/diariodominicano.com\/wp-content\/uploads\/2025\/09\/JCE-Conf.-09-1024x682.jpeg 1024w, https:\/\/diariodominicano.com\/wp-content\/uploads\/2025\/09\/JCE-Conf.-09-300x200.jpeg 300w, https:\/\/diariodominicano.com\/wp-content\/uploads\/2025\/09\/JCE-Conf.-09-768x512.jpeg 768w, https:\/\/diariodominicano.com\/wp-content\/uploads\/2025\/09\/JCE-Conf.-09-816x544.jpeg 816w, https:\/\/diariodominicano.com\/wp-content\/uploads\/2025\/09\/JCE-Conf.-09.jpeg 1280w\" sizes=\"auto, (max-width: 1024px) 100vw, 1024px\" \/><\/figure>\n\n\n\n<p>&nbsp;El presidente del \u00f3rgano electoral resalt\u00f3 que una novedad es que en la reestructuraci\u00f3n de la Junta Electoral de Santiago se ampl\u00edan los miembros titulares de 3 a 5 por mandato de la Ley 20-23, que establece dicha ampliaci\u00f3n a partir de los mil colegios electorales por municipio.<\/p>\n\n\n\n<p>Reiter\u00f3 que a la hora de seleccionar estos miembros el Pleno de la JCE se basa en los principios rectores del proceso electoral, fundamentalmente en cuatro: la participaci\u00f3n, la proparticipaci\u00f3n, la inclusi\u00f3n y el inter\u00e9s nacional.<\/p>\n\n\n\n<figure class=\"wp-block-image size-large\"><img loading=\"lazy\" decoding=\"async\" width=\"1024\" height=\"683\" src=\"https:\/\/diariodominicano.com\/wp-content\/uploads\/2025\/09\/Conf.-12-1024x683.jpeg\" alt=\"\" class=\"wp-image-636766\" srcset=\"https:\/\/diariodominicano.com\/wp-content\/uploads\/2025\/09\/Conf.-12-1024x683.jpeg 1024w, https:\/\/diariodominicano.com\/wp-content\/uploads\/2025\/09\/Conf.-12-300x200.jpeg 300w, https:\/\/diariodominicano.com\/wp-content\/uploads\/2025\/09\/Conf.-12-768x512.jpeg 768w, https:\/\/diariodominicano.com\/wp-content\/uploads\/2025\/09\/Conf.-12-1536x1024.jpeg 1536w, https:\/\/diariodominicano.com\/wp-content\/uploads\/2025\/09\/Conf.-12-816x544.jpeg 816w, https:\/\/diariodominicano.com\/wp-content\/uploads\/2025\/09\/Conf.-12.jpeg 1599w\" sizes=\"auto, (max-width: 1024px) 100vw, 1024px\" \/><\/figure>\n\n\n\n<p>De igual forma, destac\u00f3 las cualidades que complementan estos principios, se\u00f1alando la legitimidad, capacidad cognitiva, administrativa y de justicia; as\u00ed como independencia, confianza, transparencia y trabajo en equipo.<\/p>\n\n\n\n<p>Inst\u00f3 a la ciudadan\u00eda a seguir participando y a presentar sus propuestas, destacando que la din\u00e1mica ha ido en aumento en comparaci\u00f3n con el anterior per\u00edodo de reestructuraci\u00f3n de Juntas Electorales.\u00a0\u00a0\u00a0\u00a0\u00a0\u00a0\u00a0\u00a0\u00a0\u00a0\u00a0\u00a0<\/p>\n\n\n\n<p>En tanto que el miembro titular Samir Chami Isa expres\u00f3 que la recepci\u00f3n de propuestas, no solo es una muestra de compromiso democr\u00e1tico con la ciudadan\u00eda dominicana, sino tambi\u00e9n una garant\u00eda para procesos electorales libres, justos y transparentes.<\/p>\n\n\n\n<p>Chami Isa tambi\u00e9n destac\u00f3 la participaci\u00f3n de 74 ciudadanos y ciudadanas en la apertura de esta convocatoria para el municipio de Santiago, de los cuales un 45 por ciento son mujeres; 30 participantes en La Vega, de los cuales un 73 por ciento son mujeres; y finalmente, en San Francisco de Macor\u00eds, 30 candidatos y candidatas, de los cuales un 28 por ciento son mujeres.<\/p>\n\n\n\n<p>Indic\u00f3 que la recepci\u00f3n de nuevas propuestas se extender\u00e1 durante los siguientes 5 d\u00edas h\u00e1biles en los tres municipios y que pueden hacerse a trav\u00e9s de la p\u00e1gina web oficial de la JCE o directamente en la Junta Electoral correspondiente.<\/p>\n\n\n\n<figure class=\"wp-block-image size-large\"><img loading=\"lazy\" decoding=\"async\" width=\"1024\" height=\"683\" src=\"https:\/\/diariodominicano.com\/wp-content\/uploads\/2025\/09\/Conf.-19-1024x683.jpeg\" alt=\"\" class=\"wp-image-636770\" srcset=\"https:\/\/diariodominicano.com\/wp-content\/uploads\/2025\/09\/Conf.-19-1024x683.jpeg 1024w, https:\/\/diariodominicano.com\/wp-content\/uploads\/2025\/09\/Conf.-19-300x200.jpeg 300w, https:\/\/diariodominicano.com\/wp-content\/uploads\/2025\/09\/Conf.-19-768x512.jpeg 768w, https:\/\/diariodominicano.com\/wp-content\/uploads\/2025\/09\/Conf.-19-1536x1024.jpeg 1536w, https:\/\/diariodominicano.com\/wp-content\/uploads\/2025\/09\/Conf.-19-816x544.jpeg 816w, https:\/\/diariodominicano.com\/wp-content\/uploads\/2025\/09\/Conf.-19.jpeg 1599w\" sizes=\"auto, (max-width: 1024px) 100vw, 1024px\" \/><\/figure>\n\n\n\n<p>Por su parte, Dolores Fern\u00e1ndez, defini\u00f3 el proceso como uno de los m\u00e1s importantes del ciclo electoral, a la vez que resalt\u00f3 la participaci\u00f3n activa de la mujer, con una representaci\u00f3n de alrededor de un 50 por ciento.<\/p>\n\n\n\n<figure class=\"wp-block-image size-large\"><img loading=\"lazy\" decoding=\"async\" width=\"682\" height=\"1024\" src=\"https:\/\/diariodominicano.com\/wp-content\/uploads\/2025\/09\/Dolores-Fernandez-00-682x1024.jpeg\" alt=\"\" class=\"wp-image-636772\" srcset=\"https:\/\/diariodominicano.com\/wp-content\/uploads\/2025\/09\/Dolores-Fernandez-00-682x1024.jpeg 682w, https:\/\/diariodominicano.com\/wp-content\/uploads\/2025\/09\/Dolores-Fernandez-00-200x300.jpeg 200w, https:\/\/diariodominicano.com\/wp-content\/uploads\/2025\/09\/Dolores-Fernandez-00-768x1152.jpeg 768w, https:\/\/diariodominicano.com\/wp-content\/uploads\/2025\/09\/Dolores-Fernandez-00-816x1224.jpeg 816w, https:\/\/diariodominicano.com\/wp-content\/uploads\/2025\/09\/Dolores-Fernandez-00.jpeg 853w\" sizes=\"auto, (max-width: 682px) 100vw, 682px\" \/><\/figure>\n\n\n\n<p>Fern\u00e1ndez agradeci\u00f3 a los presentes por acudir al llamado de la JCE, destacando la importancia de la valoraci\u00f3n que ha tenido la sociedad, como resultado del trabajo que han hecho las Juntas Electorales y reiter\u00f3 el compromiso del Pleno con procesos electorales transparentes, eficientes, hechos en libertad, en equidad e inclusi\u00f3n.<\/p>\n\n\n\n<p>La JCE realiz\u00f3 de manera simult\u00e1nea esta jornada en otras localidades del pa\u00eds, como Pepillo Salcedo, Las Matas de Santa Cruz, San Jos\u00e9 de las Matas, J\u00e1nico, La Descubierta, Postrer R\u00edo, Casta\u00f1uelas, Villa V\u00e1squez, Sabana Iglesia, Baitoa, Los R\u00edos Y Villa Jaragua.<\/p>\n\n\n\n<p>Las jornadas de recepci\u00f3n de propuestas de candidatos a conformar las nuevas autoridades de Juntas Electorales continuar\u00e1n desarroll\u00e1ndose a nivel nacional e internacional.<\/p>\n\n\n\n<p>Comunicaciones JCE<\/p>\n\n\n\n<p><a target=\"_blank\" href=\"mailto:Comunicaciones@jce.do\" rel=\"noreferrer noopener\">Comunicaciones@jce.do<\/a><\/p>\n\n\n\n<p>Direcci\u00f3n de Comunicaciones<\/p>\n\n\n\n<p>5 de septiembre de 2025<\/p>\n\n\n\n<p>#JCE\u2003\u2003\u2003\u2002#Santiago\u2003\u2003#La Vega y SFM<\/p>\n","protected":false},"excerpt":{"rendered":"<p>La actividad fue encabezada por el presidente de la JCE, Rom\u00e1n Andr\u00e9s J\u00e1quez Liranzo, junto a los miembros titulares Dolores Fern\u00e1ndez S\u00e1nchez, Samir Chami Isa, Hirayda Fern\u00e1ndez Guzm\u00e1n y Rafael Armando Vallejo Santelises. El presidente de la JCE, Rom\u00e1n Andr\u00e9s J\u00e1quez Liranzo, junto a los miembros titulares Dolores Fern\u00e1ndez S\u00e1nchez, Samir Chami Isa, Hirayda Fern\u00e1ndez [&hellip;]<\/p>\n","protected":false},"author":2,"featured_media":636755,"comment_status":"closed","ping_status":"closed","sticky":false,"template":"","format":"standard","meta":{"footnotes":""},"categories":[20,22,27],"tags":[],"class_list":["post-636754","post","type-post","status-publish","format-standard","has-post-thumbnail","hentry","category-dominicana-hoy","category-politica","category-portada"],"_links":{"self":[{"href":"https:\/\/diariodominicano.com\/index.php?rest_route=\/wp\/v2\/posts\/636754","targetHints":{"allow":["GET"]}}],"collection":[{"href":"https:\/\/diariodominicano.com\/index.php?rest_route=\/wp\/v2\/posts"}],"about":[{"href":"https:\/\/diariodominicano.com\/index.php?rest_route=\/wp\/v2\/types\/post"}],"author":[{"embeddable":true,"href":"https:\/\/diariodominicano.com\/index.php?rest_route=\/wp\/v2\/users\/2"}],"replies":[{"embeddable":true,"href":"https:\/\/diariodominicano.com\/index.php?rest_route=%2Fwp%2Fv2%2Fcomments&post=636754"}],"version-history":[{"count":6,"href":"https:\/\/diariodominicano.com\/index.php?rest_route=\/wp\/v2\/posts\/636754\/revisions"}],"predecessor-version":[{"id":636773,"href":"https:\/\/diariodominicano.com\/index.php?rest_route=\/wp\/v2\/posts\/636754\/revisions\/636773"}],"wp:featuredmedia":[{"embeddable":true,"href":"https:\/\/diariodominicano.com\/index.php?rest_route=\/wp\/v2\/media\/636755"}],"wp:attachment":[{"href":"https:\/\/diariodominicano.com\/index.php?rest_route=%2Fwp%2Fv2%2Fmedia&parent=636754"}],"wp:term":[{"taxonomy":"category","embeddable":true,"href":"https:\/\/diariodominicano.com\/index.php?rest_route=%2Fwp%2Fv2%2Fcategories&post=636754"},{"taxonomy":"post_tag","embeddable":true,"href":"https:\/\/diariodominicano.com\/index.php?rest_route=%2Fwp%2Fv2%2Ftags&post=636754"}],"curies":[{"name":"wp","href":"https:\/\/api.w.org\/{rel}","templated":true}]}}