{"id":636746,"date":"2025-09-07T01:03:32","date_gmt":"2025-09-07T05:03:32","guid":{"rendered":"https:\/\/diariodominicano.com\/?p=636746"},"modified":"2025-09-07T01:08:12","modified_gmt":"2025-09-07T05:08:12","slug":"rd-enfrentara-a-uruguay-en-septiembre","status":"publish","type":"post","link":"https:\/\/diariodominicano.com\/?p=636746","title":{"rendered":"RD enfrentar\u00e1 a Uruguay en septiembre"},"content":{"rendered":"\n<p>SANTO DOMINGO.- La Selecci\u00f3n Dominicana de F\u00fatbol enfrentar\u00e1 al combinado nacional de Uruguay el pr\u00f3ximo 10 de octubre de 2025 en Kuala Lumpur, Malasia. El partido de car\u00e1cter amistoso fue oficializado por la Federaci\u00f3n Dominicana de F\u00fatbol y la Asociaci\u00f3n Uruguaya de F\u00fatbol.<\/p>\n\n\n\n<p>Ser\u00e1 un compromiso de alt\u00edsimo nivel para Rep\u00fablica Dominicana en el que podr\u00e1 medirse a la bicampeona mundial y ol\u00edmpica selecci\u00f3n celeste.<\/p>\n\n\n\n<p>A\u00fan faltan por definir el estadio y horario, pero ya el duelo est\u00e1 pactado entre la FDF y la AUF.<\/p>\n\n\n\n<p>Para la Selecci\u00f3n Dominicana representar\u00e1 enfrentar a otra selecci\u00f3n mundialista por fechas FIFA consecutivas luego del partido ante Jordania, en medio de las dificultades para conseguir rivales de alto nivel a los que se les pueda sacar el mayor provecho.<\/p>\n\n\n\n<p>El elenco quisqueyano adem\u00e1s aprovecha estos desaf\u00edos para evaluar nuevos jugadores que se suman al proceso de selecci\u00f3n de cara a pr\u00f3ximos compromisos tales como: Juegos Deportivos Centroamericanos y del Caribe Santo Domingo 2026, Liga de Naciones de Concacaf 2026; eventos en los que se buscar\u00e1n respectivamente los boletos a los Juegos Panamericanos Lima y Copa Oro de Concacaf en 2027.<\/p>\n\n\n\n<p>La parte gerencial que conduce la Comisi\u00f3n de Selecciones Nacionales de la FDF contin\u00faa sumando esfuerzos sin precedentes en procura de conseguir la estabilidad y solidez deportiva que la Selecci\u00f3n Dominicana requiere para competir al m\u00e1s alto nivel de la zona Concacaf.<\/p>\n\n\n\n<p>Fedofutbol Prensa <a href=\"mailto:fedofutbolprensa2019@gmail.com\">fedofutbolprensa2019@gmail.com<\/a><\/p>\n","protected":false},"excerpt":{"rendered":"<p>SANTO DOMINGO.- La Selecci\u00f3n Dominicana de F\u00fatbol enfrentar\u00e1 al combinado nacional de Uruguay el pr\u00f3ximo 10 de octubre de 2025 en Kuala Lumpur, Malasia. El partido de car\u00e1cter amistoso fue oficializado por la Federaci\u00f3n Dominicana de F\u00fatbol y la Asociaci\u00f3n Uruguaya de F\u00fatbol. Ser\u00e1 un compromiso de alt\u00edsimo nivel para Rep\u00fablica Dominicana en el que [&hellip;]<\/p>\n","protected":false},"author":7,"featured_media":636807,"comment_status":"closed","ping_status":"closed","sticky":false,"template":"","format":"standard","meta":{"footnotes":""},"categories":[17],"tags":[1532],"class_list":["post-636746","post","type-post","status-publish","format-standard","has-post-thumbnail","hentry","category-deportes","tag-fedofutbol"],"_links":{"self":[{"href":"https:\/\/diariodominicano.com\/index.php?rest_route=\/wp\/v2\/posts\/636746","targetHints":{"allow":["GET"]}}],"collection":[{"href":"https:\/\/diariodominicano.com\/index.php?rest_route=\/wp\/v2\/posts"}],"about":[{"href":"https:\/\/diariodominicano.com\/index.php?rest_route=\/wp\/v2\/types\/post"}],"author":[{"embeddable":true,"href":"https:\/\/diariodominicano.com\/index.php?rest_route=\/wp\/v2\/users\/7"}],"replies":[{"embeddable":true,"href":"https:\/\/diariodominicano.com\/index.php?rest_route=%2Fwp%2Fv2%2Fcomments&post=636746"}],"version-history":[{"count":1,"href":"https:\/\/diariodominicano.com\/index.php?rest_route=\/wp\/v2\/posts\/636746\/revisions"}],"predecessor-version":[{"id":636809,"href":"https:\/\/diariodominicano.com\/index.php?rest_route=\/wp\/v2\/posts\/636746\/revisions\/636809"}],"wp:featuredmedia":[{"embeddable":true,"href":"https:\/\/diariodominicano.com\/index.php?rest_route=\/wp\/v2\/media\/636807"}],"wp:attachment":[{"href":"https:\/\/diariodominicano.com\/index.php?rest_route=%2Fwp%2Fv2%2Fmedia&parent=636746"}],"wp:term":[{"taxonomy":"category","embeddable":true,"href":"https:\/\/diariodominicano.com\/index.php?rest_route=%2Fwp%2Fv2%2Fcategories&post=636746"},{"taxonomy":"post_tag","embeddable":true,"href":"https:\/\/diariodominicano.com\/index.php?rest_route=%2Fwp%2Fv2%2Ftags&post=636746"}],"curies":[{"name":"wp","href":"https:\/\/api.w.org\/{rel}","templated":true}]}}