{"id":636669,"date":"2025-09-06T03:27:22","date_gmt":"2025-09-06T07:27:22","guid":{"rendered":"https:\/\/diariodominicano.com\/?p=636669"},"modified":"2025-09-06T03:27:29","modified_gmt":"2025-09-06T07:27:29","slug":"candido-geron-en-la-cultura-dominicana","status":"publish","type":"post","link":"https:\/\/diariodominicano.com\/?p=636669","title":{"rendered":"C\u00c1NDIDO GER\u00d3N EN LA CULTURA DOMINICANA"},"content":{"rendered":"\n<p><strong>Por Te\u00f3filo Lappot Robles<\/strong><\/p>\n\n\n\n<p><strong>C\u00e1ndido Ger\u00f3n, uno de los ilustres se\u00f1ores de la cultura dominicana, nacido hace 77 a\u00f1os en San Crist\u00f3bal, tiene bien ganado un sitial de honor en el parnaso nacional. \u00c9l ha logrado construir un camino cargado de aportes significativos en un medio donde es m\u00e1s f\u00e1cil subir cuestas empinadas cargando cajas llenas de piedras.<\/strong><\/p>\n\n\n\n<p><strong>En el morral de su provechosa vida lleva su condici\u00f3n de ensayista, bi\u00f3grafo, periodista, poeta, novelista, editor, historiador del arte dominicano en diversas manifestaciones, ant\u00f3logo, ex\u00e9geta literario, escritor de gran calado y diplom\u00e1tico. Su rol como director de la Biblioteca Nacional fue extraordinario, dejando huellas fecundas en la misma.<\/strong><\/p>\n\n\n\n<figure class=\"wp-block-image\"><img decoding=\"async\" src=\"https:\/\/diariodominicano.com\/wp-content\/uploads\/2025\/09\/Candido-Geron-1024x576.jpg\" alt=\"\"\/><\/figure>\n\n\n\n<p><strong>\u00c9l condensa en su quehacer intelectual una conjunci\u00f3n de temas que son inmanentes a la cultura nacional. Por eso cuando fue embajador del pa\u00eds en Francia y M\u00e9xico, as\u00ed como delegado ante la Organizaci\u00f3n de las Naciones Unidas para la Educaci\u00f3n, la Ciencia y la Cultura dej\u00f3 una estela de admiraci\u00f3n por su acervo cultural. Es un pensador de gran envergadura que ni siquiera su proverbial humildad puede ocultar.&nbsp;<\/strong><\/p>\n\n\n\n<p><strong>Cuando uno conversa con C\u00e1ndido Ger\u00f3n es como sumergirse en un manantial del cual brotan sorprendentes y m\u00faltiples conocimientos que fluyen con naturalidad de su prodigioso discernimiento, adem\u00e1s de la exquisitez de su trato. Sus reflexiones sobre cultura en general lo retratan como un gran semi\u00f3tico; condici\u00f3n poco frecuente entre nosotros.<\/strong><\/p>\n\n\n\n<p><strong>Sus obras se afincan en la base fiable de sus elevados conocimientos enfilados a desentra\u00f1ar lo mejor de cada tema que aborda. El eximio C\u00e1ndido Ger\u00f3n es, a mi juicio, como un cisne blanco en medio del secadal de los apuros educativos de la sociedad dominicana.<\/strong><\/p>\n\n\n\n<p><strong>Leyendo el conjunto de su variada producci\u00f3n intelectual se comprueba, sin necesidad de utilizar el escalpelo de la cr\u00edtica, que \u00e9l domina a plenitud la t\u00e9cnica de la escritura en diversos aspectos. Sus ideas las adorna con la musicalidad de la verdad y con la fuerza de su convicci\u00f3n anclada en los valores humanos, m\u00e1s all\u00e1 de los avatares comunes a la cotidianidad.&nbsp;<\/strong><\/p>\n\n\n\n<p><strong>Su repertorio como escritor abarca veinte obras de poes\u00eda, en las cuales sobresalen en su literalidad la belleza de cautivantes im\u00e1genes y en la intencionalidad del autor se observa una clara inclinaci\u00f3n hacia temas filos\u00f3ficos y psicol\u00f3gicos.<\/strong><\/p>\n\n\n\n<p><strong>Como narrador ha publicado varias obras de gran calado, que perdurar\u00e1n a trav\u00e9s del tiempo como las joyas buriladas en metales nobles. En el pr\u00f3logo de una de ellas (titulada Morgan) el poeta, novelista, pianista y cr\u00edtico literario montecriste\u00f1o Manuel Rueda Gonz\u00e1lez escribi\u00f3 en el 1998, meses antes de morir, que: \u201cC\u00e1ndido Ger\u00f3n es un trabajador incansable de la cultura. Ninguna disciplina le es ajena\u2026Estamos ante un caso original, de gran calidad\u2026Ya podemos decir que C\u00e1ndido Ger\u00f3n es un narrador importante\u201d.<\/strong><\/p>\n\n\n\n<p><strong>En sus libros de no ficci\u00f3n (en los que emergen su condici\u00f3n de humanista) hay que destacar que ha escrito y publicado m\u00e1s de diez ensayos, entre ellos sobre personalidades como el fil\u00f3sofo y ensayista espa\u00f1ol Jos\u00e9 Ortega y Gasset; el fil\u00f3logo, jurista y poeta venezolano Andr\u00e9s Bello y los pol\u00edticos y escritores dominicanos Manuel A. Pe\u00f1a Batlle, Juan Bosch y Joaqu\u00edn Balaguer. Analiz\u00f3 tambi\u00e9n la par\u00e1bola vital del caudillo pol\u00edtico y hombre de armas montecriste\u00f1o Desiderio Arias \u00c1lvarez, cuyo atosigamiento a varios gobiernos fue usado como uno de los alegatos de los EE.UU. para invadir (1916-1924) el pa\u00eds.&nbsp;<\/strong><\/p>\n\n\n\n<p><strong>Su biograf\u00eda tem\u00e1tica sobre el c\u00e9lebre pol\u00edmata argentino Jorge Luis Borges (cuya segunda edici\u00f3n corresponde a marzo de este 2025) merece analizarse en escuelas, centros acad\u00e9micos, cen\u00e1culos y tertulias de muchos lugares del mundo, por la profundidad de sus juicios.<\/strong><\/p>\n\n\n\n<p><strong>Tiene en su haber, adem\u00e1s, la autor\u00eda de m\u00e1s de cinco biograf\u00edas, siendo de las m\u00e1s impactantes las que escribi\u00f3 sobre el padre de la patria Juan Pablo Duarte, el pol\u00edtico y orador dominicano Jos\u00e9 Francisco Pe\u00f1a G\u00f3mez y el empresario y mecenas cultural de origen espa\u00f1ol Juan Jos\u00e9 Bellapart.<\/strong><\/p>\n\n\n\n<p><strong>C\u00e1ndido Ger\u00f3n tambi\u00e9n es lexic\u00f3grafo. En esa faceta del poliedro de su vida intelectual escribi\u00f3 un diccionario de autores y otro de pol\u00edticos dominicanos que se han convertido en referencias obligadas para los investigadores de las letras y de la pol\u00edtica nacionales.<\/strong><\/p>\n\n\n\n<p><strong>Ha publicado varios libros sobre cuestiones de nuestra historia, uno de ellos titulado Sabana de los muertos, con una amplia descripci\u00f3n del pasado de la comunidad de Villa Altagracia, donde fue corresponsal period\u00edstico en sus a\u00f1os mozos. En otro trata acerca de espionaje e inteligencia militar, con un radio de acci\u00f3n que cubre desde el 1822 hasta lo que va de este siglo. Uno de ellos recoge gran parte de la historia de la milicia en Santo Domingo, desde el 1773 hasta el 2013.<\/strong><\/p>\n\n\n\n<p><strong>En su infatigable labor de resaltar a personajes fascinantes de la cultura dominicana compil\u00f3 una considerable parte de los libros, cartas, conferencias, art\u00edculos, etc. de los hermanos Pedro y Max Henr\u00edquez Ure\u00f1a y de otros autores nacionales que han sido productivos en el cautivante mundo de las letras.<\/strong><\/p>\n\n\n\n<p><strong>En la novena edici\u00f3n de su cl\u00e1sica obra Enciclopedia de las artes visuales dominicanas (1844-2024) y en la primera edici\u00f3n (2022) de \u201cGrandes maestros de la pintura dominicana con proyecci\u00f3n internacional\u201d Ger\u00f3n demuestra su profundo conocimiento sobre las sobresalientes condiciones de artistas como Jaime Colson, Ram\u00f3n Oviedo, Ada Balc\u00e1cer, Domingo Liz, Clara Ledesma, Iv\u00e1n Tovar, Elsa N\u00fa\u00f1ez, Guillo P\u00e9rez, Gilberto Hern\u00e1ndez Ortega, Fernando Pe\u00f1a Defill\u00f3, Dar\u00edo Suro, Jos\u00e9 Rinc\u00f3n Mora, Alberto Ulloa y otros no menos importantes.<\/strong><\/p>\n\n\n\n<p><strong>En su imparable carrera intelectual ha sido ganador de los Premios Nacionales de Did\u00e1ctica y de Poes\u00eda. El 13 de diciembre del 2016 fue recibido como miembro correspondiente en la Academia Dominicana de la Lengua.<\/strong><\/p>\n\n\n\n<p><strong>En palabras simples afirmo que C\u00e1ndido Ger\u00f3n es un orgullo para la Rep\u00fablica Dominicana, especialmente en esta etapa en que tanto humo de paja se esparce por toda la geograf\u00eda nacional, con personajes funambulescos que aparentan ser lo que no son, en medio de una suerte de baile de m\u00e1scaras.<\/strong><\/p>\n\n\n\n<p><strong>Teofilo Lappot <a href=\"mailto:teofilolappot@gmail.com\">teofilolappot@gmail.com<\/a><\/strong><\/p>\n","protected":false},"excerpt":{"rendered":"<p>Por Te\u00f3filo Lappot Robles C\u00e1ndido Ger\u00f3n, uno de los ilustres se\u00f1ores de la cultura dominicana, nacido hace 77 a\u00f1os en San Crist\u00f3bal, tiene bien ganado un sitial de honor en el parnaso nacional. \u00c9l ha logrado construir un camino cargado de aportes significativos en un medio donde es m\u00e1s f\u00e1cil subir cuestas empinadas cargando cajas [&hellip;]<\/p>\n","protected":false},"author":7,"featured_media":525185,"comment_status":"closed","ping_status":"closed","sticky":true,"template":"","format":"standard","meta":{"footnotes":""},"categories":[21,27],"tags":[3120,177],"class_list":["post-636669","post","type-post","status-publish","format-standard","has-post-thumbnail","hentry","category-cultura","category-portada","tag-candido-geron","tag-teofilo-lappot-robles"],"_links":{"self":[{"href":"https:\/\/diariodominicano.com\/index.php?rest_route=\/wp\/v2\/posts\/636669","targetHints":{"allow":["GET"]}}],"collection":[{"href":"https:\/\/diariodominicano.com\/index.php?rest_route=\/wp\/v2\/posts"}],"about":[{"href":"https:\/\/diariodominicano.com\/index.php?rest_route=\/wp\/v2\/types\/post"}],"author":[{"embeddable":true,"href":"https:\/\/diariodominicano.com\/index.php?rest_route=\/wp\/v2\/users\/7"}],"replies":[{"embeddable":true,"href":"https:\/\/diariodominicano.com\/index.php?rest_route=%2Fwp%2Fv2%2Fcomments&post=636669"}],"version-history":[{"count":1,"href":"https:\/\/diariodominicano.com\/index.php?rest_route=\/wp\/v2\/posts\/636669\/revisions"}],"predecessor-version":[{"id":636684,"href":"https:\/\/diariodominicano.com\/index.php?rest_route=\/wp\/v2\/posts\/636669\/revisions\/636684"}],"wp:featuredmedia":[{"embeddable":true,"href":"https:\/\/diariodominicano.com\/index.php?rest_route=\/wp\/v2\/media\/525185"}],"wp:attachment":[{"href":"https:\/\/diariodominicano.com\/index.php?rest_route=%2Fwp%2Fv2%2Fmedia&parent=636669"}],"wp:term":[{"taxonomy":"category","embeddable":true,"href":"https:\/\/diariodominicano.com\/index.php?rest_route=%2Fwp%2Fv2%2Fcategories&post=636669"},{"taxonomy":"post_tag","embeddable":true,"href":"https:\/\/diariodominicano.com\/index.php?rest_route=%2Fwp%2Fv2%2Ftags&post=636669"}],"curies":[{"name":"wp","href":"https:\/\/api.w.org\/{rel}","templated":true}]}}